{"id":15026,"date":"2021-08-03T22:48:20","date_gmt":"2021-08-04T03:48:20","guid":{"rendered":"https:\/\/thepueblatimes.mx\/?p=15026"},"modified":"2021-08-03T22:48:20","modified_gmt":"2021-08-04T03:48:20","slug":"roban-cables-subterraneo-en-obras-recien-ejecutadas-en-tehuacan","status":"publish","type":"post","link":"https:\/\/thepueblatimes.mx\/index.php\/2021\/08\/03\/roban-cables-subterraneo-en-obras-recien-ejecutadas-en-tehuacan\/","title":{"rendered":"Roban cables subterr\u00e1neo en obras reci\u00e9n ejecutadas en Tehuac\u00e1n"},"content":{"rendered":"<p>Tehuac\u00e1n, Pue.- <strong>Ante el robo de cableado subterr\u00e1neo que se ha registrado en obras que fueron ejecutadas recientemente en Tehuac\u00e1n, autoridades municipales se encuentran solicitando a\u00a0la ciudadan\u00eda,<\/strong> que reporten estos hechos para que puedan actuar legalmente en contra de los responsables.<\/p>\n<p>Acusaron que sujetos que se hacen pasar por empleados municipales de la direcci\u00f3n de Obras P\u00fablicas o de empresas constructoras, son lo que han estado realizando excavaciones sin permiso en las obras reci\u00e9n ejecutadas para robar el cableado subterr\u00e1neo, da\u00f1ando no solo las vialidades, sino est\u00e1n provocando que las calles se queden sin alumbrado p\u00fablico.<\/p>\n<p>Expresaron que los responsables de estos hechos est\u00e1n cometiendo delitos de robo y ataques a las v\u00edas de comunicaci\u00f3n, por lo que en caso de ser sorprendidos se proceder\u00e1 penalmente en contra de ellos.<\/p>\n<p>Asimismo, se est\u00e1 exhortando a la ciudadan\u00eda a no comercializar el cableado de manera informal, ya que la venta o adquisici\u00f3n de bienes sin asegurarse de su leg\u00edtima precedencia tambi\u00e9n es sancionado y se proceder\u00e1 penalmente en contra de las personas que sean detectadas, de\u00a0acuerdo a lo que disponen los art\u00edculos 187, 373, 376 fracci\u00f3n III del C\u00f3digo Penal para el Estado de Puebla.<\/p>\n<p>Las obras en donde se ha realizado el robo de este cableado son las que se han recientemente inaugurado, siendo estas, el Parque de la colonia Benito Ju\u00e1rez, el parque de Skatebording, la Carretera Federal Puebla-Tehuac\u00e1n a la altura del Centro Integral de Servicios, entre otros.<\/p>\n","protected":false},"excerpt":{"rendered":"<p>Tehuac\u00e1n, Pue.- Ante el robo de cableado subterr\u00e1neo que se ha registrado en obras que fueron ejecutadas recientemente en Tehuac\u00e1n, autoridades municipales se encuentran solicitando a\u00a0la ciudadan\u00eda, que reporten estos hechos para que puedan actuar legalmente en contra de los responsables. Acusaron que sujetos que se hacen pasar por empleados municipales de la direcci\u00f3n de&#8230;<\/p>\n","protected":false},"author":15,"featured_media":15027,"comment_status":"open","ping_status":"open","sticky":false,"template":"","format":"standard","meta":[],"categories":[20],"tags":[49],"yoast_head":"<!-- This site is optimized with the Yoast SEO plugin v20.8 - https:\/\/yoast.com\/wordpress\/plugins\/seo\/ -->\n<title>Roban cables subterr\u00e1neo en obras reci\u00e9n ejecutadas en Tehuac\u00e1n - The Puebla Times<\/title>\n<meta name=\"robots\" content=\"index, follow, max-snippet:-1, max-image-preview:large, max-video-preview:-1\" \/>\n<link rel=\"canonical\" href=\"https:\/\/thepueblatimes.mx\/index.php\/2021\/08\/03\/roban-cables-subterraneo-en-obras-recien-ejecutadas-en-tehuacan\/\" \/>\n<meta property=\"og:locale\" content=\"es_ES\" \/>\n<meta property=\"og:type\" content=\"article\" \/>\n<meta property=\"og:title\" content=\"Roban cables subterr\u00e1neo en obras reci\u00e9n ejecutadas en Tehuac\u00e1n - The Puebla Times\" \/>\n<meta property=\"og:description\" content=\"Tehuac\u00e1n, Pue.- Ante el robo de cableado subterr\u00e1neo que se ha registrado en obras que fueron ejecutadas recientemente en Tehuac\u00e1n, autoridades municipales se encuentran solicitando a\u00a0la ciudadan\u00eda, que reporten estos hechos para que puedan actuar legalmente en contra de los responsables. Acusaron que sujetos que se hacen pasar por empleados municipales de la direcci\u00f3n de...\" \/>\n<meta property=\"og:url\" content=\"https:\/\/thepueblatimes.mx\/index.php\/2021\/08\/03\/roban-cables-subterraneo-en-obras-recien-ejecutadas-en-tehuacan\/\" \/>\n<meta property=\"og:site_name\" content=\"The Puebla Times\" \/>\n<meta property=\"article:published_time\" content=\"2021-08-04T03:48:20+00:00\" \/>\n<meta property=\"og:image\" content=\"https:\/\/thepueblatimes.mx\/wp-content\/uploads\/2021\/08\/9B782D82-296C-4782-A857-45FC35F8A5D9.jpeg\" \/>\n\t<meta property=\"og:image:width\" content=\"960\" \/>\n\t<meta property=\"og:image:height\" content=\"540\" \/>\n\t<meta property=\"og:image:type\" content=\"image\/jpeg\" \/>\n<meta name=\"author\" content=\"Francisco S\u00e1nchez Nolasco\" \/>\n<meta name=\"twitter:card\" content=\"summary_large_image\" \/>\n<meta name=\"twitter:label1\" content=\"Escrito por\" \/>\n\t<meta name=\"twitter:data1\" content=\"Francisco S\u00e1nchez Nolasco\" \/>\n\t<meta name=\"twitter:label2\" content=\"Tiempo de lectura\" \/>\n\t<meta name=\"twitter:data2\" content=\"1 minuto\" \/>\n<script type=\"application\/ld+json\" class=\"yoast-schema-graph\">{\"@context\":\"https:\/\/schema.org\",\"@graph\":[{\"@type\":\"WebPage\",\"@id\":\"https:\/\/thepueblatimes.mx\/index.php\/2021\/08\/03\/roban-cables-subterraneo-en-obras-recien-ejecutadas-en-tehuacan\/\",\"url\":\"https:\/\/thepueblatimes.mx\/index.php\/2021\/08\/03\/roban-cables-subterraneo-en-obras-recien-ejecutadas-en-tehuacan\/\",\"name\":\"Roban cables subterr\u00e1neo en obras reci\u00e9n ejecutadas en Tehuac\u00e1n - The Puebla Times\",\"isPartOf\":{\"@id\":\"https:\/\/thepueblatimes.mx\/#website\"},\"datePublished\":\"2021-08-04T03:48:20+00:00\",\"dateModified\":\"2021-08-04T03:48:20+00:00\",\"author\":{\"@id\":\"https:\/\/thepueblatimes.mx\/#\/schema\/person\/7bdf2adbc50078b104bba72b5612f774\"},\"breadcrumb\":{\"@id\":\"https:\/\/thepueblatimes.mx\/index.php\/2021\/08\/03\/roban-cables-subterraneo-en-obras-recien-ejecutadas-en-tehuacan\/#breadcrumb\"},\"inLanguage\":\"es\",\"potentialAction\":[{\"@type\":\"ReadAction\",\"target\":[\"https:\/\/thepueblatimes.mx\/index.php\/2021\/08\/03\/roban-cables-subterraneo-en-obras-recien-ejecutadas-en-tehuacan\/\"]}]},{\"@type\":\"BreadcrumbList\",\"@id\":\"https:\/\/thepueblatimes.mx\/index.php\/2021\/08\/03\/roban-cables-subterraneo-en-obras-recien-ejecutadas-en-tehuacan\/#breadcrumb\",\"itemListElement\":[{\"@type\":\"ListItem\",\"position\":1,\"name\":\"Portada\",\"item\":\"https:\/\/thepueblatimes.mx\/\"},{\"@type\":\"ListItem\",\"position\":2,\"name\":\"Roban cables subterr\u00e1neo en obras reci\u00e9n ejecutadas en Tehuac\u00e1n\"}]},{\"@type\":\"WebSite\",\"@id\":\"https:\/\/thepueblatimes.mx\/#website\",\"url\":\"https:\/\/thepueblatimes.mx\/\",\"name\":\"The Puebla Times\",\"description\":\"Noticias del Estado de Puebla\",\"potentialAction\":[{\"@type\":\"SearchAction\",\"target\":{\"@type\":\"EntryPoint\",\"urlTemplate\":\"https:\/\/thepueblatimes.mx\/?s={search_term_string}\"},\"query-input\":\"required name=search_term_string\"}],\"inLanguage\":\"es\"},{\"@type\":\"Person\",\"@id\":\"https:\/\/thepueblatimes.mx\/#\/schema\/person\/7bdf2adbc50078b104bba72b5612f774\",\"name\":\"Francisco S\u00e1nchez Nolasco\",\"image\":{\"@type\":\"ImageObject\",\"inLanguage\":\"es\",\"@id\":\"https:\/\/thepueblatimes.mx\/#\/schema\/person\/image\/\",\"url\":\"https:\/\/secure.gravatar.com\/avatar\/6061d7d20b38bc2742a5218401b198d2?s=96&d=mm&r=g\",\"contentUrl\":\"https:\/\/secure.gravatar.com\/avatar\/6061d7d20b38bc2742a5218401b198d2?s=96&d=mm&r=g\",\"caption\":\"Francisco S\u00e1nchez Nolasco\"},\"url\":\"https:\/\/thepueblatimes.mx\/index.php\/author\/marianitha-reyes\/\"}]}<\/script>\n<!-- \/ Yoast SEO plugin. -->","yoast_head_json":{"title":"Roban cables subterr\u00e1neo en obras reci\u00e9n ejecutadas en Tehuac\u00e1n - The Puebla Times","robots":{"index":"index","follow":"follow","max-snippet":"max-snippet:-1","max-image-preview":"max-image-preview:large","max-video-preview":"max-video-preview:-1"},"canonical":"https:\/\/thepueblatimes.mx\/index.php\/2021\/08\/03\/roban-cables-subterraneo-en-obras-recien-ejecutadas-en-tehuacan\/","og_locale":"es_ES","og_type":"article","og_title":"Roban cables subterr\u00e1neo en obras reci\u00e9n ejecutadas en Tehuac\u00e1n - The Puebla Times","og_description":"Tehuac\u00e1n, Pue.- Ante el robo de cableado subterr\u00e1neo que se ha registrado en obras que fueron ejecutadas recientemente en Tehuac\u00e1n, autoridades municipales se encuentran solicitando a\u00a0la ciudadan\u00eda, que reporten estos hechos para que puedan actuar legalmente en contra de los responsables. Acusaron que sujetos que se hacen pasar por empleados municipales de la direcci\u00f3n de...","og_url":"https:\/\/thepueblatimes.mx\/index.php\/2021\/08\/03\/roban-cables-subterraneo-en-obras-recien-ejecutadas-en-tehuacan\/","og_site_name":"The Puebla Times","article_published_time":"2021-08-04T03:48:20+00:00","og_image":[{"width":960,"height":540,"url":"https:\/\/thepueblatimes.mx\/wp-content\/uploads\/2021\/08\/9B782D82-296C-4782-A857-45FC35F8A5D9.jpeg","type":"image\/jpeg"}],"author":"Francisco S\u00e1nchez Nolasco","twitter_card":"summary_large_image","twitter_misc":{"Escrito por":"Francisco S\u00e1nchez Nolasco","Tiempo de lectura":"1 minuto"},"schema":{"@context":"https:\/\/schema.org","@graph":[{"@type":"WebPage","@id":"https:\/\/thepueblatimes.mx\/index.php\/2021\/08\/03\/roban-cables-subterraneo-en-obras-recien-ejecutadas-en-tehuacan\/","url":"https:\/\/thepueblatimes.mx\/index.php\/2021\/08\/03\/roban-cables-subterraneo-en-obras-recien-ejecutadas-en-tehuacan\/","name":"Roban cables subterr\u00e1neo en obras reci\u00e9n ejecutadas en Tehuac\u00e1n - The Puebla Times","isPartOf":{"@id":"https:\/\/thepueblatimes.mx\/#website"},"datePublished":"2021-08-04T03:48:20+00:00","dateModified":"2021-08-04T03:48:20+00:00","author":{"@id":"https:\/\/thepueblatimes.mx\/#\/schema\/person\/7bdf2adbc50078b104bba72b5612f774"},"breadcrumb":{"@id":"https:\/\/thepueblatimes.mx\/index.php\/2021\/08\/03\/roban-cables-subterraneo-en-obras-recien-ejecutadas-en-tehuacan\/#breadcrumb"},"inLanguage":"es","potentialAction":[{"@type":"ReadAction","target":["https:\/\/thepueblatimes.mx\/index.php\/2021\/08\/03\/roban-cables-subterraneo-en-obras-recien-ejecutadas-en-tehuacan\/"]}]},{"@type":"BreadcrumbList","@id":"https:\/\/thepueblatimes.mx\/index.php\/2021\/08\/03\/roban-cables-subterraneo-en-obras-recien-ejecutadas-en-tehuacan\/#breadcrumb","itemListElement":[{"@type":"ListItem","position":1,"name":"Portada","item":"https:\/\/thepueblatimes.mx\/"},{"@type":"ListItem","position":2,"name":"Roban cables subterr\u00e1neo en obras reci\u00e9n ejecutadas en Tehuac\u00e1n"}]},{"@type":"WebSite","@id":"https:\/\/thepueblatimes.mx\/#website","url":"https:\/\/thepueblatimes.mx\/","name":"The Puebla Times","description":"Noticias del Estado de Puebla","potentialAction":[{"@type":"SearchAction","target":{"@type":"EntryPoint","urlTemplate":"https:\/\/thepueblatimes.mx\/?s={search_term_string}"},"query-input":"required name=search_term_string"}],"inLanguage":"es"},{"@type":"Person","@id":"https:\/\/thepueblatimes.mx\/#\/schema\/person\/7bdf2adbc50078b104bba72b5612f774","name":"Francisco S\u00e1nchez Nolasco","image":{"@type":"ImageObject","inLanguage":"es","@id":"https:\/\/thepueblatimes.mx\/#\/schema\/person\/image\/","url":"https:\/\/secure.gravatar.com\/avatar\/6061d7d20b38bc2742a5218401b198d2?s=96&d=mm&r=g","contentUrl":"https:\/\/secure.gravatar.com\/avatar\/6061d7d20b38bc2742a5218401b198d2?s=96&d=mm&r=g","caption":"Francisco S\u00e1nchez Nolasco"},"url":"https:\/\/thepueblatimes.mx\/index.php\/author\/marianitha-reyes\/"}]}},"jetpack_featured_media_url":"https:\/\/thepueblatimes.mx\/wp-content\/uploads\/2021\/08\/9B782D82-296C-4782-A857-45FC35F8A5D9.jpeg","_links":{"self":[{"href":"https:\/\/thepueblatimes.mx\/index.php\/wp-json\/wp\/v2\/posts\/15026"}],"collection":[{"href":"https:\/\/thepueblatimes.mx\/index.php\/wp-json\/wp\/v2\/posts"}],"about":[{"href":"https:\/\/thepueblatimes.mx\/index.php\/wp-json\/wp\/v2\/types\/post"}],"author":[{"embeddable":true,"href":"https:\/\/thepueblatimes.mx\/index.php\/wp-json\/wp\/v2\/users\/15"}],"replies":[{"embeddable":true,"href":"https:\/\/thepueblatimes.mx\/index.php\/wp-json\/wp\/v2\/comments?post=15026"}],"version-history":[{"count":2,"href":"https:\/\/thepueblatimes.mx\/index.php\/wp-json\/wp\/v2\/posts\/15026\/revisions"}],"predecessor-version":[{"id":15029,"href":"https:\/\/thepueblatimes.mx\/index.php\/wp-json\/wp\/v2\/posts\/15026\/revisions\/15029"}],"wp:featuredmedia":[{"embeddable":true,"href":"https:\/\/thepueblatimes.mx\/index.php\/wp-json\/wp\/v2\/media\/15027"}],"wp:attachment":[{"href":"https:\/\/thepueblatimes.mx\/index.php\/wp-json\/wp\/v2\/media?parent=15026"}],"wp:term":[{"taxonomy":"category","embeddable":true,"href":"https:\/\/thepueblatimes.mx\/index.php\/wp-json\/wp\/v2\/categories?post=15026"},{"taxonomy":"post_tag","embeddable":true,"href":"https:\/\/thepueblatimes.mx\/index.php\/wp-json\/wp\/v2\/tags?post=15026"}],"curies":[{"name":"wp","href":"https:\/\/api.w.org\/{rel}","templated":true}]}}