{"id":15023,"date":"2021-08-03T22:46:29","date_gmt":"2021-08-04T03:46:29","guid":{"rendered":"https:\/\/thepueblatimes.mx\/?p=15023"},"modified":"2021-08-03T22:46:29","modified_gmt":"2021-08-04T03:46:29","slug":"ubican-en-tecamachalco-camioneta-familiar-con-reporte-de-robo","status":"publish","type":"post","link":"https:\/\/thepueblatimes.mx\/index.php\/2021\/08\/03\/ubican-en-tecamachalco-camioneta-familiar-con-reporte-de-robo\/","title":{"rendered":"Ubican en Tecamachalco camioneta familiar con reporte de robo"},"content":{"rendered":"<p>Tecamachalco, Pue.- Fuentes oficiales informaron que <strong>durante un reporte hecho por la ciudadan\u00eda se logr\u00f3 ubicar una camioneta familiar que no ten\u00eda placas de circulaci\u00f3n<\/strong> y ten\u00eda tiempo abandonada en el lugar.<\/p>\n<p>Al acudir personal de Seguridad P\u00fablica de Tecamachalco se percataron que <strong>la unidad marca Chrysler submarca Voyager modelo 2001 color gris con n\u00famero de NIV 1C4GJ25R11B254336 ten\u00eda reporte de robo vigente<\/strong>, adem\u00e1s en su interior se encontraban partes del est\u00e9reo en la parte trasera del asiento.<\/p>\n<p>Finalmente la unidad fue trasladada utilizando una gr\u00faa ante las instancias correspondientes.<\/p>\n","protected":false},"excerpt":{"rendered":"<p>Tecamachalco, Pue.- Fuentes oficiales informaron que durante un reporte hecho por la ciudadan\u00eda se logr\u00f3 ubicar una camioneta familiar que no ten\u00eda placas de circulaci\u00f3n y ten\u00eda tiempo abandonada en el lugar. Al acudir personal de Seguridad P\u00fablica de Tecamachalco se percataron que la unidad marca Chrysler submarca Voyager modelo 2001 color gris con n\u00famero&#8230;<\/p>\n","protected":false},"author":15,"featured_media":15024,"comment_status":"open","ping_status":"open","sticky":false,"template":"","format":"standard","meta":[],"categories":[20],"tags":[49],"yoast_head":"<!-- This site is optimized with the Yoast SEO plugin v20.8 - https:\/\/yoast.com\/wordpress\/plugins\/seo\/ -->\n<title>Ubican en Tecamachalco camioneta familiar con reporte de robo - The Puebla Times<\/title>\n<meta name=\"robots\" content=\"index, follow, max-snippet:-1, max-image-preview:large, max-video-preview:-1\" \/>\n<link rel=\"canonical\" href=\"https:\/\/thepueblatimes.mx\/index.php\/2021\/08\/03\/ubican-en-tecamachalco-camioneta-familiar-con-reporte-de-robo\/\" \/>\n<meta property=\"og:locale\" content=\"es_ES\" \/>\n<meta property=\"og:type\" content=\"article\" \/>\n<meta property=\"og:title\" content=\"Ubican en Tecamachalco camioneta familiar con reporte de robo - The Puebla Times\" \/>\n<meta property=\"og:description\" content=\"Tecamachalco, Pue.- Fuentes oficiales informaron que durante un reporte hecho por la ciudadan\u00eda se logr\u00f3 ubicar una camioneta familiar que no ten\u00eda placas de circulaci\u00f3n y ten\u00eda tiempo abandonada en el lugar. Al acudir personal de Seguridad P\u00fablica de Tecamachalco se percataron que la unidad marca Chrysler submarca Voyager modelo 2001 color gris con n\u00famero...\" \/>\n<meta property=\"og:url\" content=\"https:\/\/thepueblatimes.mx\/index.php\/2021\/08\/03\/ubican-en-tecamachalco-camioneta-familiar-con-reporte-de-robo\/\" \/>\n<meta property=\"og:site_name\" content=\"The Puebla Times\" \/>\n<meta property=\"article:published_time\" content=\"2021-08-04T03:46:29+00:00\" \/>\n<meta property=\"og:image\" content=\"https:\/\/thepueblatimes.mx\/wp-content\/uploads\/2021\/08\/69CF7803-E85F-4458-B044-E514750C9A82.jpeg\" \/>\n\t<meta property=\"og:image:width\" content=\"1599\" \/>\n\t<meta property=\"og:image:height\" content=\"1200\" \/>\n\t<meta property=\"og:image:type\" content=\"image\/jpeg\" \/>\n<meta name=\"author\" content=\"Francisco S\u00e1nchez Nolasco\" \/>\n<meta name=\"twitter:card\" content=\"summary_large_image\" \/>\n<meta name=\"twitter:label1\" content=\"Escrito por\" \/>\n\t<meta name=\"twitter:data1\" content=\"Francisco S\u00e1nchez Nolasco\" \/>\n\t<meta name=\"twitter:label2\" content=\"Tiempo de lectura\" \/>\n\t<meta name=\"twitter:data2\" content=\"1 minuto\" \/>\n<script type=\"application\/ld+json\" class=\"yoast-schema-graph\">{\"@context\":\"https:\/\/schema.org\",\"@graph\":[{\"@type\":\"WebPage\",\"@id\":\"https:\/\/thepueblatimes.mx\/index.php\/2021\/08\/03\/ubican-en-tecamachalco-camioneta-familiar-con-reporte-de-robo\/\",\"url\":\"https:\/\/thepueblatimes.mx\/index.php\/2021\/08\/03\/ubican-en-tecamachalco-camioneta-familiar-con-reporte-de-robo\/\",\"name\":\"Ubican en Tecamachalco camioneta familiar con reporte de robo - The Puebla Times\",\"isPartOf\":{\"@id\":\"https:\/\/thepueblatimes.mx\/#website\"},\"datePublished\":\"2021-08-04T03:46:29+00:00\",\"dateModified\":\"2021-08-04T03:46:29+00:00\",\"author\":{\"@id\":\"https:\/\/thepueblatimes.mx\/#\/schema\/person\/7bdf2adbc50078b104bba72b5612f774\"},\"breadcrumb\":{\"@id\":\"https:\/\/thepueblatimes.mx\/index.php\/2021\/08\/03\/ubican-en-tecamachalco-camioneta-familiar-con-reporte-de-robo\/#breadcrumb\"},\"inLanguage\":\"es\",\"potentialAction\":[{\"@type\":\"ReadAction\",\"target\":[\"https:\/\/thepueblatimes.mx\/index.php\/2021\/08\/03\/ubican-en-tecamachalco-camioneta-familiar-con-reporte-de-robo\/\"]}]},{\"@type\":\"BreadcrumbList\",\"@id\":\"https:\/\/thepueblatimes.mx\/index.php\/2021\/08\/03\/ubican-en-tecamachalco-camioneta-familiar-con-reporte-de-robo\/#breadcrumb\",\"itemListElement\":[{\"@type\":\"ListItem\",\"position\":1,\"name\":\"Portada\",\"item\":\"https:\/\/thepueblatimes.mx\/\"},{\"@type\":\"ListItem\",\"position\":2,\"name\":\"Ubican en Tecamachalco camioneta familiar con reporte de robo\"}]},{\"@type\":\"WebSite\",\"@id\":\"https:\/\/thepueblatimes.mx\/#website\",\"url\":\"https:\/\/thepueblatimes.mx\/\",\"name\":\"The Puebla Times\",\"description\":\"Noticias del Estado de Puebla\",\"potentialAction\":[{\"@type\":\"SearchAction\",\"target\":{\"@type\":\"EntryPoint\",\"urlTemplate\":\"https:\/\/thepueblatimes.mx\/?s={search_term_string}\"},\"query-input\":\"required name=search_term_string\"}],\"inLanguage\":\"es\"},{\"@type\":\"Person\",\"@id\":\"https:\/\/thepueblatimes.mx\/#\/schema\/person\/7bdf2adbc50078b104bba72b5612f774\",\"name\":\"Francisco S\u00e1nchez Nolasco\",\"image\":{\"@type\":\"ImageObject\",\"inLanguage\":\"es\",\"@id\":\"https:\/\/thepueblatimes.mx\/#\/schema\/person\/image\/\",\"url\":\"https:\/\/secure.gravatar.com\/avatar\/6061d7d20b38bc2742a5218401b198d2?s=96&d=mm&r=g\",\"contentUrl\":\"https:\/\/secure.gravatar.com\/avatar\/6061d7d20b38bc2742a5218401b198d2?s=96&d=mm&r=g\",\"caption\":\"Francisco S\u00e1nchez Nolasco\"},\"url\":\"https:\/\/thepueblatimes.mx\/index.php\/author\/marianitha-reyes\/\"}]}<\/script>\n<!-- \/ Yoast SEO plugin. -->","yoast_head_json":{"title":"Ubican en Tecamachalco camioneta familiar con reporte de robo - The Puebla Times","robots":{"index":"index","follow":"follow","max-snippet":"max-snippet:-1","max-image-preview":"max-image-preview:large","max-video-preview":"max-video-preview:-1"},"canonical":"https:\/\/thepueblatimes.mx\/index.php\/2021\/08\/03\/ubican-en-tecamachalco-camioneta-familiar-con-reporte-de-robo\/","og_locale":"es_ES","og_type":"article","og_title":"Ubican en Tecamachalco camioneta familiar con reporte de robo - The Puebla Times","og_description":"Tecamachalco, Pue.- Fuentes oficiales informaron que durante un reporte hecho por la ciudadan\u00eda se logr\u00f3 ubicar una camioneta familiar que no ten\u00eda placas de circulaci\u00f3n y ten\u00eda tiempo abandonada en el lugar. Al acudir personal de Seguridad P\u00fablica de Tecamachalco se percataron que la unidad marca Chrysler submarca Voyager modelo 2001 color gris con n\u00famero...","og_url":"https:\/\/thepueblatimes.mx\/index.php\/2021\/08\/03\/ubican-en-tecamachalco-camioneta-familiar-con-reporte-de-robo\/","og_site_name":"The Puebla Times","article_published_time":"2021-08-04T03:46:29+00:00","og_image":[{"width":1599,"height":1200,"url":"https:\/\/thepueblatimes.mx\/wp-content\/uploads\/2021\/08\/69CF7803-E85F-4458-B044-E514750C9A82.jpeg","type":"image\/jpeg"}],"author":"Francisco S\u00e1nchez Nolasco","twitter_card":"summary_large_image","twitter_misc":{"Escrito por":"Francisco S\u00e1nchez Nolasco","Tiempo de lectura":"1 minuto"},"schema":{"@context":"https:\/\/schema.org","@graph":[{"@type":"WebPage","@id":"https:\/\/thepueblatimes.mx\/index.php\/2021\/08\/03\/ubican-en-tecamachalco-camioneta-familiar-con-reporte-de-robo\/","url":"https:\/\/thepueblatimes.mx\/index.php\/2021\/08\/03\/ubican-en-tecamachalco-camioneta-familiar-con-reporte-de-robo\/","name":"Ubican en Tecamachalco camioneta familiar con reporte de robo - The Puebla Times","isPartOf":{"@id":"https:\/\/thepueblatimes.mx\/#website"},"datePublished":"2021-08-04T03:46:29+00:00","dateModified":"2021-08-04T03:46:29+00:00","author":{"@id":"https:\/\/thepueblatimes.mx\/#\/schema\/person\/7bdf2adbc50078b104bba72b5612f774"},"breadcrumb":{"@id":"https:\/\/thepueblatimes.mx\/index.php\/2021\/08\/03\/ubican-en-tecamachalco-camioneta-familiar-con-reporte-de-robo\/#breadcrumb"},"inLanguage":"es","potentialAction":[{"@type":"ReadAction","target":["https:\/\/thepueblatimes.mx\/index.php\/2021\/08\/03\/ubican-en-tecamachalco-camioneta-familiar-con-reporte-de-robo\/"]}]},{"@type":"BreadcrumbList","@id":"https:\/\/thepueblatimes.mx\/index.php\/2021\/08\/03\/ubican-en-tecamachalco-camioneta-familiar-con-reporte-de-robo\/#breadcrumb","itemListElement":[{"@type":"ListItem","position":1,"name":"Portada","item":"https:\/\/thepueblatimes.mx\/"},{"@type":"ListItem","position":2,"name":"Ubican en Tecamachalco camioneta familiar con reporte de robo"}]},{"@type":"WebSite","@id":"https:\/\/thepueblatimes.mx\/#website","url":"https:\/\/thepueblatimes.mx\/","name":"The Puebla Times","description":"Noticias del Estado de Puebla","potentialAction":[{"@type":"SearchAction","target":{"@type":"EntryPoint","urlTemplate":"https:\/\/thepueblatimes.mx\/?s={search_term_string}"},"query-input":"required name=search_term_string"}],"inLanguage":"es"},{"@type":"Person","@id":"https:\/\/thepueblatimes.mx\/#\/schema\/person\/7bdf2adbc50078b104bba72b5612f774","name":"Francisco S\u00e1nchez Nolasco","image":{"@type":"ImageObject","inLanguage":"es","@id":"https:\/\/thepueblatimes.mx\/#\/schema\/person\/image\/","url":"https:\/\/secure.gravatar.com\/avatar\/6061d7d20b38bc2742a5218401b198d2?s=96&d=mm&r=g","contentUrl":"https:\/\/secure.gravatar.com\/avatar\/6061d7d20b38bc2742a5218401b198d2?s=96&d=mm&r=g","caption":"Francisco S\u00e1nchez Nolasco"},"url":"https:\/\/thepueblatimes.mx\/index.php\/author\/marianitha-reyes\/"}]}},"jetpack_featured_media_url":"https:\/\/thepueblatimes.mx\/wp-content\/uploads\/2021\/08\/69CF7803-E85F-4458-B044-E514750C9A82.jpeg","_links":{"self":[{"href":"https:\/\/thepueblatimes.mx\/index.php\/wp-json\/wp\/v2\/posts\/15023"}],"collection":[{"href":"https:\/\/thepueblatimes.mx\/index.php\/wp-json\/wp\/v2\/posts"}],"about":[{"href":"https:\/\/thepueblatimes.mx\/index.php\/wp-json\/wp\/v2\/types\/post"}],"author":[{"embeddable":true,"href":"https:\/\/thepueblatimes.mx\/index.php\/wp-json\/wp\/v2\/users\/15"}],"replies":[{"embeddable":true,"href":"https:\/\/thepueblatimes.mx\/index.php\/wp-json\/wp\/v2\/comments?post=15023"}],"version-history":[{"count":1,"href":"https:\/\/thepueblatimes.mx\/index.php\/wp-json\/wp\/v2\/posts\/15023\/revisions"}],"predecessor-version":[{"id":15025,"href":"https:\/\/thepueblatimes.mx\/index.php\/wp-json\/wp\/v2\/posts\/15023\/revisions\/15025"}],"wp:featuredmedia":[{"embeddable":true,"href":"https:\/\/thepueblatimes.mx\/index.php\/wp-json\/wp\/v2\/media\/15024"}],"wp:attachment":[{"href":"https:\/\/thepueblatimes.mx\/index.php\/wp-json\/wp\/v2\/media?parent=15023"}],"wp:term":[{"taxonomy":"category","embeddable":true,"href":"https:\/\/thepueblatimes.mx\/index.php\/wp-json\/wp\/v2\/categories?post=15023"},{"taxonomy":"post_tag","embeddable":true,"href":"https:\/\/thepueblatimes.mx\/index.php\/wp-json\/wp\/v2\/tags?post=15023"}],"curies":[{"name":"wp","href":"https:\/\/api.w.org\/{rel}","templated":true}]}}