{"id":15019,"date":"2021-08-03T22:44:01","date_gmt":"2021-08-04T03:44:01","guid":{"rendered":"https:\/\/thepueblatimes.mx\/?p=15019"},"modified":"2021-08-03T22:44:01","modified_gmt":"2021-08-04T03:44:01","slug":"auto-embiste-y-mata-a-abuelito-en-la-tehuacan-teotitlan","status":"publish","type":"post","link":"https:\/\/thepueblatimes.mx\/index.php\/2021\/08\/03\/auto-embiste-y-mata-a-abuelito-en-la-tehuacan-teotitlan\/","title":{"rendered":"Auto embiste y mata a abuelito en la Tehuac\u00e1n-Teotitl\u00e1n"},"content":{"rendered":"<p>San Francisco Altepexi, Pue.<strong>-Un adulto mayor muerto y una mujer que se debate entre la vida y la muerte, fue el saldo de un accidente entre un autom\u00f3vil y una motocicleta en la carretera estatal Tehuac\u00e1n-Teotitl\u00e1n<\/strong>, antes de llegar al arco de seguridad de Altepexi.<\/p>\n<p>Los hechos ocurrieron este martes en la carretera antes citadas cuando <strong>el hoy occiso y la lesionada viajaban en una motocicleta con direcci\u00f3n al arco de seguridad, pero fueron embestidos<\/strong> por un autom\u00f3vil Ibiza de color verde, por lo que salieron proyectados.<\/p>\n<p>Al lugar arribaron T\u00e9cnicos en Urgencias M\u00e9dicas (TUM) de Protecci\u00f3n Civil de San Francisco Altepexi y de Ajalpan para prestarle atenci\u00f3n prehospitalaria a los lesionados, entre ellos una mujer que fue identificada como Laura N, quien viajaba en la motocicleta y <strong>presentaba m\u00faltiples fracturas y lesiones en el cr\u00e1neo, por lo que inmediatamente fue trasladada al Hospital Integral de Ajalpan.\u00a0\u00a0<\/strong><\/p>\n<p>En tanto param\u00e9dicos trataron de asistir al conductor de la motocicleta, sin embargo, ya no pudieron hacer nada para salvarle la vida, ya que carec\u00eda de signos vitales.<\/p>\n<p>Familiares del hoy occiso arribaron al lugar, indicando que en vida llevaba el nombre de Aureliano N., de 75 a\u00f1os de edad y originario de la poblaci\u00f3n de Santa Cruz Acapa.<\/p>\n<p>Mientras se realizaban las diligencias del levantamiento del cad\u00e1ver la circulaci\u00f3n vehicular en esta vialidad se cerr\u00f3 en ambos sentidos y posteriormente el cuerpo de esta persona fue trasladado al anfiteatro municipal de Tehuac\u00e1n para practicarle la necropsia de Ley.<\/p>\n<p>Autoridades mencionaron que el conductor del autom\u00f3vil Ibiza tras los hechos se dio a la fuga, por lo que la unidad y la motocicleta fueron trasladas al corral\u00f3n.<\/p>\n","protected":false},"excerpt":{"rendered":"<p>San Francisco Altepexi, Pue.-Un adulto mayor muerto y una mujer que se debate entre la vida y la muerte, fue el saldo de un accidente entre un autom\u00f3vil y una motocicleta en la carretera estatal Tehuac\u00e1n-Teotitl\u00e1n, antes de llegar al arco de seguridad de Altepexi. Los hechos ocurrieron este martes en la carretera antes citadas&#8230;<\/p>\n","protected":false},"author":15,"featured_media":15020,"comment_status":"open","ping_status":"open","sticky":false,"template":"","format":"standard","meta":[],"categories":[20],"tags":[49],"yoast_head":"<!-- This site is optimized with the Yoast SEO plugin v20.8 - https:\/\/yoast.com\/wordpress\/plugins\/seo\/ -->\n<title>Auto embiste y mata a abuelito en la Tehuac\u00e1n-Teotitl\u00e1n - The Puebla Times<\/title>\n<meta name=\"robots\" content=\"index, follow, max-snippet:-1, max-image-preview:large, max-video-preview:-1\" \/>\n<link rel=\"canonical\" href=\"https:\/\/thepueblatimes.mx\/index.php\/2021\/08\/03\/auto-embiste-y-mata-a-abuelito-en-la-tehuacan-teotitlan\/\" \/>\n<meta property=\"og:locale\" content=\"es_ES\" \/>\n<meta property=\"og:type\" content=\"article\" \/>\n<meta property=\"og:title\" content=\"Auto embiste y mata a abuelito en la Tehuac\u00e1n-Teotitl\u00e1n - The Puebla Times\" \/>\n<meta property=\"og:description\" content=\"San Francisco Altepexi, Pue.-Un adulto mayor muerto y una mujer que se debate entre la vida y la muerte, fue el saldo de un accidente entre un autom\u00f3vil y una motocicleta en la carretera estatal Tehuac\u00e1n-Teotitl\u00e1n, antes de llegar al arco de seguridad de Altepexi. Los hechos ocurrieron este martes en la carretera antes citadas...\" \/>\n<meta property=\"og:url\" content=\"https:\/\/thepueblatimes.mx\/index.php\/2021\/08\/03\/auto-embiste-y-mata-a-abuelito-en-la-tehuacan-teotitlan\/\" \/>\n<meta property=\"og:site_name\" content=\"The Puebla Times\" \/>\n<meta property=\"article:published_time\" content=\"2021-08-04T03:44:01+00:00\" \/>\n<meta property=\"og:image\" content=\"https:\/\/thepueblatimes.mx\/wp-content\/uploads\/2021\/08\/3B665671-B934-41E5-BD2E-DC7886C85B66.jpeg\" \/>\n\t<meta property=\"og:image:width\" content=\"650\" \/>\n\t<meta property=\"og:image:height\" content=\"462\" \/>\n\t<meta property=\"og:image:type\" content=\"image\/jpeg\" \/>\n<meta name=\"author\" content=\"Francisco S\u00e1nchez Nolasco\" \/>\n<meta name=\"twitter:card\" content=\"summary_large_image\" \/>\n<meta name=\"twitter:label1\" content=\"Escrito por\" \/>\n\t<meta name=\"twitter:data1\" content=\"Francisco S\u00e1nchez Nolasco\" \/>\n\t<meta name=\"twitter:label2\" content=\"Tiempo de lectura\" \/>\n\t<meta name=\"twitter:data2\" content=\"1 minuto\" \/>\n<script type=\"application\/ld+json\" class=\"yoast-schema-graph\">{\"@context\":\"https:\/\/schema.org\",\"@graph\":[{\"@type\":\"WebPage\",\"@id\":\"https:\/\/thepueblatimes.mx\/index.php\/2021\/08\/03\/auto-embiste-y-mata-a-abuelito-en-la-tehuacan-teotitlan\/\",\"url\":\"https:\/\/thepueblatimes.mx\/index.php\/2021\/08\/03\/auto-embiste-y-mata-a-abuelito-en-la-tehuacan-teotitlan\/\",\"name\":\"Auto embiste y mata a abuelito en la Tehuac\u00e1n-Teotitl\u00e1n - The Puebla Times\",\"isPartOf\":{\"@id\":\"https:\/\/thepueblatimes.mx\/#website\"},\"datePublished\":\"2021-08-04T03:44:01+00:00\",\"dateModified\":\"2021-08-04T03:44:01+00:00\",\"author\":{\"@id\":\"https:\/\/thepueblatimes.mx\/#\/schema\/person\/7bdf2adbc50078b104bba72b5612f774\"},\"breadcrumb\":{\"@id\":\"https:\/\/thepueblatimes.mx\/index.php\/2021\/08\/03\/auto-embiste-y-mata-a-abuelito-en-la-tehuacan-teotitlan\/#breadcrumb\"},\"inLanguage\":\"es\",\"potentialAction\":[{\"@type\":\"ReadAction\",\"target\":[\"https:\/\/thepueblatimes.mx\/index.php\/2021\/08\/03\/auto-embiste-y-mata-a-abuelito-en-la-tehuacan-teotitlan\/\"]}]},{\"@type\":\"BreadcrumbList\",\"@id\":\"https:\/\/thepueblatimes.mx\/index.php\/2021\/08\/03\/auto-embiste-y-mata-a-abuelito-en-la-tehuacan-teotitlan\/#breadcrumb\",\"itemListElement\":[{\"@type\":\"ListItem\",\"position\":1,\"name\":\"Portada\",\"item\":\"https:\/\/thepueblatimes.mx\/\"},{\"@type\":\"ListItem\",\"position\":2,\"name\":\"Auto embiste y mata a abuelito en la Tehuac\u00e1n-Teotitl\u00e1n\"}]},{\"@type\":\"WebSite\",\"@id\":\"https:\/\/thepueblatimes.mx\/#website\",\"url\":\"https:\/\/thepueblatimes.mx\/\",\"name\":\"The Puebla Times\",\"description\":\"Noticias del Estado de Puebla\",\"potentialAction\":[{\"@type\":\"SearchAction\",\"target\":{\"@type\":\"EntryPoint\",\"urlTemplate\":\"https:\/\/thepueblatimes.mx\/?s={search_term_string}\"},\"query-input\":\"required name=search_term_string\"}],\"inLanguage\":\"es\"},{\"@type\":\"Person\",\"@id\":\"https:\/\/thepueblatimes.mx\/#\/schema\/person\/7bdf2adbc50078b104bba72b5612f774\",\"name\":\"Francisco S\u00e1nchez Nolasco\",\"image\":{\"@type\":\"ImageObject\",\"inLanguage\":\"es\",\"@id\":\"https:\/\/thepueblatimes.mx\/#\/schema\/person\/image\/\",\"url\":\"https:\/\/secure.gravatar.com\/avatar\/6061d7d20b38bc2742a5218401b198d2?s=96&d=mm&r=g\",\"contentUrl\":\"https:\/\/secure.gravatar.com\/avatar\/6061d7d20b38bc2742a5218401b198d2?s=96&d=mm&r=g\",\"caption\":\"Francisco S\u00e1nchez Nolasco\"},\"url\":\"https:\/\/thepueblatimes.mx\/index.php\/author\/marianitha-reyes\/\"}]}<\/script>\n<!-- \/ Yoast SEO plugin. -->","yoast_head_json":{"title":"Auto embiste y mata a abuelito en la Tehuac\u00e1n-Teotitl\u00e1n - The Puebla Times","robots":{"index":"index","follow":"follow","max-snippet":"max-snippet:-1","max-image-preview":"max-image-preview:large","max-video-preview":"max-video-preview:-1"},"canonical":"https:\/\/thepueblatimes.mx\/index.php\/2021\/08\/03\/auto-embiste-y-mata-a-abuelito-en-la-tehuacan-teotitlan\/","og_locale":"es_ES","og_type":"article","og_title":"Auto embiste y mata a abuelito en la Tehuac\u00e1n-Teotitl\u00e1n - The Puebla Times","og_description":"San Francisco Altepexi, Pue.-Un adulto mayor muerto y una mujer que se debate entre la vida y la muerte, fue el saldo de un accidente entre un autom\u00f3vil y una motocicleta en la carretera estatal Tehuac\u00e1n-Teotitl\u00e1n, antes de llegar al arco de seguridad de Altepexi. Los hechos ocurrieron este martes en la carretera antes citadas...","og_url":"https:\/\/thepueblatimes.mx\/index.php\/2021\/08\/03\/auto-embiste-y-mata-a-abuelito-en-la-tehuacan-teotitlan\/","og_site_name":"The Puebla Times","article_published_time":"2021-08-04T03:44:01+00:00","og_image":[{"width":650,"height":462,"url":"https:\/\/thepueblatimes.mx\/wp-content\/uploads\/2021\/08\/3B665671-B934-41E5-BD2E-DC7886C85B66.jpeg","type":"image\/jpeg"}],"author":"Francisco S\u00e1nchez Nolasco","twitter_card":"summary_large_image","twitter_misc":{"Escrito por":"Francisco S\u00e1nchez Nolasco","Tiempo de lectura":"1 minuto"},"schema":{"@context":"https:\/\/schema.org","@graph":[{"@type":"WebPage","@id":"https:\/\/thepueblatimes.mx\/index.php\/2021\/08\/03\/auto-embiste-y-mata-a-abuelito-en-la-tehuacan-teotitlan\/","url":"https:\/\/thepueblatimes.mx\/index.php\/2021\/08\/03\/auto-embiste-y-mata-a-abuelito-en-la-tehuacan-teotitlan\/","name":"Auto embiste y mata a abuelito en la Tehuac\u00e1n-Teotitl\u00e1n - The Puebla Times","isPartOf":{"@id":"https:\/\/thepueblatimes.mx\/#website"},"datePublished":"2021-08-04T03:44:01+00:00","dateModified":"2021-08-04T03:44:01+00:00","author":{"@id":"https:\/\/thepueblatimes.mx\/#\/schema\/person\/7bdf2adbc50078b104bba72b5612f774"},"breadcrumb":{"@id":"https:\/\/thepueblatimes.mx\/index.php\/2021\/08\/03\/auto-embiste-y-mata-a-abuelito-en-la-tehuacan-teotitlan\/#breadcrumb"},"inLanguage":"es","potentialAction":[{"@type":"ReadAction","target":["https:\/\/thepueblatimes.mx\/index.php\/2021\/08\/03\/auto-embiste-y-mata-a-abuelito-en-la-tehuacan-teotitlan\/"]}]},{"@type":"BreadcrumbList","@id":"https:\/\/thepueblatimes.mx\/index.php\/2021\/08\/03\/auto-embiste-y-mata-a-abuelito-en-la-tehuacan-teotitlan\/#breadcrumb","itemListElement":[{"@type":"ListItem","position":1,"name":"Portada","item":"https:\/\/thepueblatimes.mx\/"},{"@type":"ListItem","position":2,"name":"Auto embiste y mata a abuelito en la Tehuac\u00e1n-Teotitl\u00e1n"}]},{"@type":"WebSite","@id":"https:\/\/thepueblatimes.mx\/#website","url":"https:\/\/thepueblatimes.mx\/","name":"The Puebla Times","description":"Noticias del Estado de Puebla","potentialAction":[{"@type":"SearchAction","target":{"@type":"EntryPoint","urlTemplate":"https:\/\/thepueblatimes.mx\/?s={search_term_string}"},"query-input":"required name=search_term_string"}],"inLanguage":"es"},{"@type":"Person","@id":"https:\/\/thepueblatimes.mx\/#\/schema\/person\/7bdf2adbc50078b104bba72b5612f774","name":"Francisco S\u00e1nchez Nolasco","image":{"@type":"ImageObject","inLanguage":"es","@id":"https:\/\/thepueblatimes.mx\/#\/schema\/person\/image\/","url":"https:\/\/secure.gravatar.com\/avatar\/6061d7d20b38bc2742a5218401b198d2?s=96&d=mm&r=g","contentUrl":"https:\/\/secure.gravatar.com\/avatar\/6061d7d20b38bc2742a5218401b198d2?s=96&d=mm&r=g","caption":"Francisco S\u00e1nchez Nolasco"},"url":"https:\/\/thepueblatimes.mx\/index.php\/author\/marianitha-reyes\/"}]}},"jetpack_featured_media_url":"https:\/\/thepueblatimes.mx\/wp-content\/uploads\/2021\/08\/3B665671-B934-41E5-BD2E-DC7886C85B66.jpeg","_links":{"self":[{"href":"https:\/\/thepueblatimes.mx\/index.php\/wp-json\/wp\/v2\/posts\/15019"}],"collection":[{"href":"https:\/\/thepueblatimes.mx\/index.php\/wp-json\/wp\/v2\/posts"}],"about":[{"href":"https:\/\/thepueblatimes.mx\/index.php\/wp-json\/wp\/v2\/types\/post"}],"author":[{"embeddable":true,"href":"https:\/\/thepueblatimes.mx\/index.php\/wp-json\/wp\/v2\/users\/15"}],"replies":[{"embeddable":true,"href":"https:\/\/thepueblatimes.mx\/index.php\/wp-json\/wp\/v2\/comments?post=15019"}],"version-history":[{"count":2,"href":"https:\/\/thepueblatimes.mx\/index.php\/wp-json\/wp\/v2\/posts\/15019\/revisions"}],"predecessor-version":[{"id":15022,"href":"https:\/\/thepueblatimes.mx\/index.php\/wp-json\/wp\/v2\/posts\/15019\/revisions\/15022"}],"wp:featuredmedia":[{"embeddable":true,"href":"https:\/\/thepueblatimes.mx\/index.php\/wp-json\/wp\/v2\/media\/15020"}],"wp:attachment":[{"href":"https:\/\/thepueblatimes.mx\/index.php\/wp-json\/wp\/v2\/media?parent=15019"}],"wp:term":[{"taxonomy":"category","embeddable":true,"href":"https:\/\/thepueblatimes.mx\/index.php\/wp-json\/wp\/v2\/categories?post=15019"},{"taxonomy":"post_tag","embeddable":true,"href":"https:\/\/thepueblatimes.mx\/index.php\/wp-json\/wp\/v2\/tags?post=15019"}],"curies":[{"name":"wp","href":"https:\/\/api.w.org\/{rel}","templated":true}]}}