{"id":14996,"date":"2021-08-03T22:29:19","date_gmt":"2021-08-04T03:29:19","guid":{"rendered":"https:\/\/thepueblatimes.mx\/?p=14996"},"modified":"2021-08-03T22:29:19","modified_gmt":"2021-08-04T03:29:19","slug":"joven-ebrio-choca-contra-camioneta-en-el-zocalo-de-izucar","status":"publish","type":"post","link":"https:\/\/thepueblatimes.mx\/index.php\/2021\/08\/03\/joven-ebrio-choca-contra-camioneta-en-el-zocalo-de-izucar\/","title":{"rendered":"Joven ebrio choca contra camioneta en el z\u00f3calo de Iz\u00facar"},"content":{"rendered":"<p>Iz\u00facar de Matamoros, Pue.- <strong>Un joven en estado de ebriedad choc\u00f3 contra una camioneta en el z\u00f3calo de Iz\u00facar de Matamoros<\/strong>, debido a que perdi\u00f3 el control de la unidad que conduc\u00eda.<\/p>\n<p>Los hechos se registraron justo en una de las <strong>calles laterales del z\u00f3calo de Iz\u00facar de Matamoros, donde el conductor de una camioneta Cherokee con placas de circulaci\u00f3n HFJ466D se estamp\u00f3 primero contra una camioneta Tacoma<\/strong>con placas de circulaci\u00f3n SJ82720 del estado de Puebla. Al percatarse de esto, intent\u00f3 darse a la fuga, chocando tambi\u00e9n contra una rampa de discapacitados del z\u00f3calo de la ciudad.<\/p>\n<p>Al no poder abandonar la unidad en ese sitio, y se dio a la fuga a pie, sin embargo, comerciantes del primer cuadro de la ciudad, al ser testigos de los hechos, se organizan y lo detuvieron en la calle Morelos.<\/p>\n","protected":false},"excerpt":{"rendered":"<p>Iz\u00facar de Matamoros, Pue.- Un joven en estado de ebriedad choc\u00f3 contra una camioneta en el z\u00f3calo de Iz\u00facar de Matamoros, debido a que perdi\u00f3 el control de la unidad que conduc\u00eda. Los hechos se registraron justo en una de las calles laterales del z\u00f3calo de Iz\u00facar de Matamoros, donde el conductor de una camioneta&#8230;<\/p>\n","protected":false},"author":15,"featured_media":14997,"comment_status":"open","ping_status":"open","sticky":false,"template":"","format":"standard","meta":[],"categories":[20],"tags":[49],"yoast_head":"<!-- This site is optimized with the Yoast SEO plugin v20.8 - https:\/\/yoast.com\/wordpress\/plugins\/seo\/ -->\n<title>Joven ebrio choca contra camioneta en el z\u00f3calo de Iz\u00facar - The Puebla Times<\/title>\n<meta name=\"robots\" content=\"index, follow, max-snippet:-1, max-image-preview:large, max-video-preview:-1\" \/>\n<link rel=\"canonical\" href=\"https:\/\/thepueblatimes.mx\/index.php\/2021\/08\/03\/joven-ebrio-choca-contra-camioneta-en-el-zocalo-de-izucar\/\" \/>\n<meta property=\"og:locale\" content=\"es_ES\" \/>\n<meta property=\"og:type\" content=\"article\" \/>\n<meta property=\"og:title\" content=\"Joven ebrio choca contra camioneta en el z\u00f3calo de Iz\u00facar - The Puebla Times\" \/>\n<meta property=\"og:description\" content=\"Iz\u00facar de Matamoros, Pue.- Un joven en estado de ebriedad choc\u00f3 contra una camioneta en el z\u00f3calo de Iz\u00facar de Matamoros, debido a que perdi\u00f3 el control de la unidad que conduc\u00eda. Los hechos se registraron justo en una de las calles laterales del z\u00f3calo de Iz\u00facar de Matamoros, donde el conductor de una camioneta...\" \/>\n<meta property=\"og:url\" content=\"https:\/\/thepueblatimes.mx\/index.php\/2021\/08\/03\/joven-ebrio-choca-contra-camioneta-en-el-zocalo-de-izucar\/\" \/>\n<meta property=\"og:site_name\" content=\"The Puebla Times\" \/>\n<meta property=\"article:published_time\" content=\"2021-08-04T03:29:19+00:00\" \/>\n<meta property=\"og:image\" content=\"https:\/\/thepueblatimes.mx\/wp-content\/uploads\/2021\/08\/91B497E8-691B-46DB-B99C-93B35DC01239.jpeg\" \/>\n\t<meta property=\"og:image:width\" content=\"650\" \/>\n\t<meta property=\"og:image:height\" content=\"441\" \/>\n\t<meta property=\"og:image:type\" content=\"image\/jpeg\" \/>\n<meta name=\"author\" content=\"Francisco S\u00e1nchez Nolasco\" \/>\n<meta name=\"twitter:card\" content=\"summary_large_image\" \/>\n<meta name=\"twitter:label1\" content=\"Escrito por\" \/>\n\t<meta name=\"twitter:data1\" content=\"Francisco S\u00e1nchez Nolasco\" \/>\n\t<meta name=\"twitter:label2\" content=\"Tiempo de lectura\" \/>\n\t<meta name=\"twitter:data2\" content=\"1 minuto\" \/>\n<script type=\"application\/ld+json\" class=\"yoast-schema-graph\">{\"@context\":\"https:\/\/schema.org\",\"@graph\":[{\"@type\":\"WebPage\",\"@id\":\"https:\/\/thepueblatimes.mx\/index.php\/2021\/08\/03\/joven-ebrio-choca-contra-camioneta-en-el-zocalo-de-izucar\/\",\"url\":\"https:\/\/thepueblatimes.mx\/index.php\/2021\/08\/03\/joven-ebrio-choca-contra-camioneta-en-el-zocalo-de-izucar\/\",\"name\":\"Joven ebrio choca contra camioneta en el z\u00f3calo de Iz\u00facar - The Puebla Times\",\"isPartOf\":{\"@id\":\"https:\/\/thepueblatimes.mx\/#website\"},\"datePublished\":\"2021-08-04T03:29:19+00:00\",\"dateModified\":\"2021-08-04T03:29:19+00:00\",\"author\":{\"@id\":\"https:\/\/thepueblatimes.mx\/#\/schema\/person\/7bdf2adbc50078b104bba72b5612f774\"},\"breadcrumb\":{\"@id\":\"https:\/\/thepueblatimes.mx\/index.php\/2021\/08\/03\/joven-ebrio-choca-contra-camioneta-en-el-zocalo-de-izucar\/#breadcrumb\"},\"inLanguage\":\"es\",\"potentialAction\":[{\"@type\":\"ReadAction\",\"target\":[\"https:\/\/thepueblatimes.mx\/index.php\/2021\/08\/03\/joven-ebrio-choca-contra-camioneta-en-el-zocalo-de-izucar\/\"]}]},{\"@type\":\"BreadcrumbList\",\"@id\":\"https:\/\/thepueblatimes.mx\/index.php\/2021\/08\/03\/joven-ebrio-choca-contra-camioneta-en-el-zocalo-de-izucar\/#breadcrumb\",\"itemListElement\":[{\"@type\":\"ListItem\",\"position\":1,\"name\":\"Portada\",\"item\":\"https:\/\/thepueblatimes.mx\/\"},{\"@type\":\"ListItem\",\"position\":2,\"name\":\"Joven ebrio choca contra camioneta en el z\u00f3calo de Iz\u00facar\"}]},{\"@type\":\"WebSite\",\"@id\":\"https:\/\/thepueblatimes.mx\/#website\",\"url\":\"https:\/\/thepueblatimes.mx\/\",\"name\":\"The Puebla Times\",\"description\":\"Noticias del Estado de Puebla\",\"potentialAction\":[{\"@type\":\"SearchAction\",\"target\":{\"@type\":\"EntryPoint\",\"urlTemplate\":\"https:\/\/thepueblatimes.mx\/?s={search_term_string}\"},\"query-input\":\"required name=search_term_string\"}],\"inLanguage\":\"es\"},{\"@type\":\"Person\",\"@id\":\"https:\/\/thepueblatimes.mx\/#\/schema\/person\/7bdf2adbc50078b104bba72b5612f774\",\"name\":\"Francisco S\u00e1nchez Nolasco\",\"image\":{\"@type\":\"ImageObject\",\"inLanguage\":\"es\",\"@id\":\"https:\/\/thepueblatimes.mx\/#\/schema\/person\/image\/\",\"url\":\"https:\/\/secure.gravatar.com\/avatar\/6061d7d20b38bc2742a5218401b198d2?s=96&d=mm&r=g\",\"contentUrl\":\"https:\/\/secure.gravatar.com\/avatar\/6061d7d20b38bc2742a5218401b198d2?s=96&d=mm&r=g\",\"caption\":\"Francisco S\u00e1nchez Nolasco\"},\"url\":\"https:\/\/thepueblatimes.mx\/index.php\/author\/marianitha-reyes\/\"}]}<\/script>\n<!-- \/ Yoast SEO plugin. -->","yoast_head_json":{"title":"Joven ebrio choca contra camioneta en el z\u00f3calo de Iz\u00facar - The Puebla Times","robots":{"index":"index","follow":"follow","max-snippet":"max-snippet:-1","max-image-preview":"max-image-preview:large","max-video-preview":"max-video-preview:-1"},"canonical":"https:\/\/thepueblatimes.mx\/index.php\/2021\/08\/03\/joven-ebrio-choca-contra-camioneta-en-el-zocalo-de-izucar\/","og_locale":"es_ES","og_type":"article","og_title":"Joven ebrio choca contra camioneta en el z\u00f3calo de Iz\u00facar - The Puebla Times","og_description":"Iz\u00facar de Matamoros, Pue.- Un joven en estado de ebriedad choc\u00f3 contra una camioneta en el z\u00f3calo de Iz\u00facar de Matamoros, debido a que perdi\u00f3 el control de la unidad que conduc\u00eda. Los hechos se registraron justo en una de las calles laterales del z\u00f3calo de Iz\u00facar de Matamoros, donde el conductor de una camioneta...","og_url":"https:\/\/thepueblatimes.mx\/index.php\/2021\/08\/03\/joven-ebrio-choca-contra-camioneta-en-el-zocalo-de-izucar\/","og_site_name":"The Puebla Times","article_published_time":"2021-08-04T03:29:19+00:00","og_image":[{"width":650,"height":441,"url":"https:\/\/thepueblatimes.mx\/wp-content\/uploads\/2021\/08\/91B497E8-691B-46DB-B99C-93B35DC01239.jpeg","type":"image\/jpeg"}],"author":"Francisco S\u00e1nchez Nolasco","twitter_card":"summary_large_image","twitter_misc":{"Escrito por":"Francisco S\u00e1nchez Nolasco","Tiempo de lectura":"1 minuto"},"schema":{"@context":"https:\/\/schema.org","@graph":[{"@type":"WebPage","@id":"https:\/\/thepueblatimes.mx\/index.php\/2021\/08\/03\/joven-ebrio-choca-contra-camioneta-en-el-zocalo-de-izucar\/","url":"https:\/\/thepueblatimes.mx\/index.php\/2021\/08\/03\/joven-ebrio-choca-contra-camioneta-en-el-zocalo-de-izucar\/","name":"Joven ebrio choca contra camioneta en el z\u00f3calo de Iz\u00facar - The Puebla Times","isPartOf":{"@id":"https:\/\/thepueblatimes.mx\/#website"},"datePublished":"2021-08-04T03:29:19+00:00","dateModified":"2021-08-04T03:29:19+00:00","author":{"@id":"https:\/\/thepueblatimes.mx\/#\/schema\/person\/7bdf2adbc50078b104bba72b5612f774"},"breadcrumb":{"@id":"https:\/\/thepueblatimes.mx\/index.php\/2021\/08\/03\/joven-ebrio-choca-contra-camioneta-en-el-zocalo-de-izucar\/#breadcrumb"},"inLanguage":"es","potentialAction":[{"@type":"ReadAction","target":["https:\/\/thepueblatimes.mx\/index.php\/2021\/08\/03\/joven-ebrio-choca-contra-camioneta-en-el-zocalo-de-izucar\/"]}]},{"@type":"BreadcrumbList","@id":"https:\/\/thepueblatimes.mx\/index.php\/2021\/08\/03\/joven-ebrio-choca-contra-camioneta-en-el-zocalo-de-izucar\/#breadcrumb","itemListElement":[{"@type":"ListItem","position":1,"name":"Portada","item":"https:\/\/thepueblatimes.mx\/"},{"@type":"ListItem","position":2,"name":"Joven ebrio choca contra camioneta en el z\u00f3calo de Iz\u00facar"}]},{"@type":"WebSite","@id":"https:\/\/thepueblatimes.mx\/#website","url":"https:\/\/thepueblatimes.mx\/","name":"The Puebla Times","description":"Noticias del Estado de Puebla","potentialAction":[{"@type":"SearchAction","target":{"@type":"EntryPoint","urlTemplate":"https:\/\/thepueblatimes.mx\/?s={search_term_string}"},"query-input":"required name=search_term_string"}],"inLanguage":"es"},{"@type":"Person","@id":"https:\/\/thepueblatimes.mx\/#\/schema\/person\/7bdf2adbc50078b104bba72b5612f774","name":"Francisco S\u00e1nchez Nolasco","image":{"@type":"ImageObject","inLanguage":"es","@id":"https:\/\/thepueblatimes.mx\/#\/schema\/person\/image\/","url":"https:\/\/secure.gravatar.com\/avatar\/6061d7d20b38bc2742a5218401b198d2?s=96&d=mm&r=g","contentUrl":"https:\/\/secure.gravatar.com\/avatar\/6061d7d20b38bc2742a5218401b198d2?s=96&d=mm&r=g","caption":"Francisco S\u00e1nchez Nolasco"},"url":"https:\/\/thepueblatimes.mx\/index.php\/author\/marianitha-reyes\/"}]}},"jetpack_featured_media_url":"https:\/\/thepueblatimes.mx\/wp-content\/uploads\/2021\/08\/91B497E8-691B-46DB-B99C-93B35DC01239.jpeg","_links":{"self":[{"href":"https:\/\/thepueblatimes.mx\/index.php\/wp-json\/wp\/v2\/posts\/14996"}],"collection":[{"href":"https:\/\/thepueblatimes.mx\/index.php\/wp-json\/wp\/v2\/posts"}],"about":[{"href":"https:\/\/thepueblatimes.mx\/index.php\/wp-json\/wp\/v2\/types\/post"}],"author":[{"embeddable":true,"href":"https:\/\/thepueblatimes.mx\/index.php\/wp-json\/wp\/v2\/users\/15"}],"replies":[{"embeddable":true,"href":"https:\/\/thepueblatimes.mx\/index.php\/wp-json\/wp\/v2\/comments?post=14996"}],"version-history":[{"count":2,"href":"https:\/\/thepueblatimes.mx\/index.php\/wp-json\/wp\/v2\/posts\/14996\/revisions"}],"predecessor-version":[{"id":14999,"href":"https:\/\/thepueblatimes.mx\/index.php\/wp-json\/wp\/v2\/posts\/14996\/revisions\/14999"}],"wp:featuredmedia":[{"embeddable":true,"href":"https:\/\/thepueblatimes.mx\/index.php\/wp-json\/wp\/v2\/media\/14997"}],"wp:attachment":[{"href":"https:\/\/thepueblatimes.mx\/index.php\/wp-json\/wp\/v2\/media?parent=14996"}],"wp:term":[{"taxonomy":"category","embeddable":true,"href":"https:\/\/thepueblatimes.mx\/index.php\/wp-json\/wp\/v2\/categories?post=14996"},{"taxonomy":"post_tag","embeddable":true,"href":"https:\/\/thepueblatimes.mx\/index.php\/wp-json\/wp\/v2\/tags?post=14996"}],"curies":[{"name":"wp","href":"https:\/\/api.w.org\/{rel}","templated":true}]}}