{"id":14993,"date":"2021-08-03T22:27:19","date_gmt":"2021-08-04T03:27:19","guid":{"rendered":"https:\/\/thepueblatimes.mx\/?p=14993"},"modified":"2021-08-03T22:27:19","modified_gmt":"2021-08-04T03:27:19","slug":"motociclistas-derrapan-y-terminan-debajo-de-camioneta-en-atlixco","status":"publish","type":"post","link":"https:\/\/thepueblatimes.mx\/index.php\/2021\/08\/03\/motociclistas-derrapan-y-terminan-debajo-de-camioneta-en-atlixco\/","title":{"rendered":"Motociclistas derrapan y terminan debajo de camioneta en Atlixco"},"content":{"rendered":"<p>Atlixco, Pue.- U<strong>n hombre y una mujer, originarios del municipio vecino de Tianguismanalco, resultaron severamente lesionados <\/strong>luego de sufrir <strong>un percance vial mientras circulaban en una motocicleta.<\/strong><\/p>\n<p>Los hechos ocurrieron sobre el bulevar Los Volcanes, el cual conduce del centro de la mancha urbana a la Junta Auxiliar de Metepec, poco antes de las 10 de la noche de este lunes.<\/p>\n<p>La bit\u00e1cora oficial indic\u00f3<strong> los dos involucrados derraparon sobre la cinta asf\u00e1ltica mencionada y la unidad termin\u00f3 debajo de una camioneta particular Pickup que circulaba en el \u00e1rea.<\/strong><\/p>\n<p>\u201cLaura N., de 28 a\u00f1os de edad, e Isaac N. de 24 a\u00f1os de edad fueron atendidos por una ambulancia cerca del crucero del bulevar Sor Juana In\u00e9s de la Cruz en la colonia Chapulapa. Debido a las lesiones importantes terminaron en el Complejo M\u00e9dico Gonzalo R\u00edo Arronte\u201d, dio a conocer un testigo.<\/p>\n<p>Apenas la semana pasada en el norte de la mancha urbana una mujer ciclista fue arrollada por una motocicleta sobre el bulevar Rafael Moreno Valle. Y el estado de salud de los tres lesionados es complicado.<\/p>\n","protected":false},"excerpt":{"rendered":"<p>Atlixco, Pue.- Un hombre y una mujer, originarios del municipio vecino de Tianguismanalco, resultaron severamente lesionados luego de sufrir un percance vial mientras circulaban en una motocicleta. Los hechos ocurrieron sobre el bulevar Los Volcanes, el cual conduce del centro de la mancha urbana a la Junta Auxiliar de Metepec, poco antes de las 10&#8230;<\/p>\n","protected":false},"author":15,"featured_media":14994,"comment_status":"open","ping_status":"open","sticky":false,"template":"","format":"standard","meta":[],"categories":[20],"tags":[49],"yoast_head":"<!-- This site is optimized with the Yoast SEO plugin v20.8 - https:\/\/yoast.com\/wordpress\/plugins\/seo\/ -->\n<title>Motociclistas derrapan y terminan debajo de camioneta en Atlixco - The Puebla Times<\/title>\n<meta name=\"robots\" content=\"index, follow, max-snippet:-1, max-image-preview:large, max-video-preview:-1\" \/>\n<link rel=\"canonical\" href=\"https:\/\/thepueblatimes.mx\/index.php\/2021\/08\/03\/motociclistas-derrapan-y-terminan-debajo-de-camioneta-en-atlixco\/\" \/>\n<meta property=\"og:locale\" content=\"es_ES\" \/>\n<meta property=\"og:type\" content=\"article\" \/>\n<meta property=\"og:title\" content=\"Motociclistas derrapan y terminan debajo de camioneta en Atlixco - The Puebla Times\" \/>\n<meta property=\"og:description\" content=\"Atlixco, Pue.- Un hombre y una mujer, originarios del municipio vecino de Tianguismanalco, resultaron severamente lesionados luego de sufrir un percance vial mientras circulaban en una motocicleta. Los hechos ocurrieron sobre el bulevar Los Volcanes, el cual conduce del centro de la mancha urbana a la Junta Auxiliar de Metepec, poco antes de las 10...\" \/>\n<meta property=\"og:url\" content=\"https:\/\/thepueblatimes.mx\/index.php\/2021\/08\/03\/motociclistas-derrapan-y-terminan-debajo-de-camioneta-en-atlixco\/\" \/>\n<meta property=\"og:site_name\" content=\"The Puebla Times\" \/>\n<meta property=\"article:published_time\" content=\"2021-08-04T03:27:19+00:00\" \/>\n<meta property=\"og:image\" content=\"https:\/\/thepueblatimes.mx\/wp-content\/uploads\/2021\/08\/2F915A86-85EF-40A5-9EA1-62EDECABE879.jpeg\" \/>\n\t<meta property=\"og:image:width\" content=\"1599\" \/>\n\t<meta property=\"og:image:height\" content=\"777\" \/>\n\t<meta property=\"og:image:type\" content=\"image\/jpeg\" \/>\n<meta name=\"author\" content=\"Francisco S\u00e1nchez Nolasco\" \/>\n<meta name=\"twitter:card\" content=\"summary_large_image\" \/>\n<meta name=\"twitter:label1\" content=\"Escrito por\" \/>\n\t<meta name=\"twitter:data1\" content=\"Francisco S\u00e1nchez Nolasco\" \/>\n\t<meta name=\"twitter:label2\" content=\"Tiempo de lectura\" \/>\n\t<meta name=\"twitter:data2\" content=\"1 minuto\" \/>\n<script type=\"application\/ld+json\" class=\"yoast-schema-graph\">{\"@context\":\"https:\/\/schema.org\",\"@graph\":[{\"@type\":\"WebPage\",\"@id\":\"https:\/\/thepueblatimes.mx\/index.php\/2021\/08\/03\/motociclistas-derrapan-y-terminan-debajo-de-camioneta-en-atlixco\/\",\"url\":\"https:\/\/thepueblatimes.mx\/index.php\/2021\/08\/03\/motociclistas-derrapan-y-terminan-debajo-de-camioneta-en-atlixco\/\",\"name\":\"Motociclistas derrapan y terminan debajo de camioneta en Atlixco - The Puebla Times\",\"isPartOf\":{\"@id\":\"https:\/\/thepueblatimes.mx\/#website\"},\"datePublished\":\"2021-08-04T03:27:19+00:00\",\"dateModified\":\"2021-08-04T03:27:19+00:00\",\"author\":{\"@id\":\"https:\/\/thepueblatimes.mx\/#\/schema\/person\/7bdf2adbc50078b104bba72b5612f774\"},\"breadcrumb\":{\"@id\":\"https:\/\/thepueblatimes.mx\/index.php\/2021\/08\/03\/motociclistas-derrapan-y-terminan-debajo-de-camioneta-en-atlixco\/#breadcrumb\"},\"inLanguage\":\"es\",\"potentialAction\":[{\"@type\":\"ReadAction\",\"target\":[\"https:\/\/thepueblatimes.mx\/index.php\/2021\/08\/03\/motociclistas-derrapan-y-terminan-debajo-de-camioneta-en-atlixco\/\"]}]},{\"@type\":\"BreadcrumbList\",\"@id\":\"https:\/\/thepueblatimes.mx\/index.php\/2021\/08\/03\/motociclistas-derrapan-y-terminan-debajo-de-camioneta-en-atlixco\/#breadcrumb\",\"itemListElement\":[{\"@type\":\"ListItem\",\"position\":1,\"name\":\"Portada\",\"item\":\"https:\/\/thepueblatimes.mx\/\"},{\"@type\":\"ListItem\",\"position\":2,\"name\":\"Motociclistas derrapan y terminan debajo de camioneta en Atlixco\"}]},{\"@type\":\"WebSite\",\"@id\":\"https:\/\/thepueblatimes.mx\/#website\",\"url\":\"https:\/\/thepueblatimes.mx\/\",\"name\":\"The Puebla Times\",\"description\":\"Noticias del Estado de Puebla\",\"potentialAction\":[{\"@type\":\"SearchAction\",\"target\":{\"@type\":\"EntryPoint\",\"urlTemplate\":\"https:\/\/thepueblatimes.mx\/?s={search_term_string}\"},\"query-input\":\"required name=search_term_string\"}],\"inLanguage\":\"es\"},{\"@type\":\"Person\",\"@id\":\"https:\/\/thepueblatimes.mx\/#\/schema\/person\/7bdf2adbc50078b104bba72b5612f774\",\"name\":\"Francisco S\u00e1nchez Nolasco\",\"image\":{\"@type\":\"ImageObject\",\"inLanguage\":\"es\",\"@id\":\"https:\/\/thepueblatimes.mx\/#\/schema\/person\/image\/\",\"url\":\"https:\/\/secure.gravatar.com\/avatar\/6061d7d20b38bc2742a5218401b198d2?s=96&d=mm&r=g\",\"contentUrl\":\"https:\/\/secure.gravatar.com\/avatar\/6061d7d20b38bc2742a5218401b198d2?s=96&d=mm&r=g\",\"caption\":\"Francisco S\u00e1nchez Nolasco\"},\"url\":\"https:\/\/thepueblatimes.mx\/index.php\/author\/marianitha-reyes\/\"}]}<\/script>\n<!-- \/ Yoast SEO plugin. -->","yoast_head_json":{"title":"Motociclistas derrapan y terminan debajo de camioneta en Atlixco - The Puebla Times","robots":{"index":"index","follow":"follow","max-snippet":"max-snippet:-1","max-image-preview":"max-image-preview:large","max-video-preview":"max-video-preview:-1"},"canonical":"https:\/\/thepueblatimes.mx\/index.php\/2021\/08\/03\/motociclistas-derrapan-y-terminan-debajo-de-camioneta-en-atlixco\/","og_locale":"es_ES","og_type":"article","og_title":"Motociclistas derrapan y terminan debajo de camioneta en Atlixco - The Puebla Times","og_description":"Atlixco, Pue.- Un hombre y una mujer, originarios del municipio vecino de Tianguismanalco, resultaron severamente lesionados luego de sufrir un percance vial mientras circulaban en una motocicleta. Los hechos ocurrieron sobre el bulevar Los Volcanes, el cual conduce del centro de la mancha urbana a la Junta Auxiliar de Metepec, poco antes de las 10...","og_url":"https:\/\/thepueblatimes.mx\/index.php\/2021\/08\/03\/motociclistas-derrapan-y-terminan-debajo-de-camioneta-en-atlixco\/","og_site_name":"The Puebla Times","article_published_time":"2021-08-04T03:27:19+00:00","og_image":[{"width":1599,"height":777,"url":"https:\/\/thepueblatimes.mx\/wp-content\/uploads\/2021\/08\/2F915A86-85EF-40A5-9EA1-62EDECABE879.jpeg","type":"image\/jpeg"}],"author":"Francisco S\u00e1nchez Nolasco","twitter_card":"summary_large_image","twitter_misc":{"Escrito por":"Francisco S\u00e1nchez Nolasco","Tiempo de lectura":"1 minuto"},"schema":{"@context":"https:\/\/schema.org","@graph":[{"@type":"WebPage","@id":"https:\/\/thepueblatimes.mx\/index.php\/2021\/08\/03\/motociclistas-derrapan-y-terminan-debajo-de-camioneta-en-atlixco\/","url":"https:\/\/thepueblatimes.mx\/index.php\/2021\/08\/03\/motociclistas-derrapan-y-terminan-debajo-de-camioneta-en-atlixco\/","name":"Motociclistas derrapan y terminan debajo de camioneta en Atlixco - The Puebla Times","isPartOf":{"@id":"https:\/\/thepueblatimes.mx\/#website"},"datePublished":"2021-08-04T03:27:19+00:00","dateModified":"2021-08-04T03:27:19+00:00","author":{"@id":"https:\/\/thepueblatimes.mx\/#\/schema\/person\/7bdf2adbc50078b104bba72b5612f774"},"breadcrumb":{"@id":"https:\/\/thepueblatimes.mx\/index.php\/2021\/08\/03\/motociclistas-derrapan-y-terminan-debajo-de-camioneta-en-atlixco\/#breadcrumb"},"inLanguage":"es","potentialAction":[{"@type":"ReadAction","target":["https:\/\/thepueblatimes.mx\/index.php\/2021\/08\/03\/motociclistas-derrapan-y-terminan-debajo-de-camioneta-en-atlixco\/"]}]},{"@type":"BreadcrumbList","@id":"https:\/\/thepueblatimes.mx\/index.php\/2021\/08\/03\/motociclistas-derrapan-y-terminan-debajo-de-camioneta-en-atlixco\/#breadcrumb","itemListElement":[{"@type":"ListItem","position":1,"name":"Portada","item":"https:\/\/thepueblatimes.mx\/"},{"@type":"ListItem","position":2,"name":"Motociclistas derrapan y terminan debajo de camioneta en Atlixco"}]},{"@type":"WebSite","@id":"https:\/\/thepueblatimes.mx\/#website","url":"https:\/\/thepueblatimes.mx\/","name":"The Puebla Times","description":"Noticias del Estado de Puebla","potentialAction":[{"@type":"SearchAction","target":{"@type":"EntryPoint","urlTemplate":"https:\/\/thepueblatimes.mx\/?s={search_term_string}"},"query-input":"required name=search_term_string"}],"inLanguage":"es"},{"@type":"Person","@id":"https:\/\/thepueblatimes.mx\/#\/schema\/person\/7bdf2adbc50078b104bba72b5612f774","name":"Francisco S\u00e1nchez Nolasco","image":{"@type":"ImageObject","inLanguage":"es","@id":"https:\/\/thepueblatimes.mx\/#\/schema\/person\/image\/","url":"https:\/\/secure.gravatar.com\/avatar\/6061d7d20b38bc2742a5218401b198d2?s=96&d=mm&r=g","contentUrl":"https:\/\/secure.gravatar.com\/avatar\/6061d7d20b38bc2742a5218401b198d2?s=96&d=mm&r=g","caption":"Francisco S\u00e1nchez Nolasco"},"url":"https:\/\/thepueblatimes.mx\/index.php\/author\/marianitha-reyes\/"}]}},"jetpack_featured_media_url":"https:\/\/thepueblatimes.mx\/wp-content\/uploads\/2021\/08\/2F915A86-85EF-40A5-9EA1-62EDECABE879.jpeg","_links":{"self":[{"href":"https:\/\/thepueblatimes.mx\/index.php\/wp-json\/wp\/v2\/posts\/14993"}],"collection":[{"href":"https:\/\/thepueblatimes.mx\/index.php\/wp-json\/wp\/v2\/posts"}],"about":[{"href":"https:\/\/thepueblatimes.mx\/index.php\/wp-json\/wp\/v2\/types\/post"}],"author":[{"embeddable":true,"href":"https:\/\/thepueblatimes.mx\/index.php\/wp-json\/wp\/v2\/users\/15"}],"replies":[{"embeddable":true,"href":"https:\/\/thepueblatimes.mx\/index.php\/wp-json\/wp\/v2\/comments?post=14993"}],"version-history":[{"count":1,"href":"https:\/\/thepueblatimes.mx\/index.php\/wp-json\/wp\/v2\/posts\/14993\/revisions"}],"predecessor-version":[{"id":14995,"href":"https:\/\/thepueblatimes.mx\/index.php\/wp-json\/wp\/v2\/posts\/14993\/revisions\/14995"}],"wp:featuredmedia":[{"embeddable":true,"href":"https:\/\/thepueblatimes.mx\/index.php\/wp-json\/wp\/v2\/media\/14994"}],"wp:attachment":[{"href":"https:\/\/thepueblatimes.mx\/index.php\/wp-json\/wp\/v2\/media?parent=14993"}],"wp:term":[{"taxonomy":"category","embeddable":true,"href":"https:\/\/thepueblatimes.mx\/index.php\/wp-json\/wp\/v2\/categories?post=14993"},{"taxonomy":"post_tag","embeddable":true,"href":"https:\/\/thepueblatimes.mx\/index.php\/wp-json\/wp\/v2\/tags?post=14993"}],"curies":[{"name":"wp","href":"https:\/\/api.w.org\/{rel}","templated":true}]}}