{"id":14980,"date":"2021-07-30T06:40:10","date_gmt":"2021-07-30T11:40:10","guid":{"rendered":"https:\/\/thepueblatimes.mx\/?p=14980"},"modified":"2021-07-30T06:40:10","modified_gmt":"2021-07-30T11:40:10","slug":"sammy-perez-muere-tras-luchar-contra-covid-19-le-dio-un-paro-cardiovascular","status":"publish","type":"post","link":"https:\/\/thepueblatimes.mx\/index.php\/2021\/07\/30\/sammy-perez-muere-tras-luchar-contra-covid-19-le-dio-un-paro-cardiovascular\/","title":{"rendered":"Sammy P\u00e9rez muere tras luchar contra covid-19; le dio un paro cardiovascular"},"content":{"rendered":"<p><b>Sammy P\u00e9rez<\/b>, comediante del programa <b><i>XHDerbez<\/i><\/b><i><\/i>, <b>muri\u00f3 a los 55 a\u00f1os<\/b> de un <b>paro cardiovascular<\/b>\u00a0<a href=\"https:\/\/www.milenio.com\/espectaculos\/famosos\/intuban-a-sammy-perez-tras-ser-hospitalizado-por-covid-19\" target=\"_blank\" rel=\"noopener noreferrer\">tras luchar contra el coronavirus, covid-19, y ser intubado<\/a>, as\u00ed lo informaron en la cuenta oficial de Instagram. El famoso <a href=\"https:\/\/www.milenio.com\/espectaculos\/famosos\/quien-es-sammy-perez-biografia-del-comediante-que-trabajo-con-derbez\" target=\"_blank\" rel=\"noopener noreferrer\">hab\u00eda presentado varias complicaciones tras ser hospitalizado para vencer el virus<\/a>; incluso se hab\u00eda informado que la <b>cuenta hospitalaria rozaba el mill\u00f3n de pesos<\/b>. <b>Te contamos lo que sabemos.\u00a0<\/b><\/p>\n<p>Fue a trav\u00e9s de su cuenta de Instagram en donde se inform\u00f3 que el <a href=\"https:\/\/www.milenio.com\/espectaculos\/famosos\/quien-es-sammy-perez-biografia-del-comediante-que-trabajo-con-derbez\" target=\"_blank\" rel=\"noopener noreferrer\">comediante que salt\u00f3 a la fama por su participaci\u00f3n con Eugenio Derbez hab\u00eda muerto<\/a>.<\/p>\n<p>El comediante <b>muri\u00f3 a las 3:50 horas tras sufrir un infarto cardiovascula<\/b>r:<\/p>\n<p>\u00ab<b>En la madrugada de hoy a las 3:50 am, Sammy P\u00e9rez acaba de sufrir un infarto cardiovascular, su corazoncito a dejado de latir, intentaron hacerle maniobras para salvar su vida pero no pudieron\u00bb,<\/b>escribieron en la cuenta de Instagram.<\/p>\n<p>Asimismo, en la publicaci\u00f3n, <a href=\"https:\/\/imagenes.milenio.com\/p5VzGaMhRyBCaX47umf6Mz_Gp3A=\/958x596\/smart\/https:\/\/www.milenio.com\/uploads\/media\/2021\/07\/29\/sammy-perez-se-encuentra-grave_0_143_499_311.jpg\" target=\"_blank\" rel=\"noopener noreferrer\">explicaron que Sammy P\u00e9rez deja un gran vac\u00edo en el coraz\u00f3n de todos sus seres queridos y fans: <\/a><\/p>\n<p><b>\u00abDescansa en paz, Sammy P\u00e9rez.\u00a0<\/b><b>Nos dejas con un vac\u00edo muy grande en el coraz\u00f3n\u00bb, <\/b>escribieron en Instagram para hacer oficial la noticia sobre su muerte.<\/p>\n","protected":false},"excerpt":{"rendered":"<p>Sammy P\u00e9rez, comediante del programa XHDerbez, muri\u00f3 a los 55 a\u00f1os de un paro cardiovascular\u00a0tras luchar contra el coronavirus, covid-19, y ser intubado, as\u00ed lo informaron en la cuenta oficial de Instagram. El famoso hab\u00eda presentado varias complicaciones tras ser hospitalizado para vencer el virus; incluso se hab\u00eda informado que la cuenta hospitalaria rozaba el&#8230;<\/p>\n","protected":false},"author":15,"featured_media":14981,"comment_status":"open","ping_status":"open","sticky":false,"template":"","format":"standard","meta":[],"categories":[20],"tags":[49],"yoast_head":"<!-- This site is optimized with the Yoast SEO plugin v20.8 - https:\/\/yoast.com\/wordpress\/plugins\/seo\/ -->\n<title>Sammy P\u00e9rez muere tras luchar contra covid-19; le dio un paro cardiovascular - The Puebla Times<\/title>\n<meta name=\"robots\" content=\"index, follow, max-snippet:-1, max-image-preview:large, max-video-preview:-1\" \/>\n<link rel=\"canonical\" href=\"https:\/\/thepueblatimes.mx\/index.php\/2021\/07\/30\/sammy-perez-muere-tras-luchar-contra-covid-19-le-dio-un-paro-cardiovascular\/\" \/>\n<meta property=\"og:locale\" content=\"es_ES\" \/>\n<meta property=\"og:type\" content=\"article\" \/>\n<meta property=\"og:title\" content=\"Sammy P\u00e9rez muere tras luchar contra covid-19; le dio un paro cardiovascular - The Puebla Times\" \/>\n<meta property=\"og:description\" content=\"Sammy P\u00e9rez, comediante del programa XHDerbez, muri\u00f3 a los 55 a\u00f1os de un paro cardiovascular\u00a0tras luchar contra el coronavirus, covid-19, y ser intubado, as\u00ed lo informaron en la cuenta oficial de Instagram. El famoso hab\u00eda presentado varias complicaciones tras ser hospitalizado para vencer el virus; incluso se hab\u00eda informado que la cuenta hospitalaria rozaba el...\" \/>\n<meta property=\"og:url\" content=\"https:\/\/thepueblatimes.mx\/index.php\/2021\/07\/30\/sammy-perez-muere-tras-luchar-contra-covid-19-le-dio-un-paro-cardiovascular\/\" \/>\n<meta property=\"og:site_name\" content=\"The Puebla Times\" \/>\n<meta property=\"article:published_time\" content=\"2021-07-30T11:40:10+00:00\" \/>\n<meta property=\"og:image\" content=\"https:\/\/thepueblatimes.mx\/wp-content\/uploads\/2021\/07\/1C912C83-A351-49A8-AF8D-CEDB27A84A00.jpeg\" \/>\n\t<meta property=\"og:image:width\" content=\"554\" \/>\n\t<meta property=\"og:image:height\" content=\"554\" \/>\n\t<meta property=\"og:image:type\" content=\"image\/jpeg\" \/>\n<meta name=\"author\" content=\"Francisco S\u00e1nchez Nolasco\" \/>\n<meta name=\"twitter:card\" content=\"summary_large_image\" \/>\n<meta name=\"twitter:label1\" content=\"Escrito por\" \/>\n\t<meta name=\"twitter:data1\" content=\"Francisco S\u00e1nchez Nolasco\" \/>\n\t<meta name=\"twitter:label2\" content=\"Tiempo de lectura\" \/>\n\t<meta name=\"twitter:data2\" content=\"1 minuto\" \/>\n<script type=\"application\/ld+json\" class=\"yoast-schema-graph\">{\"@context\":\"https:\/\/schema.org\",\"@graph\":[{\"@type\":\"WebPage\",\"@id\":\"https:\/\/thepueblatimes.mx\/index.php\/2021\/07\/30\/sammy-perez-muere-tras-luchar-contra-covid-19-le-dio-un-paro-cardiovascular\/\",\"url\":\"https:\/\/thepueblatimes.mx\/index.php\/2021\/07\/30\/sammy-perez-muere-tras-luchar-contra-covid-19-le-dio-un-paro-cardiovascular\/\",\"name\":\"Sammy P\u00e9rez muere tras luchar contra covid-19; le dio un paro cardiovascular - The Puebla Times\",\"isPartOf\":{\"@id\":\"https:\/\/thepueblatimes.mx\/#website\"},\"datePublished\":\"2021-07-30T11:40:10+00:00\",\"dateModified\":\"2021-07-30T11:40:10+00:00\",\"author\":{\"@id\":\"https:\/\/thepueblatimes.mx\/#\/schema\/person\/7bdf2adbc50078b104bba72b5612f774\"},\"breadcrumb\":{\"@id\":\"https:\/\/thepueblatimes.mx\/index.php\/2021\/07\/30\/sammy-perez-muere-tras-luchar-contra-covid-19-le-dio-un-paro-cardiovascular\/#breadcrumb\"},\"inLanguage\":\"es\",\"potentialAction\":[{\"@type\":\"ReadAction\",\"target\":[\"https:\/\/thepueblatimes.mx\/index.php\/2021\/07\/30\/sammy-perez-muere-tras-luchar-contra-covid-19-le-dio-un-paro-cardiovascular\/\"]}]},{\"@type\":\"BreadcrumbList\",\"@id\":\"https:\/\/thepueblatimes.mx\/index.php\/2021\/07\/30\/sammy-perez-muere-tras-luchar-contra-covid-19-le-dio-un-paro-cardiovascular\/#breadcrumb\",\"itemListElement\":[{\"@type\":\"ListItem\",\"position\":1,\"name\":\"Portada\",\"item\":\"https:\/\/thepueblatimes.mx\/\"},{\"@type\":\"ListItem\",\"position\":2,\"name\":\"Sammy P\u00e9rez muere tras luchar contra covid-19; le dio un paro cardiovascular\"}]},{\"@type\":\"WebSite\",\"@id\":\"https:\/\/thepueblatimes.mx\/#website\",\"url\":\"https:\/\/thepueblatimes.mx\/\",\"name\":\"The Puebla Times\",\"description\":\"Noticias del Estado de Puebla\",\"potentialAction\":[{\"@type\":\"SearchAction\",\"target\":{\"@type\":\"EntryPoint\",\"urlTemplate\":\"https:\/\/thepueblatimes.mx\/?s={search_term_string}\"},\"query-input\":\"required name=search_term_string\"}],\"inLanguage\":\"es\"},{\"@type\":\"Person\",\"@id\":\"https:\/\/thepueblatimes.mx\/#\/schema\/person\/7bdf2adbc50078b104bba72b5612f774\",\"name\":\"Francisco S\u00e1nchez Nolasco\",\"image\":{\"@type\":\"ImageObject\",\"inLanguage\":\"es\",\"@id\":\"https:\/\/thepueblatimes.mx\/#\/schema\/person\/image\/\",\"url\":\"https:\/\/secure.gravatar.com\/avatar\/6061d7d20b38bc2742a5218401b198d2?s=96&d=mm&r=g\",\"contentUrl\":\"https:\/\/secure.gravatar.com\/avatar\/6061d7d20b38bc2742a5218401b198d2?s=96&d=mm&r=g\",\"caption\":\"Francisco S\u00e1nchez Nolasco\"},\"url\":\"https:\/\/thepueblatimes.mx\/index.php\/author\/marianitha-reyes\/\"}]}<\/script>\n<!-- \/ Yoast SEO plugin. -->","yoast_head_json":{"title":"Sammy P\u00e9rez muere tras luchar contra covid-19; le dio un paro cardiovascular - The Puebla Times","robots":{"index":"index","follow":"follow","max-snippet":"max-snippet:-1","max-image-preview":"max-image-preview:large","max-video-preview":"max-video-preview:-1"},"canonical":"https:\/\/thepueblatimes.mx\/index.php\/2021\/07\/30\/sammy-perez-muere-tras-luchar-contra-covid-19-le-dio-un-paro-cardiovascular\/","og_locale":"es_ES","og_type":"article","og_title":"Sammy P\u00e9rez muere tras luchar contra covid-19; le dio un paro cardiovascular - The Puebla Times","og_description":"Sammy P\u00e9rez, comediante del programa XHDerbez, muri\u00f3 a los 55 a\u00f1os de un paro cardiovascular\u00a0tras luchar contra el coronavirus, covid-19, y ser intubado, as\u00ed lo informaron en la cuenta oficial de Instagram. El famoso hab\u00eda presentado varias complicaciones tras ser hospitalizado para vencer el virus; incluso se hab\u00eda informado que la cuenta hospitalaria rozaba el...","og_url":"https:\/\/thepueblatimes.mx\/index.php\/2021\/07\/30\/sammy-perez-muere-tras-luchar-contra-covid-19-le-dio-un-paro-cardiovascular\/","og_site_name":"The Puebla Times","article_published_time":"2021-07-30T11:40:10+00:00","og_image":[{"width":554,"height":554,"url":"https:\/\/thepueblatimes.mx\/wp-content\/uploads\/2021\/07\/1C912C83-A351-49A8-AF8D-CEDB27A84A00.jpeg","type":"image\/jpeg"}],"author":"Francisco S\u00e1nchez Nolasco","twitter_card":"summary_large_image","twitter_misc":{"Escrito por":"Francisco S\u00e1nchez Nolasco","Tiempo de lectura":"1 minuto"},"schema":{"@context":"https:\/\/schema.org","@graph":[{"@type":"WebPage","@id":"https:\/\/thepueblatimes.mx\/index.php\/2021\/07\/30\/sammy-perez-muere-tras-luchar-contra-covid-19-le-dio-un-paro-cardiovascular\/","url":"https:\/\/thepueblatimes.mx\/index.php\/2021\/07\/30\/sammy-perez-muere-tras-luchar-contra-covid-19-le-dio-un-paro-cardiovascular\/","name":"Sammy P\u00e9rez muere tras luchar contra covid-19; le dio un paro cardiovascular - The Puebla Times","isPartOf":{"@id":"https:\/\/thepueblatimes.mx\/#website"},"datePublished":"2021-07-30T11:40:10+00:00","dateModified":"2021-07-30T11:40:10+00:00","author":{"@id":"https:\/\/thepueblatimes.mx\/#\/schema\/person\/7bdf2adbc50078b104bba72b5612f774"},"breadcrumb":{"@id":"https:\/\/thepueblatimes.mx\/index.php\/2021\/07\/30\/sammy-perez-muere-tras-luchar-contra-covid-19-le-dio-un-paro-cardiovascular\/#breadcrumb"},"inLanguage":"es","potentialAction":[{"@type":"ReadAction","target":["https:\/\/thepueblatimes.mx\/index.php\/2021\/07\/30\/sammy-perez-muere-tras-luchar-contra-covid-19-le-dio-un-paro-cardiovascular\/"]}]},{"@type":"BreadcrumbList","@id":"https:\/\/thepueblatimes.mx\/index.php\/2021\/07\/30\/sammy-perez-muere-tras-luchar-contra-covid-19-le-dio-un-paro-cardiovascular\/#breadcrumb","itemListElement":[{"@type":"ListItem","position":1,"name":"Portada","item":"https:\/\/thepueblatimes.mx\/"},{"@type":"ListItem","position":2,"name":"Sammy P\u00e9rez muere tras luchar contra covid-19; le dio un paro cardiovascular"}]},{"@type":"WebSite","@id":"https:\/\/thepueblatimes.mx\/#website","url":"https:\/\/thepueblatimes.mx\/","name":"The Puebla Times","description":"Noticias del Estado de Puebla","potentialAction":[{"@type":"SearchAction","target":{"@type":"EntryPoint","urlTemplate":"https:\/\/thepueblatimes.mx\/?s={search_term_string}"},"query-input":"required name=search_term_string"}],"inLanguage":"es"},{"@type":"Person","@id":"https:\/\/thepueblatimes.mx\/#\/schema\/person\/7bdf2adbc50078b104bba72b5612f774","name":"Francisco S\u00e1nchez Nolasco","image":{"@type":"ImageObject","inLanguage":"es","@id":"https:\/\/thepueblatimes.mx\/#\/schema\/person\/image\/","url":"https:\/\/secure.gravatar.com\/avatar\/6061d7d20b38bc2742a5218401b198d2?s=96&d=mm&r=g","contentUrl":"https:\/\/secure.gravatar.com\/avatar\/6061d7d20b38bc2742a5218401b198d2?s=96&d=mm&r=g","caption":"Francisco S\u00e1nchez Nolasco"},"url":"https:\/\/thepueblatimes.mx\/index.php\/author\/marianitha-reyes\/"}]}},"jetpack_featured_media_url":"https:\/\/thepueblatimes.mx\/wp-content\/uploads\/2021\/07\/1C912C83-A351-49A8-AF8D-CEDB27A84A00.jpeg","_links":{"self":[{"href":"https:\/\/thepueblatimes.mx\/index.php\/wp-json\/wp\/v2\/posts\/14980"}],"collection":[{"href":"https:\/\/thepueblatimes.mx\/index.php\/wp-json\/wp\/v2\/posts"}],"about":[{"href":"https:\/\/thepueblatimes.mx\/index.php\/wp-json\/wp\/v2\/types\/post"}],"author":[{"embeddable":true,"href":"https:\/\/thepueblatimes.mx\/index.php\/wp-json\/wp\/v2\/users\/15"}],"replies":[{"embeddable":true,"href":"https:\/\/thepueblatimes.mx\/index.php\/wp-json\/wp\/v2\/comments?post=14980"}],"version-history":[{"count":1,"href":"https:\/\/thepueblatimes.mx\/index.php\/wp-json\/wp\/v2\/posts\/14980\/revisions"}],"predecessor-version":[{"id":14982,"href":"https:\/\/thepueblatimes.mx\/index.php\/wp-json\/wp\/v2\/posts\/14980\/revisions\/14982"}],"wp:featuredmedia":[{"embeddable":true,"href":"https:\/\/thepueblatimes.mx\/index.php\/wp-json\/wp\/v2\/media\/14981"}],"wp:attachment":[{"href":"https:\/\/thepueblatimes.mx\/index.php\/wp-json\/wp\/v2\/media?parent=14980"}],"wp:term":[{"taxonomy":"category","embeddable":true,"href":"https:\/\/thepueblatimes.mx\/index.php\/wp-json\/wp\/v2\/categories?post=14980"},{"taxonomy":"post_tag","embeddable":true,"href":"https:\/\/thepueblatimes.mx\/index.php\/wp-json\/wp\/v2\/tags?post=14980"}],"curies":[{"name":"wp","href":"https:\/\/api.w.org\/{rel}","templated":true}]}}