{"id":14977,"date":"2021-07-29T22:14:25","date_gmt":"2021-07-30T03:14:25","guid":{"rendered":"https:\/\/thepueblatimes.mx\/?p=14977"},"modified":"2021-07-29T22:14:25","modified_gmt":"2021-07-30T03:14:25","slug":"hallan-otro-cadaver-a-un-costado-del-canal-en-tecamachalco","status":"publish","type":"post","link":"https:\/\/thepueblatimes.mx\/index.php\/2021\/07\/29\/hallan-otro-cadaver-a-un-costado-del-canal-en-tecamachalco\/","title":{"rendered":"Hallan otro cad\u00e1ver a un costado del canal en Tecamachalco"},"content":{"rendered":"<p>Tecamachalco, Pue.- <strong>La tarde de este mi\u00e9rcoles\u00a0fue encontrado el cad\u00e1ver de un hombre de aproximadamente 40 a\u00f1os de edad, a un costado del canal de Valsequillo,<\/strong> entre los l\u00edmites del municipio de Yehualtepec y la localidad de Xochimilco perteneciente a Tecamachalco.<\/p>\n<p>Fuentes oficiales informaron que durante la tarde de este mi\u00e9rcoles una llamada al 911 inform\u00f3 del hallazgo de un cad\u00e1ver a un costado del canal.<\/p>\n<p>Al lugar acudieron autoridades quienes acordonaron la zona para que minutos despu\u00e9s, personal de la Fiscal\u00eda General del Estado (FGE) realizara el levantamiento del cad\u00e1ver para su traslado al anfiteatro de Tecamachalco quedando en calidad de desconocido.<\/p>\n<p>El occiso qued\u00f3 en calidad de desconocido, y tampoco se inform\u00f3 en qu\u00e9 condiciones fue encontrado el cad\u00e1ver por lo que se inici\u00f3\u00a0una carpeta de investigaci\u00f3n correspondiente.<\/p>\n","protected":false},"excerpt":{"rendered":"<p>Tecamachalco, Pue.- La tarde de este mi\u00e9rcoles\u00a0fue encontrado el cad\u00e1ver de un hombre de aproximadamente 40 a\u00f1os de edad, a un costado del canal de Valsequillo, entre los l\u00edmites del municipio de Yehualtepec y la localidad de Xochimilco perteneciente a Tecamachalco. Fuentes oficiales informaron que durante la tarde de este mi\u00e9rcoles una llamada al 911&#8230;<\/p>\n","protected":false},"author":15,"featured_media":14978,"comment_status":"open","ping_status":"open","sticky":false,"template":"","format":"standard","meta":[],"categories":[20],"tags":[49],"yoast_head":"<!-- This site is optimized with the Yoast SEO plugin v20.8 - https:\/\/yoast.com\/wordpress\/plugins\/seo\/ -->\n<title>Hallan otro cad\u00e1ver a un costado del canal en Tecamachalco - The Puebla Times<\/title>\n<meta name=\"robots\" content=\"index, follow, max-snippet:-1, max-image-preview:large, max-video-preview:-1\" \/>\n<link rel=\"canonical\" href=\"https:\/\/thepueblatimes.mx\/index.php\/2021\/07\/29\/hallan-otro-cadaver-a-un-costado-del-canal-en-tecamachalco\/\" \/>\n<meta property=\"og:locale\" content=\"es_ES\" \/>\n<meta property=\"og:type\" content=\"article\" \/>\n<meta property=\"og:title\" content=\"Hallan otro cad\u00e1ver a un costado del canal en Tecamachalco - The Puebla Times\" \/>\n<meta property=\"og:description\" content=\"Tecamachalco, Pue.- La tarde de este mi\u00e9rcoles\u00a0fue encontrado el cad\u00e1ver de un hombre de aproximadamente 40 a\u00f1os de edad, a un costado del canal de Valsequillo, entre los l\u00edmites del municipio de Yehualtepec y la localidad de Xochimilco perteneciente a Tecamachalco. Fuentes oficiales informaron que durante la tarde de este mi\u00e9rcoles una llamada al 911...\" \/>\n<meta property=\"og:url\" content=\"https:\/\/thepueblatimes.mx\/index.php\/2021\/07\/29\/hallan-otro-cadaver-a-un-costado-del-canal-en-tecamachalco\/\" \/>\n<meta property=\"og:site_name\" content=\"The Puebla Times\" \/>\n<meta property=\"article:published_time\" content=\"2021-07-30T03:14:25+00:00\" \/>\n<meta property=\"og:image\" content=\"https:\/\/thepueblatimes.mx\/wp-content\/uploads\/2021\/07\/92DAD4B2-30F1-4575-AE60-3E3CA056E120.jpeg\" \/>\n\t<meta property=\"og:image:width\" content=\"1280\" \/>\n\t<meta property=\"og:image:height\" content=\"718\" \/>\n\t<meta property=\"og:image:type\" content=\"image\/jpeg\" \/>\n<meta name=\"author\" content=\"Francisco S\u00e1nchez Nolasco\" \/>\n<meta name=\"twitter:card\" content=\"summary_large_image\" \/>\n<meta name=\"twitter:label1\" content=\"Escrito por\" \/>\n\t<meta name=\"twitter:data1\" content=\"Francisco S\u00e1nchez Nolasco\" \/>\n\t<meta name=\"twitter:label2\" content=\"Tiempo de lectura\" \/>\n\t<meta name=\"twitter:data2\" content=\"1 minuto\" \/>\n<script type=\"application\/ld+json\" class=\"yoast-schema-graph\">{\"@context\":\"https:\/\/schema.org\",\"@graph\":[{\"@type\":\"WebPage\",\"@id\":\"https:\/\/thepueblatimes.mx\/index.php\/2021\/07\/29\/hallan-otro-cadaver-a-un-costado-del-canal-en-tecamachalco\/\",\"url\":\"https:\/\/thepueblatimes.mx\/index.php\/2021\/07\/29\/hallan-otro-cadaver-a-un-costado-del-canal-en-tecamachalco\/\",\"name\":\"Hallan otro cad\u00e1ver a un costado del canal en Tecamachalco - The Puebla Times\",\"isPartOf\":{\"@id\":\"https:\/\/thepueblatimes.mx\/#website\"},\"datePublished\":\"2021-07-30T03:14:25+00:00\",\"dateModified\":\"2021-07-30T03:14:25+00:00\",\"author\":{\"@id\":\"https:\/\/thepueblatimes.mx\/#\/schema\/person\/7bdf2adbc50078b104bba72b5612f774\"},\"breadcrumb\":{\"@id\":\"https:\/\/thepueblatimes.mx\/index.php\/2021\/07\/29\/hallan-otro-cadaver-a-un-costado-del-canal-en-tecamachalco\/#breadcrumb\"},\"inLanguage\":\"es\",\"potentialAction\":[{\"@type\":\"ReadAction\",\"target\":[\"https:\/\/thepueblatimes.mx\/index.php\/2021\/07\/29\/hallan-otro-cadaver-a-un-costado-del-canal-en-tecamachalco\/\"]}]},{\"@type\":\"BreadcrumbList\",\"@id\":\"https:\/\/thepueblatimes.mx\/index.php\/2021\/07\/29\/hallan-otro-cadaver-a-un-costado-del-canal-en-tecamachalco\/#breadcrumb\",\"itemListElement\":[{\"@type\":\"ListItem\",\"position\":1,\"name\":\"Portada\",\"item\":\"https:\/\/thepueblatimes.mx\/\"},{\"@type\":\"ListItem\",\"position\":2,\"name\":\"Hallan otro cad\u00e1ver a un costado del canal en Tecamachalco\"}]},{\"@type\":\"WebSite\",\"@id\":\"https:\/\/thepueblatimes.mx\/#website\",\"url\":\"https:\/\/thepueblatimes.mx\/\",\"name\":\"The Puebla Times\",\"description\":\"Noticias del Estado de Puebla\",\"potentialAction\":[{\"@type\":\"SearchAction\",\"target\":{\"@type\":\"EntryPoint\",\"urlTemplate\":\"https:\/\/thepueblatimes.mx\/?s={search_term_string}\"},\"query-input\":\"required name=search_term_string\"}],\"inLanguage\":\"es\"},{\"@type\":\"Person\",\"@id\":\"https:\/\/thepueblatimes.mx\/#\/schema\/person\/7bdf2adbc50078b104bba72b5612f774\",\"name\":\"Francisco S\u00e1nchez Nolasco\",\"image\":{\"@type\":\"ImageObject\",\"inLanguage\":\"es\",\"@id\":\"https:\/\/thepueblatimes.mx\/#\/schema\/person\/image\/\",\"url\":\"https:\/\/secure.gravatar.com\/avatar\/6061d7d20b38bc2742a5218401b198d2?s=96&d=mm&r=g\",\"contentUrl\":\"https:\/\/secure.gravatar.com\/avatar\/6061d7d20b38bc2742a5218401b198d2?s=96&d=mm&r=g\",\"caption\":\"Francisco S\u00e1nchez Nolasco\"},\"url\":\"https:\/\/thepueblatimes.mx\/index.php\/author\/marianitha-reyes\/\"}]}<\/script>\n<!-- \/ Yoast SEO plugin. -->","yoast_head_json":{"title":"Hallan otro cad\u00e1ver a un costado del canal en Tecamachalco - The Puebla Times","robots":{"index":"index","follow":"follow","max-snippet":"max-snippet:-1","max-image-preview":"max-image-preview:large","max-video-preview":"max-video-preview:-1"},"canonical":"https:\/\/thepueblatimes.mx\/index.php\/2021\/07\/29\/hallan-otro-cadaver-a-un-costado-del-canal-en-tecamachalco\/","og_locale":"es_ES","og_type":"article","og_title":"Hallan otro cad\u00e1ver a un costado del canal en Tecamachalco - The Puebla Times","og_description":"Tecamachalco, Pue.- La tarde de este mi\u00e9rcoles\u00a0fue encontrado el cad\u00e1ver de un hombre de aproximadamente 40 a\u00f1os de edad, a un costado del canal de Valsequillo, entre los l\u00edmites del municipio de Yehualtepec y la localidad de Xochimilco perteneciente a Tecamachalco. Fuentes oficiales informaron que durante la tarde de este mi\u00e9rcoles una llamada al 911...","og_url":"https:\/\/thepueblatimes.mx\/index.php\/2021\/07\/29\/hallan-otro-cadaver-a-un-costado-del-canal-en-tecamachalco\/","og_site_name":"The Puebla Times","article_published_time":"2021-07-30T03:14:25+00:00","og_image":[{"width":1280,"height":718,"url":"https:\/\/thepueblatimes.mx\/wp-content\/uploads\/2021\/07\/92DAD4B2-30F1-4575-AE60-3E3CA056E120.jpeg","type":"image\/jpeg"}],"author":"Francisco S\u00e1nchez Nolasco","twitter_card":"summary_large_image","twitter_misc":{"Escrito por":"Francisco S\u00e1nchez Nolasco","Tiempo de lectura":"1 minuto"},"schema":{"@context":"https:\/\/schema.org","@graph":[{"@type":"WebPage","@id":"https:\/\/thepueblatimes.mx\/index.php\/2021\/07\/29\/hallan-otro-cadaver-a-un-costado-del-canal-en-tecamachalco\/","url":"https:\/\/thepueblatimes.mx\/index.php\/2021\/07\/29\/hallan-otro-cadaver-a-un-costado-del-canal-en-tecamachalco\/","name":"Hallan otro cad\u00e1ver a un costado del canal en Tecamachalco - The Puebla Times","isPartOf":{"@id":"https:\/\/thepueblatimes.mx\/#website"},"datePublished":"2021-07-30T03:14:25+00:00","dateModified":"2021-07-30T03:14:25+00:00","author":{"@id":"https:\/\/thepueblatimes.mx\/#\/schema\/person\/7bdf2adbc50078b104bba72b5612f774"},"breadcrumb":{"@id":"https:\/\/thepueblatimes.mx\/index.php\/2021\/07\/29\/hallan-otro-cadaver-a-un-costado-del-canal-en-tecamachalco\/#breadcrumb"},"inLanguage":"es","potentialAction":[{"@type":"ReadAction","target":["https:\/\/thepueblatimes.mx\/index.php\/2021\/07\/29\/hallan-otro-cadaver-a-un-costado-del-canal-en-tecamachalco\/"]}]},{"@type":"BreadcrumbList","@id":"https:\/\/thepueblatimes.mx\/index.php\/2021\/07\/29\/hallan-otro-cadaver-a-un-costado-del-canal-en-tecamachalco\/#breadcrumb","itemListElement":[{"@type":"ListItem","position":1,"name":"Portada","item":"https:\/\/thepueblatimes.mx\/"},{"@type":"ListItem","position":2,"name":"Hallan otro cad\u00e1ver a un costado del canal en Tecamachalco"}]},{"@type":"WebSite","@id":"https:\/\/thepueblatimes.mx\/#website","url":"https:\/\/thepueblatimes.mx\/","name":"The Puebla Times","description":"Noticias del Estado de Puebla","potentialAction":[{"@type":"SearchAction","target":{"@type":"EntryPoint","urlTemplate":"https:\/\/thepueblatimes.mx\/?s={search_term_string}"},"query-input":"required name=search_term_string"}],"inLanguage":"es"},{"@type":"Person","@id":"https:\/\/thepueblatimes.mx\/#\/schema\/person\/7bdf2adbc50078b104bba72b5612f774","name":"Francisco S\u00e1nchez Nolasco","image":{"@type":"ImageObject","inLanguage":"es","@id":"https:\/\/thepueblatimes.mx\/#\/schema\/person\/image\/","url":"https:\/\/secure.gravatar.com\/avatar\/6061d7d20b38bc2742a5218401b198d2?s=96&d=mm&r=g","contentUrl":"https:\/\/secure.gravatar.com\/avatar\/6061d7d20b38bc2742a5218401b198d2?s=96&d=mm&r=g","caption":"Francisco S\u00e1nchez Nolasco"},"url":"https:\/\/thepueblatimes.mx\/index.php\/author\/marianitha-reyes\/"}]}},"jetpack_featured_media_url":"https:\/\/thepueblatimes.mx\/wp-content\/uploads\/2021\/07\/92DAD4B2-30F1-4575-AE60-3E3CA056E120.jpeg","_links":{"self":[{"href":"https:\/\/thepueblatimes.mx\/index.php\/wp-json\/wp\/v2\/posts\/14977"}],"collection":[{"href":"https:\/\/thepueblatimes.mx\/index.php\/wp-json\/wp\/v2\/posts"}],"about":[{"href":"https:\/\/thepueblatimes.mx\/index.php\/wp-json\/wp\/v2\/types\/post"}],"author":[{"embeddable":true,"href":"https:\/\/thepueblatimes.mx\/index.php\/wp-json\/wp\/v2\/users\/15"}],"replies":[{"embeddable":true,"href":"https:\/\/thepueblatimes.mx\/index.php\/wp-json\/wp\/v2\/comments?post=14977"}],"version-history":[{"count":1,"href":"https:\/\/thepueblatimes.mx\/index.php\/wp-json\/wp\/v2\/posts\/14977\/revisions"}],"predecessor-version":[{"id":14979,"href":"https:\/\/thepueblatimes.mx\/index.php\/wp-json\/wp\/v2\/posts\/14977\/revisions\/14979"}],"wp:featuredmedia":[{"embeddable":true,"href":"https:\/\/thepueblatimes.mx\/index.php\/wp-json\/wp\/v2\/media\/14978"}],"wp:attachment":[{"href":"https:\/\/thepueblatimes.mx\/index.php\/wp-json\/wp\/v2\/media?parent=14977"}],"wp:term":[{"taxonomy":"category","embeddable":true,"href":"https:\/\/thepueblatimes.mx\/index.php\/wp-json\/wp\/v2\/categories?post=14977"},{"taxonomy":"post_tag","embeddable":true,"href":"https:\/\/thepueblatimes.mx\/index.php\/wp-json\/wp\/v2\/tags?post=14977"}],"curies":[{"name":"wp","href":"https:\/\/api.w.org\/{rel}","templated":true}]}}