{"id":14974,"date":"2021-07-29T22:12:09","date_gmt":"2021-07-30T03:12:09","guid":{"rendered":"https:\/\/thepueblatimes.mx\/?p=14974"},"modified":"2021-07-29T22:12:09","modified_gmt":"2021-07-30T03:12:09","slug":"sujeto-destroza-capilla-y-genera-incendio-en-cerro-de-chilac","status":"publish","type":"post","link":"https:\/\/thepueblatimes.mx\/index.php\/2021\/07\/29\/sujeto-destroza-capilla-y-genera-incendio-en-cerro-de-chilac\/","title":{"rendered":"Sujeto destroza capilla y genera incendio en cerro de Chilac"},"content":{"rendered":"<p>San Gabriel Chilac, Pue.-<strong>Un sujeto de alrededor de 50 a\u00f1os que presuntamente padece de sus facultades mentales, destroz\u00f3\u00a0la capilla edificada a la Virgen de Guadalupe en el Cerro de Las Cumbres<\/strong> de la junta auxiliar de San Juan Atzingo, perteneciente al municipio de <strong>San Gabriel Chilac<\/strong>, adem\u00e1s provoc\u00f3 un incendio forestal que arraso con m\u00e1s de una hect\u00e1rea\u00a0de \u00e1rboles de pino.<\/p>\n<p>Los hechos ocurrieron la tarde del pasado martes, cuando autoridades municipales fueron alertadas de que en el Cerro de Las Cumbres se estaba registrando un incendio, el cual era de gran extensi\u00f3n y se pod\u00eda ver desde varios puntos de la poblaci\u00f3n, por lo que inmediatamente ejidatarios y pobladores se trasladaban al sitio para tratar de sofocarlo.<\/p>\n<p>Los pobladores al estar cerca de la capilla, descubrieron que la imagen de la virgen hab\u00eda sido destruida, al igual que varios santos, las bocinas y micr\u00f3fono tambi\u00e9n estaban destrozados, adem\u00e1s de que la campana con la que llamaban a misa durante las celebraciones eucar\u00edsticas de m\u00e1s de 50 kilos hab\u00eda\u00a0desaparecido.<\/p>\n<p>No conforme con estos el o los responsables prendieron fuego, ocasionando que m\u00e1s de 150 \u00e1rboles de pino fueran consumidos por las llamas, por lo que inmediatamente los habitantes empezaron a realizar un recorrido para dar con los responsables, en tanto brigadas de San Juan, as\u00ed como San Luis Atolotitl\u00e1n realizaron acciones para sofocar el incendio.<\/p>\n<p>El director de Seguridad P\u00fablica, Ren\u00e9 Alejandro Arriaga Mart\u00ednez manifest\u00f3 que lamentablemente este incendio forestal en el ejido de San Juan Atzingo, caus\u00f3 un da\u00f1o ecol\u00f3gico a la zona de \u00e1rboles de esta comunidad, adem\u00e1s a la capilla la cual a\u00f1o con a\u00f1o visitan los peregrinos y aun cuando se detuvo al presunto responsables no se pudo poner a disposici\u00f3n de la Fiscal\u00eda General del Estado (FGE), al ser no ser imputable, por presuntamente padecer de sus facultades mentales.<\/p>\n<div class=\"row publi-cont\"><\/div>\n","protected":false},"excerpt":{"rendered":"<p>San Gabriel Chilac, Pue.-Un sujeto de alrededor de 50 a\u00f1os que presuntamente padece de sus facultades mentales, destroz\u00f3\u00a0la capilla edificada a la Virgen de Guadalupe en el Cerro de Las Cumbres de la junta auxiliar de San Juan Atzingo, perteneciente al municipio de San Gabriel Chilac, adem\u00e1s provoc\u00f3 un incendio forestal que arraso con m\u00e1s&#8230;<\/p>\n","protected":false},"author":15,"featured_media":14975,"comment_status":"open","ping_status":"open","sticky":false,"template":"","format":"standard","meta":[],"categories":[20],"tags":[49],"yoast_head":"<!-- This site is optimized with the Yoast SEO plugin v20.8 - https:\/\/yoast.com\/wordpress\/plugins\/seo\/ -->\n<title>Sujeto destroza capilla y genera incendio en cerro de Chilac - The Puebla Times<\/title>\n<meta name=\"robots\" content=\"index, follow, max-snippet:-1, max-image-preview:large, max-video-preview:-1\" \/>\n<link rel=\"canonical\" href=\"https:\/\/thepueblatimes.mx\/index.php\/2021\/07\/29\/sujeto-destroza-capilla-y-genera-incendio-en-cerro-de-chilac\/\" \/>\n<meta property=\"og:locale\" content=\"es_ES\" \/>\n<meta property=\"og:type\" content=\"article\" \/>\n<meta property=\"og:title\" content=\"Sujeto destroza capilla y genera incendio en cerro de Chilac - The Puebla Times\" \/>\n<meta property=\"og:description\" content=\"San Gabriel Chilac, Pue.-Un sujeto de alrededor de 50 a\u00f1os que presuntamente padece de sus facultades mentales, destroz\u00f3\u00a0la capilla edificada a la Virgen de Guadalupe en el Cerro de Las Cumbres de la junta auxiliar de San Juan Atzingo, perteneciente al municipio de San Gabriel Chilac, adem\u00e1s provoc\u00f3 un incendio forestal que arraso con m\u00e1s...\" \/>\n<meta property=\"og:url\" content=\"https:\/\/thepueblatimes.mx\/index.php\/2021\/07\/29\/sujeto-destroza-capilla-y-genera-incendio-en-cerro-de-chilac\/\" \/>\n<meta property=\"og:site_name\" content=\"The Puebla Times\" \/>\n<meta property=\"article:published_time\" content=\"2021-07-30T03:12:09+00:00\" \/>\n<meta property=\"og:image\" content=\"https:\/\/thepueblatimes.mx\/wp-content\/uploads\/2021\/07\/3A3E446D-0F92-4755-9C35-BCF8ACEBEA49.jpeg\" \/>\n\t<meta property=\"og:image:width\" content=\"650\" \/>\n\t<meta property=\"og:image:height\" content=\"441\" \/>\n\t<meta property=\"og:image:type\" content=\"image\/jpeg\" \/>\n<meta name=\"author\" content=\"Francisco S\u00e1nchez Nolasco\" \/>\n<meta name=\"twitter:card\" content=\"summary_large_image\" \/>\n<meta name=\"twitter:label1\" content=\"Escrito por\" \/>\n\t<meta name=\"twitter:data1\" content=\"Francisco S\u00e1nchez Nolasco\" \/>\n\t<meta name=\"twitter:label2\" content=\"Tiempo de lectura\" \/>\n\t<meta name=\"twitter:data2\" content=\"2 minutos\" \/>\n<script type=\"application\/ld+json\" class=\"yoast-schema-graph\">{\"@context\":\"https:\/\/schema.org\",\"@graph\":[{\"@type\":\"WebPage\",\"@id\":\"https:\/\/thepueblatimes.mx\/index.php\/2021\/07\/29\/sujeto-destroza-capilla-y-genera-incendio-en-cerro-de-chilac\/\",\"url\":\"https:\/\/thepueblatimes.mx\/index.php\/2021\/07\/29\/sujeto-destroza-capilla-y-genera-incendio-en-cerro-de-chilac\/\",\"name\":\"Sujeto destroza capilla y genera incendio en cerro de Chilac - The Puebla Times\",\"isPartOf\":{\"@id\":\"https:\/\/thepueblatimes.mx\/#website\"},\"datePublished\":\"2021-07-30T03:12:09+00:00\",\"dateModified\":\"2021-07-30T03:12:09+00:00\",\"author\":{\"@id\":\"https:\/\/thepueblatimes.mx\/#\/schema\/person\/7bdf2adbc50078b104bba72b5612f774\"},\"breadcrumb\":{\"@id\":\"https:\/\/thepueblatimes.mx\/index.php\/2021\/07\/29\/sujeto-destroza-capilla-y-genera-incendio-en-cerro-de-chilac\/#breadcrumb\"},\"inLanguage\":\"es\",\"potentialAction\":[{\"@type\":\"ReadAction\",\"target\":[\"https:\/\/thepueblatimes.mx\/index.php\/2021\/07\/29\/sujeto-destroza-capilla-y-genera-incendio-en-cerro-de-chilac\/\"]}]},{\"@type\":\"BreadcrumbList\",\"@id\":\"https:\/\/thepueblatimes.mx\/index.php\/2021\/07\/29\/sujeto-destroza-capilla-y-genera-incendio-en-cerro-de-chilac\/#breadcrumb\",\"itemListElement\":[{\"@type\":\"ListItem\",\"position\":1,\"name\":\"Portada\",\"item\":\"https:\/\/thepueblatimes.mx\/\"},{\"@type\":\"ListItem\",\"position\":2,\"name\":\"Sujeto destroza capilla y genera incendio en cerro de Chilac\"}]},{\"@type\":\"WebSite\",\"@id\":\"https:\/\/thepueblatimes.mx\/#website\",\"url\":\"https:\/\/thepueblatimes.mx\/\",\"name\":\"The Puebla Times\",\"description\":\"Noticias del Estado de Puebla\",\"potentialAction\":[{\"@type\":\"SearchAction\",\"target\":{\"@type\":\"EntryPoint\",\"urlTemplate\":\"https:\/\/thepueblatimes.mx\/?s={search_term_string}\"},\"query-input\":\"required name=search_term_string\"}],\"inLanguage\":\"es\"},{\"@type\":\"Person\",\"@id\":\"https:\/\/thepueblatimes.mx\/#\/schema\/person\/7bdf2adbc50078b104bba72b5612f774\",\"name\":\"Francisco S\u00e1nchez Nolasco\",\"image\":{\"@type\":\"ImageObject\",\"inLanguage\":\"es\",\"@id\":\"https:\/\/thepueblatimes.mx\/#\/schema\/person\/image\/\",\"url\":\"https:\/\/secure.gravatar.com\/avatar\/6061d7d20b38bc2742a5218401b198d2?s=96&d=mm&r=g\",\"contentUrl\":\"https:\/\/secure.gravatar.com\/avatar\/6061d7d20b38bc2742a5218401b198d2?s=96&d=mm&r=g\",\"caption\":\"Francisco S\u00e1nchez Nolasco\"},\"url\":\"https:\/\/thepueblatimes.mx\/index.php\/author\/marianitha-reyes\/\"}]}<\/script>\n<!-- \/ Yoast SEO plugin. -->","yoast_head_json":{"title":"Sujeto destroza capilla y genera incendio en cerro de Chilac - The Puebla Times","robots":{"index":"index","follow":"follow","max-snippet":"max-snippet:-1","max-image-preview":"max-image-preview:large","max-video-preview":"max-video-preview:-1"},"canonical":"https:\/\/thepueblatimes.mx\/index.php\/2021\/07\/29\/sujeto-destroza-capilla-y-genera-incendio-en-cerro-de-chilac\/","og_locale":"es_ES","og_type":"article","og_title":"Sujeto destroza capilla y genera incendio en cerro de Chilac - The Puebla Times","og_description":"San Gabriel Chilac, Pue.-Un sujeto de alrededor de 50 a\u00f1os que presuntamente padece de sus facultades mentales, destroz\u00f3\u00a0la capilla edificada a la Virgen de Guadalupe en el Cerro de Las Cumbres de la junta auxiliar de San Juan Atzingo, perteneciente al municipio de San Gabriel Chilac, adem\u00e1s provoc\u00f3 un incendio forestal que arraso con m\u00e1s...","og_url":"https:\/\/thepueblatimes.mx\/index.php\/2021\/07\/29\/sujeto-destroza-capilla-y-genera-incendio-en-cerro-de-chilac\/","og_site_name":"The Puebla Times","article_published_time":"2021-07-30T03:12:09+00:00","og_image":[{"width":650,"height":441,"url":"https:\/\/thepueblatimes.mx\/wp-content\/uploads\/2021\/07\/3A3E446D-0F92-4755-9C35-BCF8ACEBEA49.jpeg","type":"image\/jpeg"}],"author":"Francisco S\u00e1nchez Nolasco","twitter_card":"summary_large_image","twitter_misc":{"Escrito por":"Francisco S\u00e1nchez Nolasco","Tiempo de lectura":"2 minutos"},"schema":{"@context":"https:\/\/schema.org","@graph":[{"@type":"WebPage","@id":"https:\/\/thepueblatimes.mx\/index.php\/2021\/07\/29\/sujeto-destroza-capilla-y-genera-incendio-en-cerro-de-chilac\/","url":"https:\/\/thepueblatimes.mx\/index.php\/2021\/07\/29\/sujeto-destroza-capilla-y-genera-incendio-en-cerro-de-chilac\/","name":"Sujeto destroza capilla y genera incendio en cerro de Chilac - The Puebla Times","isPartOf":{"@id":"https:\/\/thepueblatimes.mx\/#website"},"datePublished":"2021-07-30T03:12:09+00:00","dateModified":"2021-07-30T03:12:09+00:00","author":{"@id":"https:\/\/thepueblatimes.mx\/#\/schema\/person\/7bdf2adbc50078b104bba72b5612f774"},"breadcrumb":{"@id":"https:\/\/thepueblatimes.mx\/index.php\/2021\/07\/29\/sujeto-destroza-capilla-y-genera-incendio-en-cerro-de-chilac\/#breadcrumb"},"inLanguage":"es","potentialAction":[{"@type":"ReadAction","target":["https:\/\/thepueblatimes.mx\/index.php\/2021\/07\/29\/sujeto-destroza-capilla-y-genera-incendio-en-cerro-de-chilac\/"]}]},{"@type":"BreadcrumbList","@id":"https:\/\/thepueblatimes.mx\/index.php\/2021\/07\/29\/sujeto-destroza-capilla-y-genera-incendio-en-cerro-de-chilac\/#breadcrumb","itemListElement":[{"@type":"ListItem","position":1,"name":"Portada","item":"https:\/\/thepueblatimes.mx\/"},{"@type":"ListItem","position":2,"name":"Sujeto destroza capilla y genera incendio en cerro de Chilac"}]},{"@type":"WebSite","@id":"https:\/\/thepueblatimes.mx\/#website","url":"https:\/\/thepueblatimes.mx\/","name":"The Puebla Times","description":"Noticias del Estado de Puebla","potentialAction":[{"@type":"SearchAction","target":{"@type":"EntryPoint","urlTemplate":"https:\/\/thepueblatimes.mx\/?s={search_term_string}"},"query-input":"required name=search_term_string"}],"inLanguage":"es"},{"@type":"Person","@id":"https:\/\/thepueblatimes.mx\/#\/schema\/person\/7bdf2adbc50078b104bba72b5612f774","name":"Francisco S\u00e1nchez Nolasco","image":{"@type":"ImageObject","inLanguage":"es","@id":"https:\/\/thepueblatimes.mx\/#\/schema\/person\/image\/","url":"https:\/\/secure.gravatar.com\/avatar\/6061d7d20b38bc2742a5218401b198d2?s=96&d=mm&r=g","contentUrl":"https:\/\/secure.gravatar.com\/avatar\/6061d7d20b38bc2742a5218401b198d2?s=96&d=mm&r=g","caption":"Francisco S\u00e1nchez Nolasco"},"url":"https:\/\/thepueblatimes.mx\/index.php\/author\/marianitha-reyes\/"}]}},"jetpack_featured_media_url":"https:\/\/thepueblatimes.mx\/wp-content\/uploads\/2021\/07\/3A3E446D-0F92-4755-9C35-BCF8ACEBEA49.jpeg","_links":{"self":[{"href":"https:\/\/thepueblatimes.mx\/index.php\/wp-json\/wp\/v2\/posts\/14974"}],"collection":[{"href":"https:\/\/thepueblatimes.mx\/index.php\/wp-json\/wp\/v2\/posts"}],"about":[{"href":"https:\/\/thepueblatimes.mx\/index.php\/wp-json\/wp\/v2\/types\/post"}],"author":[{"embeddable":true,"href":"https:\/\/thepueblatimes.mx\/index.php\/wp-json\/wp\/v2\/users\/15"}],"replies":[{"embeddable":true,"href":"https:\/\/thepueblatimes.mx\/index.php\/wp-json\/wp\/v2\/comments?post=14974"}],"version-history":[{"count":1,"href":"https:\/\/thepueblatimes.mx\/index.php\/wp-json\/wp\/v2\/posts\/14974\/revisions"}],"predecessor-version":[{"id":14976,"href":"https:\/\/thepueblatimes.mx\/index.php\/wp-json\/wp\/v2\/posts\/14974\/revisions\/14976"}],"wp:featuredmedia":[{"embeddable":true,"href":"https:\/\/thepueblatimes.mx\/index.php\/wp-json\/wp\/v2\/media\/14975"}],"wp:attachment":[{"href":"https:\/\/thepueblatimes.mx\/index.php\/wp-json\/wp\/v2\/media?parent=14974"}],"wp:term":[{"taxonomy":"category","embeddable":true,"href":"https:\/\/thepueblatimes.mx\/index.php\/wp-json\/wp\/v2\/categories?post=14974"},{"taxonomy":"post_tag","embeddable":true,"href":"https:\/\/thepueblatimes.mx\/index.php\/wp-json\/wp\/v2\/tags?post=14974"}],"curies":[{"name":"wp","href":"https:\/\/api.w.org\/{rel}","templated":true}]}}