{"id":14968,"date":"2021-07-29T22:08:09","date_gmt":"2021-07-30T03:08:09","guid":{"rendered":"https:\/\/thepueblatimes.mx\/?p=14968"},"modified":"2021-07-29T22:08:09","modified_gmt":"2021-07-30T03:08:09","slug":"se-puso-celosa-de-su-hija-violada-por-su-padrastro-en-puebla","status":"publish","type":"post","link":"https:\/\/thepueblatimes.mx\/index.php\/2021\/07\/29\/se-puso-celosa-de-su-hija-violada-por-su-padrastro-en-puebla\/","title":{"rendered":"Se puso celosa de su hija violada por su padrastro en Puebla"},"content":{"rendered":"<p>Puebla, Pue.- <strong>Durante un a\u00f1o, una ni\u00f1a de 12 a\u00f1os de edad fue abusada sexualmente por su padrastro de nombre Salvador, quien incluso, cont\u00f3 con el aval de Elizabeth, madre de la v\u00edctima.<\/strong><\/p>\n<p>La ni\u00f1a fue amenazada por su agresor con llev\u00e1rsela lejos si le dec\u00eda algo a su mam\u00e1. Sin embargo, <strong>cuando por fin le cont\u00f3 sobre el abuso a su madre, en lugar de protegerla, dud\u00f3 de su versi\u00f3n y la empez\u00f3 a maltratar. <\/strong><\/p>\n<p><strong>La mujer, v\u00edctima de celos, acus\u00f3 a su hija de mentir para impedir que fuera feliz con su pareja.<\/strong><\/p>\n<p>Ante los abusos, <strong>la ni\u00f1a logr\u00f3 llegar a casa de sus abuelos, donde confes\u00f3 el abus\u00f3<\/strong>.<\/p>\n<p>Los abuelos y la t\u00eda de la ni\u00f1a, llamaron a <strong>Elizabeth<\/strong> para pedirle que denunciara a Salvador por la violaci\u00f3n a su hija, pero una vez m\u00e1s <strong>sali\u00f3 en defensa de su pareja y afirm\u00f3 que la ni\u00f1a ment\u00eda<\/strong>.<\/p>\n<div class=\"row publi-cont\"><\/div>\n","protected":false},"excerpt":{"rendered":"<p>Puebla, Pue.- Durante un a\u00f1o, una ni\u00f1a de 12 a\u00f1os de edad fue abusada sexualmente por su padrastro de nombre Salvador, quien incluso, cont\u00f3 con el aval de Elizabeth, madre de la v\u00edctima. La ni\u00f1a fue amenazada por su agresor con llev\u00e1rsela lejos si le dec\u00eda algo a su mam\u00e1. Sin embargo, cuando por fin&#8230;<\/p>\n","protected":false},"author":15,"featured_media":14969,"comment_status":"open","ping_status":"open","sticky":false,"template":"","format":"standard","meta":[],"categories":[20],"tags":[49],"yoast_head":"<!-- This site is optimized with the Yoast SEO plugin v20.8 - https:\/\/yoast.com\/wordpress\/plugins\/seo\/ -->\n<title>Se puso celosa de su hija violada por su padrastro en Puebla - The Puebla Times<\/title>\n<meta name=\"robots\" content=\"index, follow, max-snippet:-1, max-image-preview:large, max-video-preview:-1\" \/>\n<link rel=\"canonical\" href=\"https:\/\/thepueblatimes.mx\/index.php\/2021\/07\/29\/se-puso-celosa-de-su-hija-violada-por-su-padrastro-en-puebla\/\" \/>\n<meta property=\"og:locale\" content=\"es_ES\" \/>\n<meta property=\"og:type\" content=\"article\" \/>\n<meta property=\"og:title\" content=\"Se puso celosa de su hija violada por su padrastro en Puebla - The Puebla Times\" \/>\n<meta property=\"og:description\" content=\"Puebla, Pue.- Durante un a\u00f1o, una ni\u00f1a de 12 a\u00f1os de edad fue abusada sexualmente por su padrastro de nombre Salvador, quien incluso, cont\u00f3 con el aval de Elizabeth, madre de la v\u00edctima. La ni\u00f1a fue amenazada por su agresor con llev\u00e1rsela lejos si le dec\u00eda algo a su mam\u00e1. Sin embargo, cuando por fin...\" \/>\n<meta property=\"og:url\" content=\"https:\/\/thepueblatimes.mx\/index.php\/2021\/07\/29\/se-puso-celosa-de-su-hija-violada-por-su-padrastro-en-puebla\/\" \/>\n<meta property=\"og:site_name\" content=\"The Puebla Times\" \/>\n<meta property=\"article:published_time\" content=\"2021-07-30T03:08:09+00:00\" \/>\n<meta property=\"og:image\" content=\"https:\/\/thepueblatimes.mx\/wp-content\/uploads\/2021\/07\/DBF31262-2328-4152-9FFE-A19774C9FBB0.jpeg\" \/>\n\t<meta property=\"og:image:width\" content=\"640\" \/>\n\t<meta property=\"og:image:height\" content=\"426\" \/>\n\t<meta property=\"og:image:type\" content=\"image\/jpeg\" \/>\n<meta name=\"author\" content=\"Francisco S\u00e1nchez Nolasco\" \/>\n<meta name=\"twitter:card\" content=\"summary_large_image\" \/>\n<meta name=\"twitter:label1\" content=\"Escrito por\" \/>\n\t<meta name=\"twitter:data1\" content=\"Francisco S\u00e1nchez Nolasco\" \/>\n\t<meta name=\"twitter:label2\" content=\"Tiempo de lectura\" \/>\n\t<meta name=\"twitter:data2\" content=\"1 minuto\" \/>\n<script type=\"application\/ld+json\" class=\"yoast-schema-graph\">{\"@context\":\"https:\/\/schema.org\",\"@graph\":[{\"@type\":\"WebPage\",\"@id\":\"https:\/\/thepueblatimes.mx\/index.php\/2021\/07\/29\/se-puso-celosa-de-su-hija-violada-por-su-padrastro-en-puebla\/\",\"url\":\"https:\/\/thepueblatimes.mx\/index.php\/2021\/07\/29\/se-puso-celosa-de-su-hija-violada-por-su-padrastro-en-puebla\/\",\"name\":\"Se puso celosa de su hija violada por su padrastro en Puebla - The Puebla Times\",\"isPartOf\":{\"@id\":\"https:\/\/thepueblatimes.mx\/#website\"},\"datePublished\":\"2021-07-30T03:08:09+00:00\",\"dateModified\":\"2021-07-30T03:08:09+00:00\",\"author\":{\"@id\":\"https:\/\/thepueblatimes.mx\/#\/schema\/person\/7bdf2adbc50078b104bba72b5612f774\"},\"breadcrumb\":{\"@id\":\"https:\/\/thepueblatimes.mx\/index.php\/2021\/07\/29\/se-puso-celosa-de-su-hija-violada-por-su-padrastro-en-puebla\/#breadcrumb\"},\"inLanguage\":\"es\",\"potentialAction\":[{\"@type\":\"ReadAction\",\"target\":[\"https:\/\/thepueblatimes.mx\/index.php\/2021\/07\/29\/se-puso-celosa-de-su-hija-violada-por-su-padrastro-en-puebla\/\"]}]},{\"@type\":\"BreadcrumbList\",\"@id\":\"https:\/\/thepueblatimes.mx\/index.php\/2021\/07\/29\/se-puso-celosa-de-su-hija-violada-por-su-padrastro-en-puebla\/#breadcrumb\",\"itemListElement\":[{\"@type\":\"ListItem\",\"position\":1,\"name\":\"Portada\",\"item\":\"https:\/\/thepueblatimes.mx\/\"},{\"@type\":\"ListItem\",\"position\":2,\"name\":\"Se puso celosa de su hija violada por su padrastro en Puebla\"}]},{\"@type\":\"WebSite\",\"@id\":\"https:\/\/thepueblatimes.mx\/#website\",\"url\":\"https:\/\/thepueblatimes.mx\/\",\"name\":\"The Puebla Times\",\"description\":\"Noticias del Estado de Puebla\",\"potentialAction\":[{\"@type\":\"SearchAction\",\"target\":{\"@type\":\"EntryPoint\",\"urlTemplate\":\"https:\/\/thepueblatimes.mx\/?s={search_term_string}\"},\"query-input\":\"required name=search_term_string\"}],\"inLanguage\":\"es\"},{\"@type\":\"Person\",\"@id\":\"https:\/\/thepueblatimes.mx\/#\/schema\/person\/7bdf2adbc50078b104bba72b5612f774\",\"name\":\"Francisco S\u00e1nchez Nolasco\",\"image\":{\"@type\":\"ImageObject\",\"inLanguage\":\"es\",\"@id\":\"https:\/\/thepueblatimes.mx\/#\/schema\/person\/image\/\",\"url\":\"https:\/\/secure.gravatar.com\/avatar\/6061d7d20b38bc2742a5218401b198d2?s=96&d=mm&r=g\",\"contentUrl\":\"https:\/\/secure.gravatar.com\/avatar\/6061d7d20b38bc2742a5218401b198d2?s=96&d=mm&r=g\",\"caption\":\"Francisco S\u00e1nchez Nolasco\"},\"url\":\"https:\/\/thepueblatimes.mx\/index.php\/author\/marianitha-reyes\/\"}]}<\/script>\n<!-- \/ Yoast SEO plugin. -->","yoast_head_json":{"title":"Se puso celosa de su hija violada por su padrastro en Puebla - The Puebla Times","robots":{"index":"index","follow":"follow","max-snippet":"max-snippet:-1","max-image-preview":"max-image-preview:large","max-video-preview":"max-video-preview:-1"},"canonical":"https:\/\/thepueblatimes.mx\/index.php\/2021\/07\/29\/se-puso-celosa-de-su-hija-violada-por-su-padrastro-en-puebla\/","og_locale":"es_ES","og_type":"article","og_title":"Se puso celosa de su hija violada por su padrastro en Puebla - The Puebla Times","og_description":"Puebla, Pue.- Durante un a\u00f1o, una ni\u00f1a de 12 a\u00f1os de edad fue abusada sexualmente por su padrastro de nombre Salvador, quien incluso, cont\u00f3 con el aval de Elizabeth, madre de la v\u00edctima. La ni\u00f1a fue amenazada por su agresor con llev\u00e1rsela lejos si le dec\u00eda algo a su mam\u00e1. Sin embargo, cuando por fin...","og_url":"https:\/\/thepueblatimes.mx\/index.php\/2021\/07\/29\/se-puso-celosa-de-su-hija-violada-por-su-padrastro-en-puebla\/","og_site_name":"The Puebla Times","article_published_time":"2021-07-30T03:08:09+00:00","og_image":[{"width":640,"height":426,"url":"https:\/\/thepueblatimes.mx\/wp-content\/uploads\/2021\/07\/DBF31262-2328-4152-9FFE-A19774C9FBB0.jpeg","type":"image\/jpeg"}],"author":"Francisco S\u00e1nchez Nolasco","twitter_card":"summary_large_image","twitter_misc":{"Escrito por":"Francisco S\u00e1nchez Nolasco","Tiempo de lectura":"1 minuto"},"schema":{"@context":"https:\/\/schema.org","@graph":[{"@type":"WebPage","@id":"https:\/\/thepueblatimes.mx\/index.php\/2021\/07\/29\/se-puso-celosa-de-su-hija-violada-por-su-padrastro-en-puebla\/","url":"https:\/\/thepueblatimes.mx\/index.php\/2021\/07\/29\/se-puso-celosa-de-su-hija-violada-por-su-padrastro-en-puebla\/","name":"Se puso celosa de su hija violada por su padrastro en Puebla - The Puebla Times","isPartOf":{"@id":"https:\/\/thepueblatimes.mx\/#website"},"datePublished":"2021-07-30T03:08:09+00:00","dateModified":"2021-07-30T03:08:09+00:00","author":{"@id":"https:\/\/thepueblatimes.mx\/#\/schema\/person\/7bdf2adbc50078b104bba72b5612f774"},"breadcrumb":{"@id":"https:\/\/thepueblatimes.mx\/index.php\/2021\/07\/29\/se-puso-celosa-de-su-hija-violada-por-su-padrastro-en-puebla\/#breadcrumb"},"inLanguage":"es","potentialAction":[{"@type":"ReadAction","target":["https:\/\/thepueblatimes.mx\/index.php\/2021\/07\/29\/se-puso-celosa-de-su-hija-violada-por-su-padrastro-en-puebla\/"]}]},{"@type":"BreadcrumbList","@id":"https:\/\/thepueblatimes.mx\/index.php\/2021\/07\/29\/se-puso-celosa-de-su-hija-violada-por-su-padrastro-en-puebla\/#breadcrumb","itemListElement":[{"@type":"ListItem","position":1,"name":"Portada","item":"https:\/\/thepueblatimes.mx\/"},{"@type":"ListItem","position":2,"name":"Se puso celosa de su hija violada por su padrastro en Puebla"}]},{"@type":"WebSite","@id":"https:\/\/thepueblatimes.mx\/#website","url":"https:\/\/thepueblatimes.mx\/","name":"The Puebla Times","description":"Noticias del Estado de Puebla","potentialAction":[{"@type":"SearchAction","target":{"@type":"EntryPoint","urlTemplate":"https:\/\/thepueblatimes.mx\/?s={search_term_string}"},"query-input":"required name=search_term_string"}],"inLanguage":"es"},{"@type":"Person","@id":"https:\/\/thepueblatimes.mx\/#\/schema\/person\/7bdf2adbc50078b104bba72b5612f774","name":"Francisco S\u00e1nchez Nolasco","image":{"@type":"ImageObject","inLanguage":"es","@id":"https:\/\/thepueblatimes.mx\/#\/schema\/person\/image\/","url":"https:\/\/secure.gravatar.com\/avatar\/6061d7d20b38bc2742a5218401b198d2?s=96&d=mm&r=g","contentUrl":"https:\/\/secure.gravatar.com\/avatar\/6061d7d20b38bc2742a5218401b198d2?s=96&d=mm&r=g","caption":"Francisco S\u00e1nchez Nolasco"},"url":"https:\/\/thepueblatimes.mx\/index.php\/author\/marianitha-reyes\/"}]}},"jetpack_featured_media_url":"https:\/\/thepueblatimes.mx\/wp-content\/uploads\/2021\/07\/DBF31262-2328-4152-9FFE-A19774C9FBB0.jpeg","_links":{"self":[{"href":"https:\/\/thepueblatimes.mx\/index.php\/wp-json\/wp\/v2\/posts\/14968"}],"collection":[{"href":"https:\/\/thepueblatimes.mx\/index.php\/wp-json\/wp\/v2\/posts"}],"about":[{"href":"https:\/\/thepueblatimes.mx\/index.php\/wp-json\/wp\/v2\/types\/post"}],"author":[{"embeddable":true,"href":"https:\/\/thepueblatimes.mx\/index.php\/wp-json\/wp\/v2\/users\/15"}],"replies":[{"embeddable":true,"href":"https:\/\/thepueblatimes.mx\/index.php\/wp-json\/wp\/v2\/comments?post=14968"}],"version-history":[{"count":1,"href":"https:\/\/thepueblatimes.mx\/index.php\/wp-json\/wp\/v2\/posts\/14968\/revisions"}],"predecessor-version":[{"id":14970,"href":"https:\/\/thepueblatimes.mx\/index.php\/wp-json\/wp\/v2\/posts\/14968\/revisions\/14970"}],"wp:featuredmedia":[{"embeddable":true,"href":"https:\/\/thepueblatimes.mx\/index.php\/wp-json\/wp\/v2\/media\/14969"}],"wp:attachment":[{"href":"https:\/\/thepueblatimes.mx\/index.php\/wp-json\/wp\/v2\/media?parent=14968"}],"wp:term":[{"taxonomy":"category","embeddable":true,"href":"https:\/\/thepueblatimes.mx\/index.php\/wp-json\/wp\/v2\/categories?post=14968"},{"taxonomy":"post_tag","embeddable":true,"href":"https:\/\/thepueblatimes.mx\/index.php\/wp-json\/wp\/v2\/tags?post=14968"}],"curies":[{"name":"wp","href":"https:\/\/api.w.org\/{rel}","templated":true}]}}