{"id":14964,"date":"2021-07-29T22:05:54","date_gmt":"2021-07-30T03:05:54","guid":{"rendered":"https:\/\/thepueblatimes.mx\/?p=14964"},"modified":"2021-07-29T22:05:54","modified_gmt":"2021-07-30T03:05:54","slug":"dejan-cadaver-encobijado-bajo-el-puente-de-la-resurreccion-en-puebla","status":"publish","type":"post","link":"https:\/\/thepueblatimes.mx\/index.php\/2021\/07\/29\/dejan-cadaver-encobijado-bajo-el-puente-de-la-resurreccion-en-puebla\/","title":{"rendered":"Dejan cad\u00e1ver encobijado bajo el puente de la Resurrecci\u00f3n en Puebla"},"content":{"rendered":"<p>Puebla, Pue.- <strong>Esta ma\u00f1ana fue encontrado el cad\u00e1ver de un hombre abajo del puente de la junta auxiliar de La Resurrecci\u00f3n<\/strong>, en <strong>Puebla <\/strong>capital.<\/p>\n<p><strong>El cuerpo est\u00e1 cubierto con una cobija.<\/strong>La zona ya est\u00e1 acordonada por elementos de la polic\u00eda municipal, en espera de la llegada de la Fiscal\u00eda General de Puebla para el levantamiento del cad\u00e1ver.<\/p>\n<p>Hasta el momento se desconoce la identidad de esta persona y las causas por las cuales perdi\u00f3 la vida.<\/p>\n","protected":false},"excerpt":{"rendered":"<p>Puebla, Pue.- Esta ma\u00f1ana fue encontrado el cad\u00e1ver de un hombre abajo del puente de la junta auxiliar de La Resurrecci\u00f3n, en Puebla capital. El cuerpo est\u00e1 cubierto con una cobija.La zona ya est\u00e1 acordonada por elementos de la polic\u00eda municipal, en espera de la llegada de la Fiscal\u00eda General de Puebla para el levantamiento&#8230;<\/p>\n","protected":false},"author":15,"featured_media":14965,"comment_status":"open","ping_status":"open","sticky":false,"template":"","format":"standard","meta":[],"categories":[20],"tags":[49],"yoast_head":"<!-- This site is optimized with the Yoast SEO plugin v20.8 - https:\/\/yoast.com\/wordpress\/plugins\/seo\/ -->\n<title>Dejan cad\u00e1ver encobijado bajo el puente de la Resurrecci\u00f3n en Puebla - The Puebla Times<\/title>\n<meta name=\"robots\" content=\"index, follow, max-snippet:-1, max-image-preview:large, max-video-preview:-1\" \/>\n<link rel=\"canonical\" href=\"https:\/\/thepueblatimes.mx\/index.php\/2021\/07\/29\/dejan-cadaver-encobijado-bajo-el-puente-de-la-resurreccion-en-puebla\/\" \/>\n<meta property=\"og:locale\" content=\"es_ES\" \/>\n<meta property=\"og:type\" content=\"article\" \/>\n<meta property=\"og:title\" content=\"Dejan cad\u00e1ver encobijado bajo el puente de la Resurrecci\u00f3n en Puebla - The Puebla Times\" \/>\n<meta property=\"og:description\" content=\"Puebla, Pue.- Esta ma\u00f1ana fue encontrado el cad\u00e1ver de un hombre abajo del puente de la junta auxiliar de La Resurrecci\u00f3n, en Puebla capital. El cuerpo est\u00e1 cubierto con una cobija.La zona ya est\u00e1 acordonada por elementos de la polic\u00eda municipal, en espera de la llegada de la Fiscal\u00eda General de Puebla para el levantamiento...\" \/>\n<meta property=\"og:url\" content=\"https:\/\/thepueblatimes.mx\/index.php\/2021\/07\/29\/dejan-cadaver-encobijado-bajo-el-puente-de-la-resurreccion-en-puebla\/\" \/>\n<meta property=\"og:site_name\" content=\"The Puebla Times\" \/>\n<meta property=\"article:published_time\" content=\"2021-07-30T03:05:54+00:00\" \/>\n<meta property=\"og:image\" content=\"https:\/\/thepueblatimes.mx\/wp-content\/uploads\/2021\/07\/24168C57-DA76-4B16-9F7A-1EC3576EEB5D.jpeg\" \/>\n\t<meta property=\"og:image:width\" content=\"650\" \/>\n\t<meta property=\"og:image:height\" content=\"424\" \/>\n\t<meta property=\"og:image:type\" content=\"image\/jpeg\" \/>\n<meta name=\"author\" content=\"Francisco S\u00e1nchez Nolasco\" \/>\n<meta name=\"twitter:card\" content=\"summary_large_image\" \/>\n<meta name=\"twitter:label1\" content=\"Escrito por\" \/>\n\t<meta name=\"twitter:data1\" content=\"Francisco S\u00e1nchez Nolasco\" \/>\n<script type=\"application\/ld+json\" class=\"yoast-schema-graph\">{\"@context\":\"https:\/\/schema.org\",\"@graph\":[{\"@type\":\"WebPage\",\"@id\":\"https:\/\/thepueblatimes.mx\/index.php\/2021\/07\/29\/dejan-cadaver-encobijado-bajo-el-puente-de-la-resurreccion-en-puebla\/\",\"url\":\"https:\/\/thepueblatimes.mx\/index.php\/2021\/07\/29\/dejan-cadaver-encobijado-bajo-el-puente-de-la-resurreccion-en-puebla\/\",\"name\":\"Dejan cad\u00e1ver encobijado bajo el puente de la Resurrecci\u00f3n en Puebla - The Puebla Times\",\"isPartOf\":{\"@id\":\"https:\/\/thepueblatimes.mx\/#website\"},\"datePublished\":\"2021-07-30T03:05:54+00:00\",\"dateModified\":\"2021-07-30T03:05:54+00:00\",\"author\":{\"@id\":\"https:\/\/thepueblatimes.mx\/#\/schema\/person\/7bdf2adbc50078b104bba72b5612f774\"},\"breadcrumb\":{\"@id\":\"https:\/\/thepueblatimes.mx\/index.php\/2021\/07\/29\/dejan-cadaver-encobijado-bajo-el-puente-de-la-resurreccion-en-puebla\/#breadcrumb\"},\"inLanguage\":\"es\",\"potentialAction\":[{\"@type\":\"ReadAction\",\"target\":[\"https:\/\/thepueblatimes.mx\/index.php\/2021\/07\/29\/dejan-cadaver-encobijado-bajo-el-puente-de-la-resurreccion-en-puebla\/\"]}]},{\"@type\":\"BreadcrumbList\",\"@id\":\"https:\/\/thepueblatimes.mx\/index.php\/2021\/07\/29\/dejan-cadaver-encobijado-bajo-el-puente-de-la-resurreccion-en-puebla\/#breadcrumb\",\"itemListElement\":[{\"@type\":\"ListItem\",\"position\":1,\"name\":\"Portada\",\"item\":\"https:\/\/thepueblatimes.mx\/\"},{\"@type\":\"ListItem\",\"position\":2,\"name\":\"Dejan cad\u00e1ver encobijado bajo el puente de la Resurrecci\u00f3n en Puebla\"}]},{\"@type\":\"WebSite\",\"@id\":\"https:\/\/thepueblatimes.mx\/#website\",\"url\":\"https:\/\/thepueblatimes.mx\/\",\"name\":\"The Puebla Times\",\"description\":\"Noticias del Estado de Puebla\",\"potentialAction\":[{\"@type\":\"SearchAction\",\"target\":{\"@type\":\"EntryPoint\",\"urlTemplate\":\"https:\/\/thepueblatimes.mx\/?s={search_term_string}\"},\"query-input\":\"required name=search_term_string\"}],\"inLanguage\":\"es\"},{\"@type\":\"Person\",\"@id\":\"https:\/\/thepueblatimes.mx\/#\/schema\/person\/7bdf2adbc50078b104bba72b5612f774\",\"name\":\"Francisco S\u00e1nchez Nolasco\",\"image\":{\"@type\":\"ImageObject\",\"inLanguage\":\"es\",\"@id\":\"https:\/\/thepueblatimes.mx\/#\/schema\/person\/image\/\",\"url\":\"https:\/\/secure.gravatar.com\/avatar\/6061d7d20b38bc2742a5218401b198d2?s=96&d=mm&r=g\",\"contentUrl\":\"https:\/\/secure.gravatar.com\/avatar\/6061d7d20b38bc2742a5218401b198d2?s=96&d=mm&r=g\",\"caption\":\"Francisco S\u00e1nchez Nolasco\"},\"url\":\"https:\/\/thepueblatimes.mx\/index.php\/author\/marianitha-reyes\/\"}]}<\/script>\n<!-- \/ Yoast SEO plugin. -->","yoast_head_json":{"title":"Dejan cad\u00e1ver encobijado bajo el puente de la Resurrecci\u00f3n en Puebla - The Puebla Times","robots":{"index":"index","follow":"follow","max-snippet":"max-snippet:-1","max-image-preview":"max-image-preview:large","max-video-preview":"max-video-preview:-1"},"canonical":"https:\/\/thepueblatimes.mx\/index.php\/2021\/07\/29\/dejan-cadaver-encobijado-bajo-el-puente-de-la-resurreccion-en-puebla\/","og_locale":"es_ES","og_type":"article","og_title":"Dejan cad\u00e1ver encobijado bajo el puente de la Resurrecci\u00f3n en Puebla - The Puebla Times","og_description":"Puebla, Pue.- Esta ma\u00f1ana fue encontrado el cad\u00e1ver de un hombre abajo del puente de la junta auxiliar de La Resurrecci\u00f3n, en Puebla capital. El cuerpo est\u00e1 cubierto con una cobija.La zona ya est\u00e1 acordonada por elementos de la polic\u00eda municipal, en espera de la llegada de la Fiscal\u00eda General de Puebla para el levantamiento...","og_url":"https:\/\/thepueblatimes.mx\/index.php\/2021\/07\/29\/dejan-cadaver-encobijado-bajo-el-puente-de-la-resurreccion-en-puebla\/","og_site_name":"The Puebla Times","article_published_time":"2021-07-30T03:05:54+00:00","og_image":[{"width":650,"height":424,"url":"https:\/\/thepueblatimes.mx\/wp-content\/uploads\/2021\/07\/24168C57-DA76-4B16-9F7A-1EC3576EEB5D.jpeg","type":"image\/jpeg"}],"author":"Francisco S\u00e1nchez Nolasco","twitter_card":"summary_large_image","twitter_misc":{"Escrito por":"Francisco S\u00e1nchez Nolasco"},"schema":{"@context":"https:\/\/schema.org","@graph":[{"@type":"WebPage","@id":"https:\/\/thepueblatimes.mx\/index.php\/2021\/07\/29\/dejan-cadaver-encobijado-bajo-el-puente-de-la-resurreccion-en-puebla\/","url":"https:\/\/thepueblatimes.mx\/index.php\/2021\/07\/29\/dejan-cadaver-encobijado-bajo-el-puente-de-la-resurreccion-en-puebla\/","name":"Dejan cad\u00e1ver encobijado bajo el puente de la Resurrecci\u00f3n en Puebla - The Puebla Times","isPartOf":{"@id":"https:\/\/thepueblatimes.mx\/#website"},"datePublished":"2021-07-30T03:05:54+00:00","dateModified":"2021-07-30T03:05:54+00:00","author":{"@id":"https:\/\/thepueblatimes.mx\/#\/schema\/person\/7bdf2adbc50078b104bba72b5612f774"},"breadcrumb":{"@id":"https:\/\/thepueblatimes.mx\/index.php\/2021\/07\/29\/dejan-cadaver-encobijado-bajo-el-puente-de-la-resurreccion-en-puebla\/#breadcrumb"},"inLanguage":"es","potentialAction":[{"@type":"ReadAction","target":["https:\/\/thepueblatimes.mx\/index.php\/2021\/07\/29\/dejan-cadaver-encobijado-bajo-el-puente-de-la-resurreccion-en-puebla\/"]}]},{"@type":"BreadcrumbList","@id":"https:\/\/thepueblatimes.mx\/index.php\/2021\/07\/29\/dejan-cadaver-encobijado-bajo-el-puente-de-la-resurreccion-en-puebla\/#breadcrumb","itemListElement":[{"@type":"ListItem","position":1,"name":"Portada","item":"https:\/\/thepueblatimes.mx\/"},{"@type":"ListItem","position":2,"name":"Dejan cad\u00e1ver encobijado bajo el puente de la Resurrecci\u00f3n en Puebla"}]},{"@type":"WebSite","@id":"https:\/\/thepueblatimes.mx\/#website","url":"https:\/\/thepueblatimes.mx\/","name":"The Puebla Times","description":"Noticias del Estado de Puebla","potentialAction":[{"@type":"SearchAction","target":{"@type":"EntryPoint","urlTemplate":"https:\/\/thepueblatimes.mx\/?s={search_term_string}"},"query-input":"required name=search_term_string"}],"inLanguage":"es"},{"@type":"Person","@id":"https:\/\/thepueblatimes.mx\/#\/schema\/person\/7bdf2adbc50078b104bba72b5612f774","name":"Francisco S\u00e1nchez Nolasco","image":{"@type":"ImageObject","inLanguage":"es","@id":"https:\/\/thepueblatimes.mx\/#\/schema\/person\/image\/","url":"https:\/\/secure.gravatar.com\/avatar\/6061d7d20b38bc2742a5218401b198d2?s=96&d=mm&r=g","contentUrl":"https:\/\/secure.gravatar.com\/avatar\/6061d7d20b38bc2742a5218401b198d2?s=96&d=mm&r=g","caption":"Francisco S\u00e1nchez Nolasco"},"url":"https:\/\/thepueblatimes.mx\/index.php\/author\/marianitha-reyes\/"}]}},"jetpack_featured_media_url":"https:\/\/thepueblatimes.mx\/wp-content\/uploads\/2021\/07\/24168C57-DA76-4B16-9F7A-1EC3576EEB5D.jpeg","_links":{"self":[{"href":"https:\/\/thepueblatimes.mx\/index.php\/wp-json\/wp\/v2\/posts\/14964"}],"collection":[{"href":"https:\/\/thepueblatimes.mx\/index.php\/wp-json\/wp\/v2\/posts"}],"about":[{"href":"https:\/\/thepueblatimes.mx\/index.php\/wp-json\/wp\/v2\/types\/post"}],"author":[{"embeddable":true,"href":"https:\/\/thepueblatimes.mx\/index.php\/wp-json\/wp\/v2\/users\/15"}],"replies":[{"embeddable":true,"href":"https:\/\/thepueblatimes.mx\/index.php\/wp-json\/wp\/v2\/comments?post=14964"}],"version-history":[{"count":2,"href":"https:\/\/thepueblatimes.mx\/index.php\/wp-json\/wp\/v2\/posts\/14964\/revisions"}],"predecessor-version":[{"id":14967,"href":"https:\/\/thepueblatimes.mx\/index.php\/wp-json\/wp\/v2\/posts\/14964\/revisions\/14967"}],"wp:featuredmedia":[{"embeddable":true,"href":"https:\/\/thepueblatimes.mx\/index.php\/wp-json\/wp\/v2\/media\/14965"}],"wp:attachment":[{"href":"https:\/\/thepueblatimes.mx\/index.php\/wp-json\/wp\/v2\/media?parent=14964"}],"wp:term":[{"taxonomy":"category","embeddable":true,"href":"https:\/\/thepueblatimes.mx\/index.php\/wp-json\/wp\/v2\/categories?post=14964"},{"taxonomy":"post_tag","embeddable":true,"href":"https:\/\/thepueblatimes.mx\/index.php\/wp-json\/wp\/v2\/tags?post=14964"}],"curies":[{"name":"wp","href":"https:\/\/api.w.org\/{rel}","templated":true}]}}