{"id":14960,"date":"2021-07-29T22:03:50","date_gmt":"2021-07-30T03:03:50","guid":{"rendered":"https:\/\/thepueblatimes.mx\/?p=14960"},"modified":"2021-07-29T22:03:50","modified_gmt":"2021-07-30T03:03:50","slug":"nayeli-salio-de-su-casa-en-puebla-capital-y-ya-no-regreso","status":"publish","type":"post","link":"https:\/\/thepueblatimes.mx\/index.php\/2021\/07\/29\/nayeli-salio-de-su-casa-en-puebla-capital-y-ya-no-regreso\/","title":{"rendered":"Nayeli sali\u00f3 de su casa en Puebla capital y ya no regres\u00f3"},"content":{"rendered":"<p>Puebla, Pue.- Mediante redes sociales, familiares de <strong>Nayeli Cayetano Mart\u00ednez <\/strong>dieron a conocer su<strong> desaparici\u00f3n en la ciudad de Puebla.<\/strong><\/p>\n<p>Nayeli, de <strong>21 a\u00f1os de edad<\/strong>, fue vista por \u00faltima vez el d\u00eda de ayer 28 de julio por la tarde. <strong>Sali\u00f3 de su domicilio y ya no regres\u00f3.<\/strong><\/p>\n<p>Vest\u00eda pantal\u00f3n rosa de mezclilla y blusa morada con rayas.<\/p>\n<p>Cualquier informe que d\u00e9 con su paradero comunicarse al tel\u00e9fono 2224912037.<\/p>\n","protected":false},"excerpt":{"rendered":"<p>Puebla, Pue.- Mediante redes sociales, familiares de Nayeli Cayetano Mart\u00ednez dieron a conocer su desaparici\u00f3n en la ciudad de Puebla. Nayeli, de 21 a\u00f1os de edad, fue vista por \u00faltima vez el d\u00eda de ayer 28 de julio por la tarde. Sali\u00f3 de su domicilio y ya no regres\u00f3. Vest\u00eda pantal\u00f3n rosa de mezclilla y&#8230;<\/p>\n","protected":false},"author":15,"featured_media":14961,"comment_status":"open","ping_status":"open","sticky":false,"template":"","format":"standard","meta":[],"categories":[20],"tags":[49],"yoast_head":"<!-- This site is optimized with the Yoast SEO plugin v20.8 - https:\/\/yoast.com\/wordpress\/plugins\/seo\/ -->\n<title>Nayeli sali\u00f3 de su casa en Puebla capital y ya no regres\u00f3 - The Puebla Times<\/title>\n<meta name=\"robots\" content=\"index, follow, max-snippet:-1, max-image-preview:large, max-video-preview:-1\" \/>\n<link rel=\"canonical\" href=\"https:\/\/thepueblatimes.mx\/index.php\/2021\/07\/29\/nayeli-salio-de-su-casa-en-puebla-capital-y-ya-no-regreso\/\" \/>\n<meta property=\"og:locale\" content=\"es_ES\" \/>\n<meta property=\"og:type\" content=\"article\" \/>\n<meta property=\"og:title\" content=\"Nayeli sali\u00f3 de su casa en Puebla capital y ya no regres\u00f3 - The Puebla Times\" \/>\n<meta property=\"og:description\" content=\"Puebla, Pue.- Mediante redes sociales, familiares de Nayeli Cayetano Mart\u00ednez dieron a conocer su desaparici\u00f3n en la ciudad de Puebla. Nayeli, de 21 a\u00f1os de edad, fue vista por \u00faltima vez el d\u00eda de ayer 28 de julio por la tarde. Sali\u00f3 de su domicilio y ya no regres\u00f3. Vest\u00eda pantal\u00f3n rosa de mezclilla y...\" \/>\n<meta property=\"og:url\" content=\"https:\/\/thepueblatimes.mx\/index.php\/2021\/07\/29\/nayeli-salio-de-su-casa-en-puebla-capital-y-ya-no-regreso\/\" \/>\n<meta property=\"og:site_name\" content=\"The Puebla Times\" \/>\n<meta property=\"article:published_time\" content=\"2021-07-30T03:03:50+00:00\" \/>\n<meta property=\"og:image\" content=\"https:\/\/thepueblatimes.mx\/wp-content\/uploads\/2021\/07\/F5836A85-5610-4E0E-896A-8301EF8AA5A8.jpeg\" \/>\n\t<meta property=\"og:image:width\" content=\"650\" \/>\n\t<meta property=\"og:image:height\" content=\"399\" \/>\n\t<meta property=\"og:image:type\" content=\"image\/jpeg\" \/>\n<meta name=\"author\" content=\"Francisco S\u00e1nchez Nolasco\" \/>\n<meta name=\"twitter:card\" content=\"summary_large_image\" \/>\n<meta name=\"twitter:label1\" content=\"Escrito por\" \/>\n\t<meta name=\"twitter:data1\" content=\"Francisco S\u00e1nchez Nolasco\" \/>\n<script type=\"application\/ld+json\" class=\"yoast-schema-graph\">{\"@context\":\"https:\/\/schema.org\",\"@graph\":[{\"@type\":\"WebPage\",\"@id\":\"https:\/\/thepueblatimes.mx\/index.php\/2021\/07\/29\/nayeli-salio-de-su-casa-en-puebla-capital-y-ya-no-regreso\/\",\"url\":\"https:\/\/thepueblatimes.mx\/index.php\/2021\/07\/29\/nayeli-salio-de-su-casa-en-puebla-capital-y-ya-no-regreso\/\",\"name\":\"Nayeli sali\u00f3 de su casa en Puebla capital y ya no regres\u00f3 - The Puebla Times\",\"isPartOf\":{\"@id\":\"https:\/\/thepueblatimes.mx\/#website\"},\"datePublished\":\"2021-07-30T03:03:50+00:00\",\"dateModified\":\"2021-07-30T03:03:50+00:00\",\"author\":{\"@id\":\"https:\/\/thepueblatimes.mx\/#\/schema\/person\/7bdf2adbc50078b104bba72b5612f774\"},\"breadcrumb\":{\"@id\":\"https:\/\/thepueblatimes.mx\/index.php\/2021\/07\/29\/nayeli-salio-de-su-casa-en-puebla-capital-y-ya-no-regreso\/#breadcrumb\"},\"inLanguage\":\"es\",\"potentialAction\":[{\"@type\":\"ReadAction\",\"target\":[\"https:\/\/thepueblatimes.mx\/index.php\/2021\/07\/29\/nayeli-salio-de-su-casa-en-puebla-capital-y-ya-no-regreso\/\"]}]},{\"@type\":\"BreadcrumbList\",\"@id\":\"https:\/\/thepueblatimes.mx\/index.php\/2021\/07\/29\/nayeli-salio-de-su-casa-en-puebla-capital-y-ya-no-regreso\/#breadcrumb\",\"itemListElement\":[{\"@type\":\"ListItem\",\"position\":1,\"name\":\"Portada\",\"item\":\"https:\/\/thepueblatimes.mx\/\"},{\"@type\":\"ListItem\",\"position\":2,\"name\":\"Nayeli sali\u00f3 de su casa en Puebla capital y ya no regres\u00f3\"}]},{\"@type\":\"WebSite\",\"@id\":\"https:\/\/thepueblatimes.mx\/#website\",\"url\":\"https:\/\/thepueblatimes.mx\/\",\"name\":\"The Puebla Times\",\"description\":\"Noticias del Estado de Puebla\",\"potentialAction\":[{\"@type\":\"SearchAction\",\"target\":{\"@type\":\"EntryPoint\",\"urlTemplate\":\"https:\/\/thepueblatimes.mx\/?s={search_term_string}\"},\"query-input\":\"required name=search_term_string\"}],\"inLanguage\":\"es\"},{\"@type\":\"Person\",\"@id\":\"https:\/\/thepueblatimes.mx\/#\/schema\/person\/7bdf2adbc50078b104bba72b5612f774\",\"name\":\"Francisco S\u00e1nchez Nolasco\",\"image\":{\"@type\":\"ImageObject\",\"inLanguage\":\"es\",\"@id\":\"https:\/\/thepueblatimes.mx\/#\/schema\/person\/image\/\",\"url\":\"https:\/\/secure.gravatar.com\/avatar\/6061d7d20b38bc2742a5218401b198d2?s=96&d=mm&r=g\",\"contentUrl\":\"https:\/\/secure.gravatar.com\/avatar\/6061d7d20b38bc2742a5218401b198d2?s=96&d=mm&r=g\",\"caption\":\"Francisco S\u00e1nchez Nolasco\"},\"url\":\"https:\/\/thepueblatimes.mx\/index.php\/author\/marianitha-reyes\/\"}]}<\/script>\n<!-- \/ Yoast SEO plugin. -->","yoast_head_json":{"title":"Nayeli sali\u00f3 de su casa en Puebla capital y ya no regres\u00f3 - The Puebla Times","robots":{"index":"index","follow":"follow","max-snippet":"max-snippet:-1","max-image-preview":"max-image-preview:large","max-video-preview":"max-video-preview:-1"},"canonical":"https:\/\/thepueblatimes.mx\/index.php\/2021\/07\/29\/nayeli-salio-de-su-casa-en-puebla-capital-y-ya-no-regreso\/","og_locale":"es_ES","og_type":"article","og_title":"Nayeli sali\u00f3 de su casa en Puebla capital y ya no regres\u00f3 - The Puebla Times","og_description":"Puebla, Pue.- Mediante redes sociales, familiares de Nayeli Cayetano Mart\u00ednez dieron a conocer su desaparici\u00f3n en la ciudad de Puebla. Nayeli, de 21 a\u00f1os de edad, fue vista por \u00faltima vez el d\u00eda de ayer 28 de julio por la tarde. Sali\u00f3 de su domicilio y ya no regres\u00f3. Vest\u00eda pantal\u00f3n rosa de mezclilla y...","og_url":"https:\/\/thepueblatimes.mx\/index.php\/2021\/07\/29\/nayeli-salio-de-su-casa-en-puebla-capital-y-ya-no-regreso\/","og_site_name":"The Puebla Times","article_published_time":"2021-07-30T03:03:50+00:00","og_image":[{"width":650,"height":399,"url":"https:\/\/thepueblatimes.mx\/wp-content\/uploads\/2021\/07\/F5836A85-5610-4E0E-896A-8301EF8AA5A8.jpeg","type":"image\/jpeg"}],"author":"Francisco S\u00e1nchez Nolasco","twitter_card":"summary_large_image","twitter_misc":{"Escrito por":"Francisco S\u00e1nchez Nolasco"},"schema":{"@context":"https:\/\/schema.org","@graph":[{"@type":"WebPage","@id":"https:\/\/thepueblatimes.mx\/index.php\/2021\/07\/29\/nayeli-salio-de-su-casa-en-puebla-capital-y-ya-no-regreso\/","url":"https:\/\/thepueblatimes.mx\/index.php\/2021\/07\/29\/nayeli-salio-de-su-casa-en-puebla-capital-y-ya-no-regreso\/","name":"Nayeli sali\u00f3 de su casa en Puebla capital y ya no regres\u00f3 - The Puebla Times","isPartOf":{"@id":"https:\/\/thepueblatimes.mx\/#website"},"datePublished":"2021-07-30T03:03:50+00:00","dateModified":"2021-07-30T03:03:50+00:00","author":{"@id":"https:\/\/thepueblatimes.mx\/#\/schema\/person\/7bdf2adbc50078b104bba72b5612f774"},"breadcrumb":{"@id":"https:\/\/thepueblatimes.mx\/index.php\/2021\/07\/29\/nayeli-salio-de-su-casa-en-puebla-capital-y-ya-no-regreso\/#breadcrumb"},"inLanguage":"es","potentialAction":[{"@type":"ReadAction","target":["https:\/\/thepueblatimes.mx\/index.php\/2021\/07\/29\/nayeli-salio-de-su-casa-en-puebla-capital-y-ya-no-regreso\/"]}]},{"@type":"BreadcrumbList","@id":"https:\/\/thepueblatimes.mx\/index.php\/2021\/07\/29\/nayeli-salio-de-su-casa-en-puebla-capital-y-ya-no-regreso\/#breadcrumb","itemListElement":[{"@type":"ListItem","position":1,"name":"Portada","item":"https:\/\/thepueblatimes.mx\/"},{"@type":"ListItem","position":2,"name":"Nayeli sali\u00f3 de su casa en Puebla capital y ya no regres\u00f3"}]},{"@type":"WebSite","@id":"https:\/\/thepueblatimes.mx\/#website","url":"https:\/\/thepueblatimes.mx\/","name":"The Puebla Times","description":"Noticias del Estado de Puebla","potentialAction":[{"@type":"SearchAction","target":{"@type":"EntryPoint","urlTemplate":"https:\/\/thepueblatimes.mx\/?s={search_term_string}"},"query-input":"required name=search_term_string"}],"inLanguage":"es"},{"@type":"Person","@id":"https:\/\/thepueblatimes.mx\/#\/schema\/person\/7bdf2adbc50078b104bba72b5612f774","name":"Francisco S\u00e1nchez Nolasco","image":{"@type":"ImageObject","inLanguage":"es","@id":"https:\/\/thepueblatimes.mx\/#\/schema\/person\/image\/","url":"https:\/\/secure.gravatar.com\/avatar\/6061d7d20b38bc2742a5218401b198d2?s=96&d=mm&r=g","contentUrl":"https:\/\/secure.gravatar.com\/avatar\/6061d7d20b38bc2742a5218401b198d2?s=96&d=mm&r=g","caption":"Francisco S\u00e1nchez Nolasco"},"url":"https:\/\/thepueblatimes.mx\/index.php\/author\/marianitha-reyes\/"}]}},"jetpack_featured_media_url":"https:\/\/thepueblatimes.mx\/wp-content\/uploads\/2021\/07\/F5836A85-5610-4E0E-896A-8301EF8AA5A8.jpeg","_links":{"self":[{"href":"https:\/\/thepueblatimes.mx\/index.php\/wp-json\/wp\/v2\/posts\/14960"}],"collection":[{"href":"https:\/\/thepueblatimes.mx\/index.php\/wp-json\/wp\/v2\/posts"}],"about":[{"href":"https:\/\/thepueblatimes.mx\/index.php\/wp-json\/wp\/v2\/types\/post"}],"author":[{"embeddable":true,"href":"https:\/\/thepueblatimes.mx\/index.php\/wp-json\/wp\/v2\/users\/15"}],"replies":[{"embeddable":true,"href":"https:\/\/thepueblatimes.mx\/index.php\/wp-json\/wp\/v2\/comments?post=14960"}],"version-history":[{"count":2,"href":"https:\/\/thepueblatimes.mx\/index.php\/wp-json\/wp\/v2\/posts\/14960\/revisions"}],"predecessor-version":[{"id":14963,"href":"https:\/\/thepueblatimes.mx\/index.php\/wp-json\/wp\/v2\/posts\/14960\/revisions\/14963"}],"wp:featuredmedia":[{"embeddable":true,"href":"https:\/\/thepueblatimes.mx\/index.php\/wp-json\/wp\/v2\/media\/14961"}],"wp:attachment":[{"href":"https:\/\/thepueblatimes.mx\/index.php\/wp-json\/wp\/v2\/media?parent=14960"}],"wp:term":[{"taxonomy":"category","embeddable":true,"href":"https:\/\/thepueblatimes.mx\/index.php\/wp-json\/wp\/v2\/categories?post=14960"},{"taxonomy":"post_tag","embeddable":true,"href":"https:\/\/thepueblatimes.mx\/index.php\/wp-json\/wp\/v2\/tags?post=14960"}],"curies":[{"name":"wp","href":"https:\/\/api.w.org\/{rel}","templated":true}]}}