{"id":14957,"date":"2021-07-29T22:01:27","date_gmt":"2021-07-30T03:01:27","guid":{"rendered":"https:\/\/thepueblatimes.mx\/?p=14957"},"modified":"2021-07-29T22:01:27","modified_gmt":"2021-07-30T03:01:27","slug":"cae-la-marichuy-en-altepexi-vendia-droga-para-la-banda-de-el-pollo","status":"publish","type":"post","link":"https:\/\/thepueblatimes.mx\/index.php\/2021\/07\/29\/cae-la-marichuy-en-altepexi-vendia-droga-para-la-banda-de-el-pollo\/","title":{"rendered":"Cae La Marichuy en Altepexi; vend\u00eda droga para la banda de El Pollo"},"content":{"rendered":"<p>Altepexi, Pue. &#8211; Agentes de la Polic\u00eda Estatal <strong>detuvieron a Mar\u00eda del Carmen R., alias \u00abMarichuy\u00bb, quien presuntamente se dedica a la venta de droga<\/strong> en esta regi\u00f3n del estado para el <strong>grupo delictivo de un hombre apodado \u00abEl Pollo\u00bb.<\/strong><\/p>\n<p>La mujer, de 24 a\u00f1os, fue ubicada por los polic\u00edas estatales en el callej\u00f3n 2 de Octubre. Al hacer una revisi\u00f3n, los agentes le encontraron 27 dosis de aparente cristal y siete con hierba seca de caracter\u00edsticas a la marihuana, por lo que fue puesta a disposici\u00f3n de las autoridades ministeriales.<\/p>\n<p>De acuerdo con el trabajo de investigaci\u00f3n y an\u00e1lisis de informaci\u00f3n hecho por los agentes, la detenida formar\u00eda parte de la banda de Gustavo P., alias \u00abEl Pollo\u00bb.<\/p>\n<p>Mar\u00eda del Carmen R. es la segunda persona detenida en los \u00faltimos d\u00edas que integrar\u00eda dicho grupo delictivo, luego de que el pasado 19 de julio fue asegurado Antonio N., alias \u00abEl Toni\u00bb.<\/p>\n","protected":false},"excerpt":{"rendered":"<p>Altepexi, Pue. &#8211; Agentes de la Polic\u00eda Estatal detuvieron a Mar\u00eda del Carmen R., alias \u00abMarichuy\u00bb, quien presuntamente se dedica a la venta de droga en esta regi\u00f3n del estado para el grupo delictivo de un hombre apodado \u00abEl Pollo\u00bb. La mujer, de 24 a\u00f1os, fue ubicada por los polic\u00edas estatales en el callej\u00f3n 2&#8230;<\/p>\n","protected":false},"author":15,"featured_media":14958,"comment_status":"open","ping_status":"open","sticky":false,"template":"","format":"standard","meta":[],"categories":[20],"tags":[49],"yoast_head":"<!-- This site is optimized with the Yoast SEO plugin v20.8 - https:\/\/yoast.com\/wordpress\/plugins\/seo\/ -->\n<title>Cae La Marichuy en Altepexi; vend\u00eda droga para la banda de El Pollo - The Puebla Times<\/title>\n<meta name=\"robots\" content=\"index, follow, max-snippet:-1, max-image-preview:large, max-video-preview:-1\" \/>\n<link rel=\"canonical\" href=\"https:\/\/thepueblatimes.mx\/index.php\/2021\/07\/29\/cae-la-marichuy-en-altepexi-vendia-droga-para-la-banda-de-el-pollo\/\" \/>\n<meta property=\"og:locale\" content=\"es_ES\" \/>\n<meta property=\"og:type\" content=\"article\" \/>\n<meta property=\"og:title\" content=\"Cae La Marichuy en Altepexi; vend\u00eda droga para la banda de El Pollo - The Puebla Times\" \/>\n<meta property=\"og:description\" content=\"Altepexi, Pue. &#8211; Agentes de la Polic\u00eda Estatal detuvieron a Mar\u00eda del Carmen R., alias \u00abMarichuy\u00bb, quien presuntamente se dedica a la venta de droga en esta regi\u00f3n del estado para el grupo delictivo de un hombre apodado \u00abEl Pollo\u00bb. La mujer, de 24 a\u00f1os, fue ubicada por los polic\u00edas estatales en el callej\u00f3n 2...\" \/>\n<meta property=\"og:url\" content=\"https:\/\/thepueblatimes.mx\/index.php\/2021\/07\/29\/cae-la-marichuy-en-altepexi-vendia-droga-para-la-banda-de-el-pollo\/\" \/>\n<meta property=\"og:site_name\" content=\"The Puebla Times\" \/>\n<meta property=\"article:published_time\" content=\"2021-07-30T03:01:27+00:00\" \/>\n<meta property=\"og:image\" content=\"https:\/\/thepueblatimes.mx\/wp-content\/uploads\/2021\/07\/C67F9794-4500-42E1-B886-FC325D381F69.jpeg\" \/>\n\t<meta property=\"og:image:width\" content=\"960\" \/>\n\t<meta property=\"og:image:height\" content=\"782\" \/>\n\t<meta property=\"og:image:type\" content=\"image\/jpeg\" \/>\n<meta name=\"author\" content=\"Francisco S\u00e1nchez Nolasco\" \/>\n<meta name=\"twitter:card\" content=\"summary_large_image\" \/>\n<meta name=\"twitter:label1\" content=\"Escrito por\" \/>\n\t<meta name=\"twitter:data1\" content=\"Francisco S\u00e1nchez Nolasco\" \/>\n\t<meta name=\"twitter:label2\" content=\"Tiempo de lectura\" \/>\n\t<meta name=\"twitter:data2\" content=\"1 minuto\" \/>\n<script type=\"application\/ld+json\" class=\"yoast-schema-graph\">{\"@context\":\"https:\/\/schema.org\",\"@graph\":[{\"@type\":\"WebPage\",\"@id\":\"https:\/\/thepueblatimes.mx\/index.php\/2021\/07\/29\/cae-la-marichuy-en-altepexi-vendia-droga-para-la-banda-de-el-pollo\/\",\"url\":\"https:\/\/thepueblatimes.mx\/index.php\/2021\/07\/29\/cae-la-marichuy-en-altepexi-vendia-droga-para-la-banda-de-el-pollo\/\",\"name\":\"Cae La Marichuy en Altepexi; vend\u00eda droga para la banda de El Pollo - The Puebla Times\",\"isPartOf\":{\"@id\":\"https:\/\/thepueblatimes.mx\/#website\"},\"datePublished\":\"2021-07-30T03:01:27+00:00\",\"dateModified\":\"2021-07-30T03:01:27+00:00\",\"author\":{\"@id\":\"https:\/\/thepueblatimes.mx\/#\/schema\/person\/7bdf2adbc50078b104bba72b5612f774\"},\"breadcrumb\":{\"@id\":\"https:\/\/thepueblatimes.mx\/index.php\/2021\/07\/29\/cae-la-marichuy-en-altepexi-vendia-droga-para-la-banda-de-el-pollo\/#breadcrumb\"},\"inLanguage\":\"es\",\"potentialAction\":[{\"@type\":\"ReadAction\",\"target\":[\"https:\/\/thepueblatimes.mx\/index.php\/2021\/07\/29\/cae-la-marichuy-en-altepexi-vendia-droga-para-la-banda-de-el-pollo\/\"]}]},{\"@type\":\"BreadcrumbList\",\"@id\":\"https:\/\/thepueblatimes.mx\/index.php\/2021\/07\/29\/cae-la-marichuy-en-altepexi-vendia-droga-para-la-banda-de-el-pollo\/#breadcrumb\",\"itemListElement\":[{\"@type\":\"ListItem\",\"position\":1,\"name\":\"Portada\",\"item\":\"https:\/\/thepueblatimes.mx\/\"},{\"@type\":\"ListItem\",\"position\":2,\"name\":\"Cae La Marichuy en Altepexi; vend\u00eda droga para la banda de El Pollo\"}]},{\"@type\":\"WebSite\",\"@id\":\"https:\/\/thepueblatimes.mx\/#website\",\"url\":\"https:\/\/thepueblatimes.mx\/\",\"name\":\"The Puebla Times\",\"description\":\"Noticias del Estado de Puebla\",\"potentialAction\":[{\"@type\":\"SearchAction\",\"target\":{\"@type\":\"EntryPoint\",\"urlTemplate\":\"https:\/\/thepueblatimes.mx\/?s={search_term_string}\"},\"query-input\":\"required name=search_term_string\"}],\"inLanguage\":\"es\"},{\"@type\":\"Person\",\"@id\":\"https:\/\/thepueblatimes.mx\/#\/schema\/person\/7bdf2adbc50078b104bba72b5612f774\",\"name\":\"Francisco S\u00e1nchez Nolasco\",\"image\":{\"@type\":\"ImageObject\",\"inLanguage\":\"es\",\"@id\":\"https:\/\/thepueblatimes.mx\/#\/schema\/person\/image\/\",\"url\":\"https:\/\/secure.gravatar.com\/avatar\/6061d7d20b38bc2742a5218401b198d2?s=96&d=mm&r=g\",\"contentUrl\":\"https:\/\/secure.gravatar.com\/avatar\/6061d7d20b38bc2742a5218401b198d2?s=96&d=mm&r=g\",\"caption\":\"Francisco S\u00e1nchez Nolasco\"},\"url\":\"https:\/\/thepueblatimes.mx\/index.php\/author\/marianitha-reyes\/\"}]}<\/script>\n<!-- \/ Yoast SEO plugin. -->","yoast_head_json":{"title":"Cae La Marichuy en Altepexi; vend\u00eda droga para la banda de El Pollo - The Puebla Times","robots":{"index":"index","follow":"follow","max-snippet":"max-snippet:-1","max-image-preview":"max-image-preview:large","max-video-preview":"max-video-preview:-1"},"canonical":"https:\/\/thepueblatimes.mx\/index.php\/2021\/07\/29\/cae-la-marichuy-en-altepexi-vendia-droga-para-la-banda-de-el-pollo\/","og_locale":"es_ES","og_type":"article","og_title":"Cae La Marichuy en Altepexi; vend\u00eda droga para la banda de El Pollo - The Puebla Times","og_description":"Altepexi, Pue. &#8211; Agentes de la Polic\u00eda Estatal detuvieron a Mar\u00eda del Carmen R., alias \u00abMarichuy\u00bb, quien presuntamente se dedica a la venta de droga en esta regi\u00f3n del estado para el grupo delictivo de un hombre apodado \u00abEl Pollo\u00bb. La mujer, de 24 a\u00f1os, fue ubicada por los polic\u00edas estatales en el callej\u00f3n 2...","og_url":"https:\/\/thepueblatimes.mx\/index.php\/2021\/07\/29\/cae-la-marichuy-en-altepexi-vendia-droga-para-la-banda-de-el-pollo\/","og_site_name":"The Puebla Times","article_published_time":"2021-07-30T03:01:27+00:00","og_image":[{"width":960,"height":782,"url":"https:\/\/thepueblatimes.mx\/wp-content\/uploads\/2021\/07\/C67F9794-4500-42E1-B886-FC325D381F69.jpeg","type":"image\/jpeg"}],"author":"Francisco S\u00e1nchez Nolasco","twitter_card":"summary_large_image","twitter_misc":{"Escrito por":"Francisco S\u00e1nchez Nolasco","Tiempo de lectura":"1 minuto"},"schema":{"@context":"https:\/\/schema.org","@graph":[{"@type":"WebPage","@id":"https:\/\/thepueblatimes.mx\/index.php\/2021\/07\/29\/cae-la-marichuy-en-altepexi-vendia-droga-para-la-banda-de-el-pollo\/","url":"https:\/\/thepueblatimes.mx\/index.php\/2021\/07\/29\/cae-la-marichuy-en-altepexi-vendia-droga-para-la-banda-de-el-pollo\/","name":"Cae La Marichuy en Altepexi; vend\u00eda droga para la banda de El Pollo - The Puebla Times","isPartOf":{"@id":"https:\/\/thepueblatimes.mx\/#website"},"datePublished":"2021-07-30T03:01:27+00:00","dateModified":"2021-07-30T03:01:27+00:00","author":{"@id":"https:\/\/thepueblatimes.mx\/#\/schema\/person\/7bdf2adbc50078b104bba72b5612f774"},"breadcrumb":{"@id":"https:\/\/thepueblatimes.mx\/index.php\/2021\/07\/29\/cae-la-marichuy-en-altepexi-vendia-droga-para-la-banda-de-el-pollo\/#breadcrumb"},"inLanguage":"es","potentialAction":[{"@type":"ReadAction","target":["https:\/\/thepueblatimes.mx\/index.php\/2021\/07\/29\/cae-la-marichuy-en-altepexi-vendia-droga-para-la-banda-de-el-pollo\/"]}]},{"@type":"BreadcrumbList","@id":"https:\/\/thepueblatimes.mx\/index.php\/2021\/07\/29\/cae-la-marichuy-en-altepexi-vendia-droga-para-la-banda-de-el-pollo\/#breadcrumb","itemListElement":[{"@type":"ListItem","position":1,"name":"Portada","item":"https:\/\/thepueblatimes.mx\/"},{"@type":"ListItem","position":2,"name":"Cae La Marichuy en Altepexi; vend\u00eda droga para la banda de El Pollo"}]},{"@type":"WebSite","@id":"https:\/\/thepueblatimes.mx\/#website","url":"https:\/\/thepueblatimes.mx\/","name":"The Puebla Times","description":"Noticias del Estado de Puebla","potentialAction":[{"@type":"SearchAction","target":{"@type":"EntryPoint","urlTemplate":"https:\/\/thepueblatimes.mx\/?s={search_term_string}"},"query-input":"required name=search_term_string"}],"inLanguage":"es"},{"@type":"Person","@id":"https:\/\/thepueblatimes.mx\/#\/schema\/person\/7bdf2adbc50078b104bba72b5612f774","name":"Francisco S\u00e1nchez Nolasco","image":{"@type":"ImageObject","inLanguage":"es","@id":"https:\/\/thepueblatimes.mx\/#\/schema\/person\/image\/","url":"https:\/\/secure.gravatar.com\/avatar\/6061d7d20b38bc2742a5218401b198d2?s=96&d=mm&r=g","contentUrl":"https:\/\/secure.gravatar.com\/avatar\/6061d7d20b38bc2742a5218401b198d2?s=96&d=mm&r=g","caption":"Francisco S\u00e1nchez Nolasco"},"url":"https:\/\/thepueblatimes.mx\/index.php\/author\/marianitha-reyes\/"}]}},"jetpack_featured_media_url":"https:\/\/thepueblatimes.mx\/wp-content\/uploads\/2021\/07\/C67F9794-4500-42E1-B886-FC325D381F69.jpeg","_links":{"self":[{"href":"https:\/\/thepueblatimes.mx\/index.php\/wp-json\/wp\/v2\/posts\/14957"}],"collection":[{"href":"https:\/\/thepueblatimes.mx\/index.php\/wp-json\/wp\/v2\/posts"}],"about":[{"href":"https:\/\/thepueblatimes.mx\/index.php\/wp-json\/wp\/v2\/types\/post"}],"author":[{"embeddable":true,"href":"https:\/\/thepueblatimes.mx\/index.php\/wp-json\/wp\/v2\/users\/15"}],"replies":[{"embeddable":true,"href":"https:\/\/thepueblatimes.mx\/index.php\/wp-json\/wp\/v2\/comments?post=14957"}],"version-history":[{"count":1,"href":"https:\/\/thepueblatimes.mx\/index.php\/wp-json\/wp\/v2\/posts\/14957\/revisions"}],"predecessor-version":[{"id":14959,"href":"https:\/\/thepueblatimes.mx\/index.php\/wp-json\/wp\/v2\/posts\/14957\/revisions\/14959"}],"wp:featuredmedia":[{"embeddable":true,"href":"https:\/\/thepueblatimes.mx\/index.php\/wp-json\/wp\/v2\/media\/14958"}],"wp:attachment":[{"href":"https:\/\/thepueblatimes.mx\/index.php\/wp-json\/wp\/v2\/media?parent=14957"}],"wp:term":[{"taxonomy":"category","embeddable":true,"href":"https:\/\/thepueblatimes.mx\/index.php\/wp-json\/wp\/v2\/categories?post=14957"},{"taxonomy":"post_tag","embeddable":true,"href":"https:\/\/thepueblatimes.mx\/index.php\/wp-json\/wp\/v2\/tags?post=14957"}],"curies":[{"name":"wp","href":"https:\/\/api.w.org\/{rel}","templated":true}]}}