{"id":14953,"date":"2021-07-29T21:59:25","date_gmt":"2021-07-30T02:59:25","guid":{"rendered":"https:\/\/thepueblatimes.mx\/?p=14953"},"modified":"2021-07-29T21:59:25","modified_gmt":"2021-07-30T02:59:25","slug":"dejan-cadaver-en-una-maleta-en-predio-de-atlixco","status":"publish","type":"post","link":"https:\/\/thepueblatimes.mx\/index.php\/2021\/07\/29\/dejan-cadaver-en-una-maleta-en-predio-de-atlixco\/","title":{"rendered":"Dejan cad\u00e1ver en una maleta en predio de Atlixco"},"content":{"rendered":"<p>Atlixco, Pue.- <strong>Dentro de una bolsa negra y en una maleta de viaje roja fue localizado la madrugada de este jueves el cuerpo de un hombre<\/strong>, confirm\u00f3 las autoridades.<\/p>\n<p>El hallazgo ocurri\u00f3 justo <strong>en el entronque de la carretera hacia la comunidad de Tenextepec y el bulevar Ferrocarriles,<\/strong> al sur de la mancha urbana.<\/p>\n<p>Hasta ese lugar ya llegaron agentes de la polic\u00eda local y ministerial con el fin de concretar las diligencias correspondientes.<\/p>\n<p>El reporte lleg\u00f3 a trav\u00e9s de una llamada al n\u00famero de emergencias 911 de la polic\u00eda local. Despu\u00e9s de una visita de las autoridades, qued\u00f3 confirmada la presencia del cuerpo.<\/p>\n","protected":false},"excerpt":{"rendered":"<p>Atlixco, Pue.- Dentro de una bolsa negra y en una maleta de viaje roja fue localizado la madrugada de este jueves el cuerpo de un hombre, confirm\u00f3 las autoridades. El hallazgo ocurri\u00f3 justo en el entronque de la carretera hacia la comunidad de Tenextepec y el bulevar Ferrocarriles, al sur de la mancha urbana. Hasta&#8230;<\/p>\n","protected":false},"author":15,"featured_media":14954,"comment_status":"open","ping_status":"open","sticky":false,"template":"","format":"standard","meta":[],"categories":[20],"tags":[49],"yoast_head":"<!-- This site is optimized with the Yoast SEO plugin v20.8 - https:\/\/yoast.com\/wordpress\/plugins\/seo\/ -->\n<title>Dejan cad\u00e1ver en una maleta en predio de Atlixco - The Puebla Times<\/title>\n<meta name=\"robots\" content=\"index, follow, max-snippet:-1, max-image-preview:large, max-video-preview:-1\" \/>\n<link rel=\"canonical\" href=\"https:\/\/thepueblatimes.mx\/index.php\/2021\/07\/29\/dejan-cadaver-en-una-maleta-en-predio-de-atlixco\/\" \/>\n<meta property=\"og:locale\" content=\"es_ES\" \/>\n<meta property=\"og:type\" content=\"article\" \/>\n<meta property=\"og:title\" content=\"Dejan cad\u00e1ver en una maleta en predio de Atlixco - The Puebla Times\" \/>\n<meta property=\"og:description\" content=\"Atlixco, Pue.- Dentro de una bolsa negra y en una maleta de viaje roja fue localizado la madrugada de este jueves el cuerpo de un hombre, confirm\u00f3 las autoridades. El hallazgo ocurri\u00f3 justo en el entronque de la carretera hacia la comunidad de Tenextepec y el bulevar Ferrocarriles, al sur de la mancha urbana. Hasta...\" \/>\n<meta property=\"og:url\" content=\"https:\/\/thepueblatimes.mx\/index.php\/2021\/07\/29\/dejan-cadaver-en-una-maleta-en-predio-de-atlixco\/\" \/>\n<meta property=\"og:site_name\" content=\"The Puebla Times\" \/>\n<meta property=\"article:published_time\" content=\"2021-07-30T02:59:25+00:00\" \/>\n<meta property=\"og:image\" content=\"https:\/\/thepueblatimes.mx\/wp-content\/uploads\/2021\/07\/0B348380-3771-496E-9149-2CEE03987160.jpeg\" \/>\n\t<meta property=\"og:image:width\" content=\"1024\" \/>\n\t<meta property=\"og:image:height\" content=\"768\" \/>\n\t<meta property=\"og:image:type\" content=\"image\/jpeg\" \/>\n<meta name=\"author\" content=\"Francisco S\u00e1nchez Nolasco\" \/>\n<meta name=\"twitter:card\" content=\"summary_large_image\" \/>\n<meta name=\"twitter:label1\" content=\"Escrito por\" \/>\n\t<meta name=\"twitter:data1\" content=\"Francisco S\u00e1nchez Nolasco\" \/>\n\t<meta name=\"twitter:label2\" content=\"Tiempo de lectura\" \/>\n\t<meta name=\"twitter:data2\" content=\"1 minuto\" \/>\n<script type=\"application\/ld+json\" class=\"yoast-schema-graph\">{\"@context\":\"https:\/\/schema.org\",\"@graph\":[{\"@type\":\"WebPage\",\"@id\":\"https:\/\/thepueblatimes.mx\/index.php\/2021\/07\/29\/dejan-cadaver-en-una-maleta-en-predio-de-atlixco\/\",\"url\":\"https:\/\/thepueblatimes.mx\/index.php\/2021\/07\/29\/dejan-cadaver-en-una-maleta-en-predio-de-atlixco\/\",\"name\":\"Dejan cad\u00e1ver en una maleta en predio de Atlixco - The Puebla Times\",\"isPartOf\":{\"@id\":\"https:\/\/thepueblatimes.mx\/#website\"},\"datePublished\":\"2021-07-30T02:59:25+00:00\",\"dateModified\":\"2021-07-30T02:59:25+00:00\",\"author\":{\"@id\":\"https:\/\/thepueblatimes.mx\/#\/schema\/person\/7bdf2adbc50078b104bba72b5612f774\"},\"breadcrumb\":{\"@id\":\"https:\/\/thepueblatimes.mx\/index.php\/2021\/07\/29\/dejan-cadaver-en-una-maleta-en-predio-de-atlixco\/#breadcrumb\"},\"inLanguage\":\"es\",\"potentialAction\":[{\"@type\":\"ReadAction\",\"target\":[\"https:\/\/thepueblatimes.mx\/index.php\/2021\/07\/29\/dejan-cadaver-en-una-maleta-en-predio-de-atlixco\/\"]}]},{\"@type\":\"BreadcrumbList\",\"@id\":\"https:\/\/thepueblatimes.mx\/index.php\/2021\/07\/29\/dejan-cadaver-en-una-maleta-en-predio-de-atlixco\/#breadcrumb\",\"itemListElement\":[{\"@type\":\"ListItem\",\"position\":1,\"name\":\"Portada\",\"item\":\"https:\/\/thepueblatimes.mx\/\"},{\"@type\":\"ListItem\",\"position\":2,\"name\":\"Dejan cad\u00e1ver en una maleta en predio de Atlixco\"}]},{\"@type\":\"WebSite\",\"@id\":\"https:\/\/thepueblatimes.mx\/#website\",\"url\":\"https:\/\/thepueblatimes.mx\/\",\"name\":\"The Puebla Times\",\"description\":\"Noticias del Estado de Puebla\",\"potentialAction\":[{\"@type\":\"SearchAction\",\"target\":{\"@type\":\"EntryPoint\",\"urlTemplate\":\"https:\/\/thepueblatimes.mx\/?s={search_term_string}\"},\"query-input\":\"required name=search_term_string\"}],\"inLanguage\":\"es\"},{\"@type\":\"Person\",\"@id\":\"https:\/\/thepueblatimes.mx\/#\/schema\/person\/7bdf2adbc50078b104bba72b5612f774\",\"name\":\"Francisco S\u00e1nchez Nolasco\",\"image\":{\"@type\":\"ImageObject\",\"inLanguage\":\"es\",\"@id\":\"https:\/\/thepueblatimes.mx\/#\/schema\/person\/image\/\",\"url\":\"https:\/\/secure.gravatar.com\/avatar\/6061d7d20b38bc2742a5218401b198d2?s=96&d=mm&r=g\",\"contentUrl\":\"https:\/\/secure.gravatar.com\/avatar\/6061d7d20b38bc2742a5218401b198d2?s=96&d=mm&r=g\",\"caption\":\"Francisco S\u00e1nchez Nolasco\"},\"url\":\"https:\/\/thepueblatimes.mx\/index.php\/author\/marianitha-reyes\/\"}]}<\/script>\n<!-- \/ Yoast SEO plugin. -->","yoast_head_json":{"title":"Dejan cad\u00e1ver en una maleta en predio de Atlixco - The Puebla Times","robots":{"index":"index","follow":"follow","max-snippet":"max-snippet:-1","max-image-preview":"max-image-preview:large","max-video-preview":"max-video-preview:-1"},"canonical":"https:\/\/thepueblatimes.mx\/index.php\/2021\/07\/29\/dejan-cadaver-en-una-maleta-en-predio-de-atlixco\/","og_locale":"es_ES","og_type":"article","og_title":"Dejan cad\u00e1ver en una maleta en predio de Atlixco - The Puebla Times","og_description":"Atlixco, Pue.- Dentro de una bolsa negra y en una maleta de viaje roja fue localizado la madrugada de este jueves el cuerpo de un hombre, confirm\u00f3 las autoridades. El hallazgo ocurri\u00f3 justo en el entronque de la carretera hacia la comunidad de Tenextepec y el bulevar Ferrocarriles, al sur de la mancha urbana. Hasta...","og_url":"https:\/\/thepueblatimes.mx\/index.php\/2021\/07\/29\/dejan-cadaver-en-una-maleta-en-predio-de-atlixco\/","og_site_name":"The Puebla Times","article_published_time":"2021-07-30T02:59:25+00:00","og_image":[{"width":1024,"height":768,"url":"https:\/\/thepueblatimes.mx\/wp-content\/uploads\/2021\/07\/0B348380-3771-496E-9149-2CEE03987160.jpeg","type":"image\/jpeg"}],"author":"Francisco S\u00e1nchez Nolasco","twitter_card":"summary_large_image","twitter_misc":{"Escrito por":"Francisco S\u00e1nchez Nolasco","Tiempo de lectura":"1 minuto"},"schema":{"@context":"https:\/\/schema.org","@graph":[{"@type":"WebPage","@id":"https:\/\/thepueblatimes.mx\/index.php\/2021\/07\/29\/dejan-cadaver-en-una-maleta-en-predio-de-atlixco\/","url":"https:\/\/thepueblatimes.mx\/index.php\/2021\/07\/29\/dejan-cadaver-en-una-maleta-en-predio-de-atlixco\/","name":"Dejan cad\u00e1ver en una maleta en predio de Atlixco - The Puebla Times","isPartOf":{"@id":"https:\/\/thepueblatimes.mx\/#website"},"datePublished":"2021-07-30T02:59:25+00:00","dateModified":"2021-07-30T02:59:25+00:00","author":{"@id":"https:\/\/thepueblatimes.mx\/#\/schema\/person\/7bdf2adbc50078b104bba72b5612f774"},"breadcrumb":{"@id":"https:\/\/thepueblatimes.mx\/index.php\/2021\/07\/29\/dejan-cadaver-en-una-maleta-en-predio-de-atlixco\/#breadcrumb"},"inLanguage":"es","potentialAction":[{"@type":"ReadAction","target":["https:\/\/thepueblatimes.mx\/index.php\/2021\/07\/29\/dejan-cadaver-en-una-maleta-en-predio-de-atlixco\/"]}]},{"@type":"BreadcrumbList","@id":"https:\/\/thepueblatimes.mx\/index.php\/2021\/07\/29\/dejan-cadaver-en-una-maleta-en-predio-de-atlixco\/#breadcrumb","itemListElement":[{"@type":"ListItem","position":1,"name":"Portada","item":"https:\/\/thepueblatimes.mx\/"},{"@type":"ListItem","position":2,"name":"Dejan cad\u00e1ver en una maleta en predio de Atlixco"}]},{"@type":"WebSite","@id":"https:\/\/thepueblatimes.mx\/#website","url":"https:\/\/thepueblatimes.mx\/","name":"The Puebla Times","description":"Noticias del Estado de Puebla","potentialAction":[{"@type":"SearchAction","target":{"@type":"EntryPoint","urlTemplate":"https:\/\/thepueblatimes.mx\/?s={search_term_string}"},"query-input":"required name=search_term_string"}],"inLanguage":"es"},{"@type":"Person","@id":"https:\/\/thepueblatimes.mx\/#\/schema\/person\/7bdf2adbc50078b104bba72b5612f774","name":"Francisco S\u00e1nchez Nolasco","image":{"@type":"ImageObject","inLanguage":"es","@id":"https:\/\/thepueblatimes.mx\/#\/schema\/person\/image\/","url":"https:\/\/secure.gravatar.com\/avatar\/6061d7d20b38bc2742a5218401b198d2?s=96&d=mm&r=g","contentUrl":"https:\/\/secure.gravatar.com\/avatar\/6061d7d20b38bc2742a5218401b198d2?s=96&d=mm&r=g","caption":"Francisco S\u00e1nchez Nolasco"},"url":"https:\/\/thepueblatimes.mx\/index.php\/author\/marianitha-reyes\/"}]}},"jetpack_featured_media_url":"https:\/\/thepueblatimes.mx\/wp-content\/uploads\/2021\/07\/0B348380-3771-496E-9149-2CEE03987160.jpeg","_links":{"self":[{"href":"https:\/\/thepueblatimes.mx\/index.php\/wp-json\/wp\/v2\/posts\/14953"}],"collection":[{"href":"https:\/\/thepueblatimes.mx\/index.php\/wp-json\/wp\/v2\/posts"}],"about":[{"href":"https:\/\/thepueblatimes.mx\/index.php\/wp-json\/wp\/v2\/types\/post"}],"author":[{"embeddable":true,"href":"https:\/\/thepueblatimes.mx\/index.php\/wp-json\/wp\/v2\/users\/15"}],"replies":[{"embeddable":true,"href":"https:\/\/thepueblatimes.mx\/index.php\/wp-json\/wp\/v2\/comments?post=14953"}],"version-history":[{"count":2,"href":"https:\/\/thepueblatimes.mx\/index.php\/wp-json\/wp\/v2\/posts\/14953\/revisions"}],"predecessor-version":[{"id":14956,"href":"https:\/\/thepueblatimes.mx\/index.php\/wp-json\/wp\/v2\/posts\/14953\/revisions\/14956"}],"wp:featuredmedia":[{"embeddable":true,"href":"https:\/\/thepueblatimes.mx\/index.php\/wp-json\/wp\/v2\/media\/14954"}],"wp:attachment":[{"href":"https:\/\/thepueblatimes.mx\/index.php\/wp-json\/wp\/v2\/media?parent=14953"}],"wp:term":[{"taxonomy":"category","embeddable":true,"href":"https:\/\/thepueblatimes.mx\/index.php\/wp-json\/wp\/v2\/categories?post=14953"},{"taxonomy":"post_tag","embeddable":true,"href":"https:\/\/thepueblatimes.mx\/index.php\/wp-json\/wp\/v2\/tags?post=14953"}],"curies":[{"name":"wp","href":"https:\/\/api.w.org\/{rel}","templated":true}]}}