{"id":14949,"date":"2021-07-29T21:57:24","date_gmt":"2021-07-30T02:57:24","guid":{"rendered":"https:\/\/thepueblatimes.mx\/?p=14949"},"modified":"2021-07-29T21:57:24","modified_gmt":"2021-07-30T02:57:24","slug":"sandra-desaparece-en-la-colonia-reforma-sur-en-puebla","status":"publish","type":"post","link":"https:\/\/thepueblatimes.mx\/index.php\/2021\/07\/29\/sandra-desaparece-en-la-colonia-reforma-sur-en-puebla\/","title":{"rendered":"Sandra desaparece en la colonia Reforma Sur en Puebla"},"content":{"rendered":"<p>Puebla, Pue.- La Fiscal\u00eda General de Puebla dio a conocer la <strong>desaparici\u00f3n de Sandra \u00c1lvarez Anastasio de 22 a\u00f1os de edad, en la ciudad de Puebla.<\/strong><\/p>\n<p>Fue vista por \u00faltima vez el 27 de julio en la <strong>colonia Reforma Sur.<\/strong> <strong>Vest\u00eda blusa color blanco manga larga, pantal\u00f3n de mezclilla azul claro y botas color negro.<\/strong><\/p>\n<p>Cualquier informaci\u00f3n que d\u00e9 con su paradero, comunicarse al tel\u00e9fono \u00a02212838142.<\/p>\n<p>&nbsp;<\/p>\n","protected":false},"excerpt":{"rendered":"<p>Puebla, Pue.- La Fiscal\u00eda General de Puebla dio a conocer la desaparici\u00f3n de Sandra \u00c1lvarez Anastasio de 22 a\u00f1os de edad, en la ciudad de Puebla. Fue vista por \u00faltima vez el 27 de julio en la colonia Reforma Sur. Vest\u00eda blusa color blanco manga larga, pantal\u00f3n de mezclilla azul claro y botas color negro&#8230;.<\/p>\n","protected":false},"author":15,"featured_media":14950,"comment_status":"open","ping_status":"open","sticky":false,"template":"","format":"standard","meta":[],"categories":[20],"tags":[49],"yoast_head":"<!-- This site is optimized with the Yoast SEO plugin v20.8 - https:\/\/yoast.com\/wordpress\/plugins\/seo\/ -->\n<title>Sandra desaparece en la colonia Reforma Sur en Puebla - The Puebla Times<\/title>\n<meta name=\"robots\" content=\"index, follow, max-snippet:-1, max-image-preview:large, max-video-preview:-1\" \/>\n<link rel=\"canonical\" href=\"https:\/\/thepueblatimes.mx\/index.php\/2021\/07\/29\/sandra-desaparece-en-la-colonia-reforma-sur-en-puebla\/\" \/>\n<meta property=\"og:locale\" content=\"es_ES\" \/>\n<meta property=\"og:type\" content=\"article\" \/>\n<meta property=\"og:title\" content=\"Sandra desaparece en la colonia Reforma Sur en Puebla - The Puebla Times\" \/>\n<meta property=\"og:description\" content=\"Puebla, Pue.- La Fiscal\u00eda General de Puebla dio a conocer la desaparici\u00f3n de Sandra \u00c1lvarez Anastasio de 22 a\u00f1os de edad, en la ciudad de Puebla. Fue vista por \u00faltima vez el 27 de julio en la colonia Reforma Sur. Vest\u00eda blusa color blanco manga larga, pantal\u00f3n de mezclilla azul claro y botas color negro....\" \/>\n<meta property=\"og:url\" content=\"https:\/\/thepueblatimes.mx\/index.php\/2021\/07\/29\/sandra-desaparece-en-la-colonia-reforma-sur-en-puebla\/\" \/>\n<meta property=\"og:site_name\" content=\"The Puebla Times\" \/>\n<meta property=\"article:published_time\" content=\"2021-07-30T02:57:24+00:00\" \/>\n<meta property=\"og:image\" content=\"https:\/\/thepueblatimes.mx\/wp-content\/uploads\/2021\/07\/C41AFCC4-DC4B-4BB6-8803-E55C1CB47271.jpeg\" \/>\n\t<meta property=\"og:image:width\" content=\"650\" \/>\n\t<meta property=\"og:image:height\" content=\"386\" \/>\n\t<meta property=\"og:image:type\" content=\"image\/jpeg\" \/>\n<meta name=\"author\" content=\"Francisco S\u00e1nchez Nolasco\" \/>\n<meta name=\"twitter:card\" content=\"summary_large_image\" \/>\n<meta name=\"twitter:label1\" content=\"Escrito por\" \/>\n\t<meta name=\"twitter:data1\" content=\"Francisco S\u00e1nchez Nolasco\" \/>\n<script type=\"application\/ld+json\" class=\"yoast-schema-graph\">{\"@context\":\"https:\/\/schema.org\",\"@graph\":[{\"@type\":\"WebPage\",\"@id\":\"https:\/\/thepueblatimes.mx\/index.php\/2021\/07\/29\/sandra-desaparece-en-la-colonia-reforma-sur-en-puebla\/\",\"url\":\"https:\/\/thepueblatimes.mx\/index.php\/2021\/07\/29\/sandra-desaparece-en-la-colonia-reforma-sur-en-puebla\/\",\"name\":\"Sandra desaparece en la colonia Reforma Sur en Puebla - The Puebla Times\",\"isPartOf\":{\"@id\":\"https:\/\/thepueblatimes.mx\/#website\"},\"datePublished\":\"2021-07-30T02:57:24+00:00\",\"dateModified\":\"2021-07-30T02:57:24+00:00\",\"author\":{\"@id\":\"https:\/\/thepueblatimes.mx\/#\/schema\/person\/7bdf2adbc50078b104bba72b5612f774\"},\"breadcrumb\":{\"@id\":\"https:\/\/thepueblatimes.mx\/index.php\/2021\/07\/29\/sandra-desaparece-en-la-colonia-reforma-sur-en-puebla\/#breadcrumb\"},\"inLanguage\":\"es\",\"potentialAction\":[{\"@type\":\"ReadAction\",\"target\":[\"https:\/\/thepueblatimes.mx\/index.php\/2021\/07\/29\/sandra-desaparece-en-la-colonia-reforma-sur-en-puebla\/\"]}]},{\"@type\":\"BreadcrumbList\",\"@id\":\"https:\/\/thepueblatimes.mx\/index.php\/2021\/07\/29\/sandra-desaparece-en-la-colonia-reforma-sur-en-puebla\/#breadcrumb\",\"itemListElement\":[{\"@type\":\"ListItem\",\"position\":1,\"name\":\"Portada\",\"item\":\"https:\/\/thepueblatimes.mx\/\"},{\"@type\":\"ListItem\",\"position\":2,\"name\":\"Sandra desaparece en la colonia Reforma Sur en Puebla\"}]},{\"@type\":\"WebSite\",\"@id\":\"https:\/\/thepueblatimes.mx\/#website\",\"url\":\"https:\/\/thepueblatimes.mx\/\",\"name\":\"The Puebla Times\",\"description\":\"Noticias del Estado de Puebla\",\"potentialAction\":[{\"@type\":\"SearchAction\",\"target\":{\"@type\":\"EntryPoint\",\"urlTemplate\":\"https:\/\/thepueblatimes.mx\/?s={search_term_string}\"},\"query-input\":\"required name=search_term_string\"}],\"inLanguage\":\"es\"},{\"@type\":\"Person\",\"@id\":\"https:\/\/thepueblatimes.mx\/#\/schema\/person\/7bdf2adbc50078b104bba72b5612f774\",\"name\":\"Francisco S\u00e1nchez Nolasco\",\"image\":{\"@type\":\"ImageObject\",\"inLanguage\":\"es\",\"@id\":\"https:\/\/thepueblatimes.mx\/#\/schema\/person\/image\/\",\"url\":\"https:\/\/secure.gravatar.com\/avatar\/6061d7d20b38bc2742a5218401b198d2?s=96&d=mm&r=g\",\"contentUrl\":\"https:\/\/secure.gravatar.com\/avatar\/6061d7d20b38bc2742a5218401b198d2?s=96&d=mm&r=g\",\"caption\":\"Francisco S\u00e1nchez Nolasco\"},\"url\":\"https:\/\/thepueblatimes.mx\/index.php\/author\/marianitha-reyes\/\"}]}<\/script>\n<!-- \/ Yoast SEO plugin. -->","yoast_head_json":{"title":"Sandra desaparece en la colonia Reforma Sur en Puebla - The Puebla Times","robots":{"index":"index","follow":"follow","max-snippet":"max-snippet:-1","max-image-preview":"max-image-preview:large","max-video-preview":"max-video-preview:-1"},"canonical":"https:\/\/thepueblatimes.mx\/index.php\/2021\/07\/29\/sandra-desaparece-en-la-colonia-reforma-sur-en-puebla\/","og_locale":"es_ES","og_type":"article","og_title":"Sandra desaparece en la colonia Reforma Sur en Puebla - The Puebla Times","og_description":"Puebla, Pue.- La Fiscal\u00eda General de Puebla dio a conocer la desaparici\u00f3n de Sandra \u00c1lvarez Anastasio de 22 a\u00f1os de edad, en la ciudad de Puebla. Fue vista por \u00faltima vez el 27 de julio en la colonia Reforma Sur. Vest\u00eda blusa color blanco manga larga, pantal\u00f3n de mezclilla azul claro y botas color negro....","og_url":"https:\/\/thepueblatimes.mx\/index.php\/2021\/07\/29\/sandra-desaparece-en-la-colonia-reforma-sur-en-puebla\/","og_site_name":"The Puebla Times","article_published_time":"2021-07-30T02:57:24+00:00","og_image":[{"width":650,"height":386,"url":"https:\/\/thepueblatimes.mx\/wp-content\/uploads\/2021\/07\/C41AFCC4-DC4B-4BB6-8803-E55C1CB47271.jpeg","type":"image\/jpeg"}],"author":"Francisco S\u00e1nchez Nolasco","twitter_card":"summary_large_image","twitter_misc":{"Escrito por":"Francisco S\u00e1nchez Nolasco"},"schema":{"@context":"https:\/\/schema.org","@graph":[{"@type":"WebPage","@id":"https:\/\/thepueblatimes.mx\/index.php\/2021\/07\/29\/sandra-desaparece-en-la-colonia-reforma-sur-en-puebla\/","url":"https:\/\/thepueblatimes.mx\/index.php\/2021\/07\/29\/sandra-desaparece-en-la-colonia-reforma-sur-en-puebla\/","name":"Sandra desaparece en la colonia Reforma Sur en Puebla - The Puebla Times","isPartOf":{"@id":"https:\/\/thepueblatimes.mx\/#website"},"datePublished":"2021-07-30T02:57:24+00:00","dateModified":"2021-07-30T02:57:24+00:00","author":{"@id":"https:\/\/thepueblatimes.mx\/#\/schema\/person\/7bdf2adbc50078b104bba72b5612f774"},"breadcrumb":{"@id":"https:\/\/thepueblatimes.mx\/index.php\/2021\/07\/29\/sandra-desaparece-en-la-colonia-reforma-sur-en-puebla\/#breadcrumb"},"inLanguage":"es","potentialAction":[{"@type":"ReadAction","target":["https:\/\/thepueblatimes.mx\/index.php\/2021\/07\/29\/sandra-desaparece-en-la-colonia-reforma-sur-en-puebla\/"]}]},{"@type":"BreadcrumbList","@id":"https:\/\/thepueblatimes.mx\/index.php\/2021\/07\/29\/sandra-desaparece-en-la-colonia-reforma-sur-en-puebla\/#breadcrumb","itemListElement":[{"@type":"ListItem","position":1,"name":"Portada","item":"https:\/\/thepueblatimes.mx\/"},{"@type":"ListItem","position":2,"name":"Sandra desaparece en la colonia Reforma Sur en Puebla"}]},{"@type":"WebSite","@id":"https:\/\/thepueblatimes.mx\/#website","url":"https:\/\/thepueblatimes.mx\/","name":"The Puebla Times","description":"Noticias del Estado de Puebla","potentialAction":[{"@type":"SearchAction","target":{"@type":"EntryPoint","urlTemplate":"https:\/\/thepueblatimes.mx\/?s={search_term_string}"},"query-input":"required name=search_term_string"}],"inLanguage":"es"},{"@type":"Person","@id":"https:\/\/thepueblatimes.mx\/#\/schema\/person\/7bdf2adbc50078b104bba72b5612f774","name":"Francisco S\u00e1nchez Nolasco","image":{"@type":"ImageObject","inLanguage":"es","@id":"https:\/\/thepueblatimes.mx\/#\/schema\/person\/image\/","url":"https:\/\/secure.gravatar.com\/avatar\/6061d7d20b38bc2742a5218401b198d2?s=96&d=mm&r=g","contentUrl":"https:\/\/secure.gravatar.com\/avatar\/6061d7d20b38bc2742a5218401b198d2?s=96&d=mm&r=g","caption":"Francisco S\u00e1nchez Nolasco"},"url":"https:\/\/thepueblatimes.mx\/index.php\/author\/marianitha-reyes\/"}]}},"jetpack_featured_media_url":"https:\/\/thepueblatimes.mx\/wp-content\/uploads\/2021\/07\/C41AFCC4-DC4B-4BB6-8803-E55C1CB47271.jpeg","_links":{"self":[{"href":"https:\/\/thepueblatimes.mx\/index.php\/wp-json\/wp\/v2\/posts\/14949"}],"collection":[{"href":"https:\/\/thepueblatimes.mx\/index.php\/wp-json\/wp\/v2\/posts"}],"about":[{"href":"https:\/\/thepueblatimes.mx\/index.php\/wp-json\/wp\/v2\/types\/post"}],"author":[{"embeddable":true,"href":"https:\/\/thepueblatimes.mx\/index.php\/wp-json\/wp\/v2\/users\/15"}],"replies":[{"embeddable":true,"href":"https:\/\/thepueblatimes.mx\/index.php\/wp-json\/wp\/v2\/comments?post=14949"}],"version-history":[{"count":2,"href":"https:\/\/thepueblatimes.mx\/index.php\/wp-json\/wp\/v2\/posts\/14949\/revisions"}],"predecessor-version":[{"id":14952,"href":"https:\/\/thepueblatimes.mx\/index.php\/wp-json\/wp\/v2\/posts\/14949\/revisions\/14952"}],"wp:featuredmedia":[{"embeddable":true,"href":"https:\/\/thepueblatimes.mx\/index.php\/wp-json\/wp\/v2\/media\/14950"}],"wp:attachment":[{"href":"https:\/\/thepueblatimes.mx\/index.php\/wp-json\/wp\/v2\/media?parent=14949"}],"wp:term":[{"taxonomy":"category","embeddable":true,"href":"https:\/\/thepueblatimes.mx\/index.php\/wp-json\/wp\/v2\/categories?post=14949"},{"taxonomy":"post_tag","embeddable":true,"href":"https:\/\/thepueblatimes.mx\/index.php\/wp-json\/wp\/v2\/tags?post=14949"}],"curies":[{"name":"wp","href":"https:\/\/api.w.org\/{rel}","templated":true}]}}