{"id":14943,"date":"2021-07-29T21:53:32","date_gmt":"2021-07-30T02:53:32","guid":{"rendered":"https:\/\/thepueblatimes.mx\/?p=14943"},"modified":"2021-07-29T21:53:32","modified_gmt":"2021-07-30T02:53:32","slug":"hallan-cuerpo-putrefacto-en-barranca-entre-puebla-y-amozoc","status":"publish","type":"post","link":"https:\/\/thepueblatimes.mx\/index.php\/2021\/07\/29\/hallan-cuerpo-putrefacto-en-barranca-entre-puebla-y-amozoc\/","title":{"rendered":"Hallan cuerpo putrefacto en barranca entre Puebla y Amozoc"},"content":{"rendered":"<p>Puebla, Pue.- <strong>Un cuerpo en avanzado estado de descomposici\u00f3n fue localizado en el fondo de una barranca a un costado de la carretera a Santa Cruz Alpuyeca,<\/strong> siendo a trav\u00e9s de una llamada directa a las autoridades ministeriales que se logr\u00f3 saber que en el lugar una persona hab\u00eda<strong>localizado el cad\u00e1ver a la altura del kil\u00f3metro 3.8 de la citada carretera, en tramo a\u00fan perteneciente a la ciudad de Puebla<\/strong>.<\/p>\n<p>Fueron peritos y agentes ministeriales quienes confirmaron el hecho y anotaron que debido al avanzado estado de descomposici\u00f3n, la parte trasera superior del cuerpo y la cabeza ya estaban convertidos en huesos debido a que la fauna del lugar se la hab\u00edan comido.<\/p>\n<p>Hasta el momento la v\u00edctima qued\u00f3 en calidad de desconocido, ni siquiera se defini\u00f3 si se trata de un hombre o mujer, aunque por las ropas halladas en el sitio se podr\u00eda presumir que se trata de una f\u00e9mina, por lo que ya se llevan a cabo las investigaciones para esclarecer qu\u00e9 pudo causar la muerte a esta persona y esperar a que pueda ser identificada y reclamada.<\/p>\n","protected":false},"excerpt":{"rendered":"<p>Puebla, Pue.- Un cuerpo en avanzado estado de descomposici\u00f3n fue localizado en el fondo de una barranca a un costado de la carretera a Santa Cruz Alpuyeca, siendo a trav\u00e9s de una llamada directa a las autoridades ministeriales que se logr\u00f3 saber que en el lugar una persona hab\u00edalocalizado el cad\u00e1ver a la altura del&#8230;<\/p>\n","protected":false},"author":15,"featured_media":14944,"comment_status":"open","ping_status":"open","sticky":false,"template":"","format":"standard","meta":[],"categories":[20],"tags":[49],"yoast_head":"<!-- This site is optimized with the Yoast SEO plugin v20.8 - https:\/\/yoast.com\/wordpress\/plugins\/seo\/ -->\n<title>Hallan cuerpo putrefacto en barranca entre Puebla y Amozoc - The Puebla Times<\/title>\n<meta name=\"robots\" content=\"index, follow, max-snippet:-1, max-image-preview:large, max-video-preview:-1\" \/>\n<link rel=\"canonical\" href=\"https:\/\/thepueblatimes.mx\/index.php\/2021\/07\/29\/hallan-cuerpo-putrefacto-en-barranca-entre-puebla-y-amozoc\/\" \/>\n<meta property=\"og:locale\" content=\"es_ES\" \/>\n<meta property=\"og:type\" content=\"article\" \/>\n<meta property=\"og:title\" content=\"Hallan cuerpo putrefacto en barranca entre Puebla y Amozoc - The Puebla Times\" \/>\n<meta property=\"og:description\" content=\"Puebla, Pue.- Un cuerpo en avanzado estado de descomposici\u00f3n fue localizado en el fondo de una barranca a un costado de la carretera a Santa Cruz Alpuyeca, siendo a trav\u00e9s de una llamada directa a las autoridades ministeriales que se logr\u00f3 saber que en el lugar una persona hab\u00edalocalizado el cad\u00e1ver a la altura del...\" \/>\n<meta property=\"og:url\" content=\"https:\/\/thepueblatimes.mx\/index.php\/2021\/07\/29\/hallan-cuerpo-putrefacto-en-barranca-entre-puebla-y-amozoc\/\" \/>\n<meta property=\"og:site_name\" content=\"The Puebla Times\" \/>\n<meta property=\"article:published_time\" content=\"2021-07-30T02:53:32+00:00\" \/>\n<meta property=\"og:image\" content=\"https:\/\/thepueblatimes.mx\/wp-content\/uploads\/2021\/07\/44A424C2-40E8-4D0D-AE63-A40636887BDD.jpeg\" \/>\n\t<meta property=\"og:image:width\" content=\"650\" \/>\n\t<meta property=\"og:image:height\" content=\"387\" \/>\n\t<meta property=\"og:image:type\" content=\"image\/jpeg\" \/>\n<meta name=\"author\" content=\"Francisco S\u00e1nchez Nolasco\" \/>\n<meta name=\"twitter:card\" content=\"summary_large_image\" \/>\n<meta name=\"twitter:label1\" content=\"Escrito por\" \/>\n\t<meta name=\"twitter:data1\" content=\"Francisco S\u00e1nchez Nolasco\" \/>\n\t<meta name=\"twitter:label2\" content=\"Tiempo de lectura\" \/>\n\t<meta name=\"twitter:data2\" content=\"1 minuto\" \/>\n<script type=\"application\/ld+json\" class=\"yoast-schema-graph\">{\"@context\":\"https:\/\/schema.org\",\"@graph\":[{\"@type\":\"WebPage\",\"@id\":\"https:\/\/thepueblatimes.mx\/index.php\/2021\/07\/29\/hallan-cuerpo-putrefacto-en-barranca-entre-puebla-y-amozoc\/\",\"url\":\"https:\/\/thepueblatimes.mx\/index.php\/2021\/07\/29\/hallan-cuerpo-putrefacto-en-barranca-entre-puebla-y-amozoc\/\",\"name\":\"Hallan cuerpo putrefacto en barranca entre Puebla y Amozoc - The Puebla Times\",\"isPartOf\":{\"@id\":\"https:\/\/thepueblatimes.mx\/#website\"},\"datePublished\":\"2021-07-30T02:53:32+00:00\",\"dateModified\":\"2021-07-30T02:53:32+00:00\",\"author\":{\"@id\":\"https:\/\/thepueblatimes.mx\/#\/schema\/person\/7bdf2adbc50078b104bba72b5612f774\"},\"breadcrumb\":{\"@id\":\"https:\/\/thepueblatimes.mx\/index.php\/2021\/07\/29\/hallan-cuerpo-putrefacto-en-barranca-entre-puebla-y-amozoc\/#breadcrumb\"},\"inLanguage\":\"es\",\"potentialAction\":[{\"@type\":\"ReadAction\",\"target\":[\"https:\/\/thepueblatimes.mx\/index.php\/2021\/07\/29\/hallan-cuerpo-putrefacto-en-barranca-entre-puebla-y-amozoc\/\"]}]},{\"@type\":\"BreadcrumbList\",\"@id\":\"https:\/\/thepueblatimes.mx\/index.php\/2021\/07\/29\/hallan-cuerpo-putrefacto-en-barranca-entre-puebla-y-amozoc\/#breadcrumb\",\"itemListElement\":[{\"@type\":\"ListItem\",\"position\":1,\"name\":\"Portada\",\"item\":\"https:\/\/thepueblatimes.mx\/\"},{\"@type\":\"ListItem\",\"position\":2,\"name\":\"Hallan cuerpo putrefacto en barranca entre Puebla y Amozoc\"}]},{\"@type\":\"WebSite\",\"@id\":\"https:\/\/thepueblatimes.mx\/#website\",\"url\":\"https:\/\/thepueblatimes.mx\/\",\"name\":\"The Puebla Times\",\"description\":\"Noticias del Estado de Puebla\",\"potentialAction\":[{\"@type\":\"SearchAction\",\"target\":{\"@type\":\"EntryPoint\",\"urlTemplate\":\"https:\/\/thepueblatimes.mx\/?s={search_term_string}\"},\"query-input\":\"required name=search_term_string\"}],\"inLanguage\":\"es\"},{\"@type\":\"Person\",\"@id\":\"https:\/\/thepueblatimes.mx\/#\/schema\/person\/7bdf2adbc50078b104bba72b5612f774\",\"name\":\"Francisco S\u00e1nchez Nolasco\",\"image\":{\"@type\":\"ImageObject\",\"inLanguage\":\"es\",\"@id\":\"https:\/\/thepueblatimes.mx\/#\/schema\/person\/image\/\",\"url\":\"https:\/\/secure.gravatar.com\/avatar\/6061d7d20b38bc2742a5218401b198d2?s=96&d=mm&r=g\",\"contentUrl\":\"https:\/\/secure.gravatar.com\/avatar\/6061d7d20b38bc2742a5218401b198d2?s=96&d=mm&r=g\",\"caption\":\"Francisco S\u00e1nchez Nolasco\"},\"url\":\"https:\/\/thepueblatimes.mx\/index.php\/author\/marianitha-reyes\/\"}]}<\/script>\n<!-- \/ Yoast SEO plugin. -->","yoast_head_json":{"title":"Hallan cuerpo putrefacto en barranca entre Puebla y Amozoc - The Puebla Times","robots":{"index":"index","follow":"follow","max-snippet":"max-snippet:-1","max-image-preview":"max-image-preview:large","max-video-preview":"max-video-preview:-1"},"canonical":"https:\/\/thepueblatimes.mx\/index.php\/2021\/07\/29\/hallan-cuerpo-putrefacto-en-barranca-entre-puebla-y-amozoc\/","og_locale":"es_ES","og_type":"article","og_title":"Hallan cuerpo putrefacto en barranca entre Puebla y Amozoc - The Puebla Times","og_description":"Puebla, Pue.- Un cuerpo en avanzado estado de descomposici\u00f3n fue localizado en el fondo de una barranca a un costado de la carretera a Santa Cruz Alpuyeca, siendo a trav\u00e9s de una llamada directa a las autoridades ministeriales que se logr\u00f3 saber que en el lugar una persona hab\u00edalocalizado el cad\u00e1ver a la altura del...","og_url":"https:\/\/thepueblatimes.mx\/index.php\/2021\/07\/29\/hallan-cuerpo-putrefacto-en-barranca-entre-puebla-y-amozoc\/","og_site_name":"The Puebla Times","article_published_time":"2021-07-30T02:53:32+00:00","og_image":[{"width":650,"height":387,"url":"https:\/\/thepueblatimes.mx\/wp-content\/uploads\/2021\/07\/44A424C2-40E8-4D0D-AE63-A40636887BDD.jpeg","type":"image\/jpeg"}],"author":"Francisco S\u00e1nchez Nolasco","twitter_card":"summary_large_image","twitter_misc":{"Escrito por":"Francisco S\u00e1nchez Nolasco","Tiempo de lectura":"1 minuto"},"schema":{"@context":"https:\/\/schema.org","@graph":[{"@type":"WebPage","@id":"https:\/\/thepueblatimes.mx\/index.php\/2021\/07\/29\/hallan-cuerpo-putrefacto-en-barranca-entre-puebla-y-amozoc\/","url":"https:\/\/thepueblatimes.mx\/index.php\/2021\/07\/29\/hallan-cuerpo-putrefacto-en-barranca-entre-puebla-y-amozoc\/","name":"Hallan cuerpo putrefacto en barranca entre Puebla y Amozoc - The Puebla Times","isPartOf":{"@id":"https:\/\/thepueblatimes.mx\/#website"},"datePublished":"2021-07-30T02:53:32+00:00","dateModified":"2021-07-30T02:53:32+00:00","author":{"@id":"https:\/\/thepueblatimes.mx\/#\/schema\/person\/7bdf2adbc50078b104bba72b5612f774"},"breadcrumb":{"@id":"https:\/\/thepueblatimes.mx\/index.php\/2021\/07\/29\/hallan-cuerpo-putrefacto-en-barranca-entre-puebla-y-amozoc\/#breadcrumb"},"inLanguage":"es","potentialAction":[{"@type":"ReadAction","target":["https:\/\/thepueblatimes.mx\/index.php\/2021\/07\/29\/hallan-cuerpo-putrefacto-en-barranca-entre-puebla-y-amozoc\/"]}]},{"@type":"BreadcrumbList","@id":"https:\/\/thepueblatimes.mx\/index.php\/2021\/07\/29\/hallan-cuerpo-putrefacto-en-barranca-entre-puebla-y-amozoc\/#breadcrumb","itemListElement":[{"@type":"ListItem","position":1,"name":"Portada","item":"https:\/\/thepueblatimes.mx\/"},{"@type":"ListItem","position":2,"name":"Hallan cuerpo putrefacto en barranca entre Puebla y Amozoc"}]},{"@type":"WebSite","@id":"https:\/\/thepueblatimes.mx\/#website","url":"https:\/\/thepueblatimes.mx\/","name":"The Puebla Times","description":"Noticias del Estado de Puebla","potentialAction":[{"@type":"SearchAction","target":{"@type":"EntryPoint","urlTemplate":"https:\/\/thepueblatimes.mx\/?s={search_term_string}"},"query-input":"required name=search_term_string"}],"inLanguage":"es"},{"@type":"Person","@id":"https:\/\/thepueblatimes.mx\/#\/schema\/person\/7bdf2adbc50078b104bba72b5612f774","name":"Francisco S\u00e1nchez Nolasco","image":{"@type":"ImageObject","inLanguage":"es","@id":"https:\/\/thepueblatimes.mx\/#\/schema\/person\/image\/","url":"https:\/\/secure.gravatar.com\/avatar\/6061d7d20b38bc2742a5218401b198d2?s=96&d=mm&r=g","contentUrl":"https:\/\/secure.gravatar.com\/avatar\/6061d7d20b38bc2742a5218401b198d2?s=96&d=mm&r=g","caption":"Francisco S\u00e1nchez Nolasco"},"url":"https:\/\/thepueblatimes.mx\/index.php\/author\/marianitha-reyes\/"}]}},"jetpack_featured_media_url":"https:\/\/thepueblatimes.mx\/wp-content\/uploads\/2021\/07\/44A424C2-40E8-4D0D-AE63-A40636887BDD.jpeg","_links":{"self":[{"href":"https:\/\/thepueblatimes.mx\/index.php\/wp-json\/wp\/v2\/posts\/14943"}],"collection":[{"href":"https:\/\/thepueblatimes.mx\/index.php\/wp-json\/wp\/v2\/posts"}],"about":[{"href":"https:\/\/thepueblatimes.mx\/index.php\/wp-json\/wp\/v2\/types\/post"}],"author":[{"embeddable":true,"href":"https:\/\/thepueblatimes.mx\/index.php\/wp-json\/wp\/v2\/users\/15"}],"replies":[{"embeddable":true,"href":"https:\/\/thepueblatimes.mx\/index.php\/wp-json\/wp\/v2\/comments?post=14943"}],"version-history":[{"count":1,"href":"https:\/\/thepueblatimes.mx\/index.php\/wp-json\/wp\/v2\/posts\/14943\/revisions"}],"predecessor-version":[{"id":14945,"href":"https:\/\/thepueblatimes.mx\/index.php\/wp-json\/wp\/v2\/posts\/14943\/revisions\/14945"}],"wp:featuredmedia":[{"embeddable":true,"href":"https:\/\/thepueblatimes.mx\/index.php\/wp-json\/wp\/v2\/media\/14944"}],"wp:attachment":[{"href":"https:\/\/thepueblatimes.mx\/index.php\/wp-json\/wp\/v2\/media?parent=14943"}],"wp:term":[{"taxonomy":"category","embeddable":true,"href":"https:\/\/thepueblatimes.mx\/index.php\/wp-json\/wp\/v2\/categories?post=14943"},{"taxonomy":"post_tag","embeddable":true,"href":"https:\/\/thepueblatimes.mx\/index.php\/wp-json\/wp\/v2\/tags?post=14943"}],"curies":[{"name":"wp","href":"https:\/\/api.w.org\/{rel}","templated":true}]}}