{"id":14937,"date":"2021-07-29T21:49:28","date_gmt":"2021-07-30T02:49:28","guid":{"rendered":"https:\/\/thepueblatimes.mx\/?p=14937"},"modified":"2021-07-29T21:49:28","modified_gmt":"2021-07-30T02:49:28","slug":"puebla-de-los-3-estados-con-mas-mujeres-y-menores-victimas-de-trata","status":"publish","type":"post","link":"https:\/\/thepueblatimes.mx\/index.php\/2021\/07\/29\/puebla-de-los-3-estados-con-mas-mujeres-y-menores-victimas-de-trata\/","title":{"rendered":"Puebla, de los 3 estados con m\u00e1s mujeres y menores v\u00edctimas de trata"},"content":{"rendered":"<p>Puebla, Pue.- Puebla se encuentra entre los <strong>tres estados<\/strong> con m\u00e1s <strong>mujeres y menores<\/strong>de 17 a\u00f1os de edad v\u00edctimas de <strong>trata de personas<\/strong>, seg\u00fan lo se\u00f1ala el <strong>Consejo Ciudadano para la Seguridad y Justicia<\/strong>de la Ciudad de M\u00e9xico.<\/p>\n<p>En su reporte elaborado con motivo de la conmemoraci\u00f3n del D\u00eda Mundial contra la Trata de Personas este 30 de julio, se\u00f1ala que cinco estados concentran al <strong>67 por ciento<\/strong> de las v\u00edctimas de este delito, lo que equivale a dos de cada tres casos.<\/p>\n<p>En primer lugar est\u00e1 la <strong>Ciudad de M\u00e9xico<\/strong>con el 33 por ciento del total, el <strong>estado de M\u00e9xico<\/strong> con el 15 por ciento, <strong>Puebla<\/strong> con el 10 por ciento, <strong>Jalisco<\/strong> con el 5 por ciento y <strong>Guerrero<\/strong> con el 4 por ciento.<\/p>\n<p>El Consejo Ciudadano administra a su vez la <strong>L\u00ednea Nacional Contra la Trata de Personas<\/strong>, en la que durante los primeros seis meses de 2021 recibi\u00f3 <strong>887 alertas<\/strong> sobre este il\u00edcito, de las cuales 41 por ciento era de v\u00edctimas menores de edad y 62 por ciento de mujeres.<\/p>\n<p>En este rubro, las entidades con mayor n\u00famero de registros de llamadas son la Ciudad de M\u00e9xico con 177, el Estado de M\u00e9xico con 106, Jalisco con 46, <strong>Baja California<\/strong> con 36 y <strong>Veracruz<\/strong> con 35.<\/p>\n","protected":false},"excerpt":{"rendered":"<p>Puebla, Pue.- Puebla se encuentra entre los tres estados con m\u00e1s mujeres y menoresde 17 a\u00f1os de edad v\u00edctimas de trata de personas, seg\u00fan lo se\u00f1ala el Consejo Ciudadano para la Seguridad y Justiciade la Ciudad de M\u00e9xico. En su reporte elaborado con motivo de la conmemoraci\u00f3n del D\u00eda Mundial contra la Trata de Personas&#8230;<\/p>\n","protected":false},"author":15,"featured_media":14938,"comment_status":"open","ping_status":"open","sticky":false,"template":"","format":"standard","meta":[],"categories":[20],"tags":[49],"yoast_head":"<!-- This site is optimized with the Yoast SEO plugin v20.8 - https:\/\/yoast.com\/wordpress\/plugins\/seo\/ -->\n<title>Puebla, de los 3 estados con m\u00e1s mujeres y menores v\u00edctimas de trata - The Puebla Times<\/title>\n<meta name=\"robots\" content=\"index, follow, max-snippet:-1, max-image-preview:large, max-video-preview:-1\" \/>\n<link rel=\"canonical\" href=\"https:\/\/thepueblatimes.mx\/index.php\/2021\/07\/29\/puebla-de-los-3-estados-con-mas-mujeres-y-menores-victimas-de-trata\/\" \/>\n<meta property=\"og:locale\" content=\"es_ES\" \/>\n<meta property=\"og:type\" content=\"article\" \/>\n<meta property=\"og:title\" content=\"Puebla, de los 3 estados con m\u00e1s mujeres y menores v\u00edctimas de trata - The Puebla Times\" \/>\n<meta property=\"og:description\" content=\"Puebla, Pue.- Puebla se encuentra entre los tres estados con m\u00e1s mujeres y menoresde 17 a\u00f1os de edad v\u00edctimas de trata de personas, seg\u00fan lo se\u00f1ala el Consejo Ciudadano para la Seguridad y Justiciade la Ciudad de M\u00e9xico. En su reporte elaborado con motivo de la conmemoraci\u00f3n del D\u00eda Mundial contra la Trata de Personas...\" \/>\n<meta property=\"og:url\" content=\"https:\/\/thepueblatimes.mx\/index.php\/2021\/07\/29\/puebla-de-los-3-estados-con-mas-mujeres-y-menores-victimas-de-trata\/\" \/>\n<meta property=\"og:site_name\" content=\"The Puebla Times\" \/>\n<meta property=\"article:published_time\" content=\"2021-07-30T02:49:28+00:00\" \/>\n<meta property=\"og:image\" content=\"https:\/\/thepueblatimes.mx\/wp-content\/uploads\/2021\/07\/D54389BA-6273-4D3C-B144-8C14F6CFA738.jpeg\" \/>\n\t<meta property=\"og:image:width\" content=\"640\" \/>\n\t<meta property=\"og:image:height\" content=\"430\" \/>\n\t<meta property=\"og:image:type\" content=\"image\/jpeg\" \/>\n<meta name=\"author\" content=\"Francisco S\u00e1nchez Nolasco\" \/>\n<meta name=\"twitter:card\" content=\"summary_large_image\" \/>\n<meta name=\"twitter:label1\" content=\"Escrito por\" \/>\n\t<meta name=\"twitter:data1\" content=\"Francisco S\u00e1nchez Nolasco\" \/>\n\t<meta name=\"twitter:label2\" content=\"Tiempo de lectura\" \/>\n\t<meta name=\"twitter:data2\" content=\"1 minuto\" \/>\n<script type=\"application\/ld+json\" class=\"yoast-schema-graph\">{\"@context\":\"https:\/\/schema.org\",\"@graph\":[{\"@type\":\"WebPage\",\"@id\":\"https:\/\/thepueblatimes.mx\/index.php\/2021\/07\/29\/puebla-de-los-3-estados-con-mas-mujeres-y-menores-victimas-de-trata\/\",\"url\":\"https:\/\/thepueblatimes.mx\/index.php\/2021\/07\/29\/puebla-de-los-3-estados-con-mas-mujeres-y-menores-victimas-de-trata\/\",\"name\":\"Puebla, de los 3 estados con m\u00e1s mujeres y menores v\u00edctimas de trata - The Puebla Times\",\"isPartOf\":{\"@id\":\"https:\/\/thepueblatimes.mx\/#website\"},\"datePublished\":\"2021-07-30T02:49:28+00:00\",\"dateModified\":\"2021-07-30T02:49:28+00:00\",\"author\":{\"@id\":\"https:\/\/thepueblatimes.mx\/#\/schema\/person\/7bdf2adbc50078b104bba72b5612f774\"},\"breadcrumb\":{\"@id\":\"https:\/\/thepueblatimes.mx\/index.php\/2021\/07\/29\/puebla-de-los-3-estados-con-mas-mujeres-y-menores-victimas-de-trata\/#breadcrumb\"},\"inLanguage\":\"es\",\"potentialAction\":[{\"@type\":\"ReadAction\",\"target\":[\"https:\/\/thepueblatimes.mx\/index.php\/2021\/07\/29\/puebla-de-los-3-estados-con-mas-mujeres-y-menores-victimas-de-trata\/\"]}]},{\"@type\":\"BreadcrumbList\",\"@id\":\"https:\/\/thepueblatimes.mx\/index.php\/2021\/07\/29\/puebla-de-los-3-estados-con-mas-mujeres-y-menores-victimas-de-trata\/#breadcrumb\",\"itemListElement\":[{\"@type\":\"ListItem\",\"position\":1,\"name\":\"Portada\",\"item\":\"https:\/\/thepueblatimes.mx\/\"},{\"@type\":\"ListItem\",\"position\":2,\"name\":\"Puebla, de los 3 estados con m\u00e1s mujeres y menores v\u00edctimas de trata\"}]},{\"@type\":\"WebSite\",\"@id\":\"https:\/\/thepueblatimes.mx\/#website\",\"url\":\"https:\/\/thepueblatimes.mx\/\",\"name\":\"The Puebla Times\",\"description\":\"Noticias del Estado de Puebla\",\"potentialAction\":[{\"@type\":\"SearchAction\",\"target\":{\"@type\":\"EntryPoint\",\"urlTemplate\":\"https:\/\/thepueblatimes.mx\/?s={search_term_string}\"},\"query-input\":\"required name=search_term_string\"}],\"inLanguage\":\"es\"},{\"@type\":\"Person\",\"@id\":\"https:\/\/thepueblatimes.mx\/#\/schema\/person\/7bdf2adbc50078b104bba72b5612f774\",\"name\":\"Francisco S\u00e1nchez Nolasco\",\"image\":{\"@type\":\"ImageObject\",\"inLanguage\":\"es\",\"@id\":\"https:\/\/thepueblatimes.mx\/#\/schema\/person\/image\/\",\"url\":\"https:\/\/secure.gravatar.com\/avatar\/6061d7d20b38bc2742a5218401b198d2?s=96&d=mm&r=g\",\"contentUrl\":\"https:\/\/secure.gravatar.com\/avatar\/6061d7d20b38bc2742a5218401b198d2?s=96&d=mm&r=g\",\"caption\":\"Francisco S\u00e1nchez Nolasco\"},\"url\":\"https:\/\/thepueblatimes.mx\/index.php\/author\/marianitha-reyes\/\"}]}<\/script>\n<!-- \/ Yoast SEO plugin. -->","yoast_head_json":{"title":"Puebla, de los 3 estados con m\u00e1s mujeres y menores v\u00edctimas de trata - The Puebla Times","robots":{"index":"index","follow":"follow","max-snippet":"max-snippet:-1","max-image-preview":"max-image-preview:large","max-video-preview":"max-video-preview:-1"},"canonical":"https:\/\/thepueblatimes.mx\/index.php\/2021\/07\/29\/puebla-de-los-3-estados-con-mas-mujeres-y-menores-victimas-de-trata\/","og_locale":"es_ES","og_type":"article","og_title":"Puebla, de los 3 estados con m\u00e1s mujeres y menores v\u00edctimas de trata - The Puebla Times","og_description":"Puebla, Pue.- Puebla se encuentra entre los tres estados con m\u00e1s mujeres y menoresde 17 a\u00f1os de edad v\u00edctimas de trata de personas, seg\u00fan lo se\u00f1ala el Consejo Ciudadano para la Seguridad y Justiciade la Ciudad de M\u00e9xico. En su reporte elaborado con motivo de la conmemoraci\u00f3n del D\u00eda Mundial contra la Trata de Personas...","og_url":"https:\/\/thepueblatimes.mx\/index.php\/2021\/07\/29\/puebla-de-los-3-estados-con-mas-mujeres-y-menores-victimas-de-trata\/","og_site_name":"The Puebla Times","article_published_time":"2021-07-30T02:49:28+00:00","og_image":[{"width":640,"height":430,"url":"https:\/\/thepueblatimes.mx\/wp-content\/uploads\/2021\/07\/D54389BA-6273-4D3C-B144-8C14F6CFA738.jpeg","type":"image\/jpeg"}],"author":"Francisco S\u00e1nchez Nolasco","twitter_card":"summary_large_image","twitter_misc":{"Escrito por":"Francisco S\u00e1nchez Nolasco","Tiempo de lectura":"1 minuto"},"schema":{"@context":"https:\/\/schema.org","@graph":[{"@type":"WebPage","@id":"https:\/\/thepueblatimes.mx\/index.php\/2021\/07\/29\/puebla-de-los-3-estados-con-mas-mujeres-y-menores-victimas-de-trata\/","url":"https:\/\/thepueblatimes.mx\/index.php\/2021\/07\/29\/puebla-de-los-3-estados-con-mas-mujeres-y-menores-victimas-de-trata\/","name":"Puebla, de los 3 estados con m\u00e1s mujeres y menores v\u00edctimas de trata - The Puebla Times","isPartOf":{"@id":"https:\/\/thepueblatimes.mx\/#website"},"datePublished":"2021-07-30T02:49:28+00:00","dateModified":"2021-07-30T02:49:28+00:00","author":{"@id":"https:\/\/thepueblatimes.mx\/#\/schema\/person\/7bdf2adbc50078b104bba72b5612f774"},"breadcrumb":{"@id":"https:\/\/thepueblatimes.mx\/index.php\/2021\/07\/29\/puebla-de-los-3-estados-con-mas-mujeres-y-menores-victimas-de-trata\/#breadcrumb"},"inLanguage":"es","potentialAction":[{"@type":"ReadAction","target":["https:\/\/thepueblatimes.mx\/index.php\/2021\/07\/29\/puebla-de-los-3-estados-con-mas-mujeres-y-menores-victimas-de-trata\/"]}]},{"@type":"BreadcrumbList","@id":"https:\/\/thepueblatimes.mx\/index.php\/2021\/07\/29\/puebla-de-los-3-estados-con-mas-mujeres-y-menores-victimas-de-trata\/#breadcrumb","itemListElement":[{"@type":"ListItem","position":1,"name":"Portada","item":"https:\/\/thepueblatimes.mx\/"},{"@type":"ListItem","position":2,"name":"Puebla, de los 3 estados con m\u00e1s mujeres y menores v\u00edctimas de trata"}]},{"@type":"WebSite","@id":"https:\/\/thepueblatimes.mx\/#website","url":"https:\/\/thepueblatimes.mx\/","name":"The Puebla Times","description":"Noticias del Estado de Puebla","potentialAction":[{"@type":"SearchAction","target":{"@type":"EntryPoint","urlTemplate":"https:\/\/thepueblatimes.mx\/?s={search_term_string}"},"query-input":"required name=search_term_string"}],"inLanguage":"es"},{"@type":"Person","@id":"https:\/\/thepueblatimes.mx\/#\/schema\/person\/7bdf2adbc50078b104bba72b5612f774","name":"Francisco S\u00e1nchez Nolasco","image":{"@type":"ImageObject","inLanguage":"es","@id":"https:\/\/thepueblatimes.mx\/#\/schema\/person\/image\/","url":"https:\/\/secure.gravatar.com\/avatar\/6061d7d20b38bc2742a5218401b198d2?s=96&d=mm&r=g","contentUrl":"https:\/\/secure.gravatar.com\/avatar\/6061d7d20b38bc2742a5218401b198d2?s=96&d=mm&r=g","caption":"Francisco S\u00e1nchez Nolasco"},"url":"https:\/\/thepueblatimes.mx\/index.php\/author\/marianitha-reyes\/"}]}},"jetpack_featured_media_url":"https:\/\/thepueblatimes.mx\/wp-content\/uploads\/2021\/07\/D54389BA-6273-4D3C-B144-8C14F6CFA738.jpeg","_links":{"self":[{"href":"https:\/\/thepueblatimes.mx\/index.php\/wp-json\/wp\/v2\/posts\/14937"}],"collection":[{"href":"https:\/\/thepueblatimes.mx\/index.php\/wp-json\/wp\/v2\/posts"}],"about":[{"href":"https:\/\/thepueblatimes.mx\/index.php\/wp-json\/wp\/v2\/types\/post"}],"author":[{"embeddable":true,"href":"https:\/\/thepueblatimes.mx\/index.php\/wp-json\/wp\/v2\/users\/15"}],"replies":[{"embeddable":true,"href":"https:\/\/thepueblatimes.mx\/index.php\/wp-json\/wp\/v2\/comments?post=14937"}],"version-history":[{"count":1,"href":"https:\/\/thepueblatimes.mx\/index.php\/wp-json\/wp\/v2\/posts\/14937\/revisions"}],"predecessor-version":[{"id":14939,"href":"https:\/\/thepueblatimes.mx\/index.php\/wp-json\/wp\/v2\/posts\/14937\/revisions\/14939"}],"wp:featuredmedia":[{"embeddable":true,"href":"https:\/\/thepueblatimes.mx\/index.php\/wp-json\/wp\/v2\/media\/14938"}],"wp:attachment":[{"href":"https:\/\/thepueblatimes.mx\/index.php\/wp-json\/wp\/v2\/media?parent=14937"}],"wp:term":[{"taxonomy":"category","embeddable":true,"href":"https:\/\/thepueblatimes.mx\/index.php\/wp-json\/wp\/v2\/categories?post=14937"},{"taxonomy":"post_tag","embeddable":true,"href":"https:\/\/thepueblatimes.mx\/index.php\/wp-json\/wp\/v2\/tags?post=14937"}],"curies":[{"name":"wp","href":"https:\/\/api.w.org\/{rel}","templated":true}]}}