{"id":14934,"date":"2021-07-29T21:47:05","date_gmt":"2021-07-30T02:47:05","guid":{"rendered":"https:\/\/thepueblatimes.mx\/?p=14934"},"modified":"2021-07-29T21:47:05","modified_gmt":"2021-07-30T02:47:05","slug":"culpan-a-ciclista-por-accidente-que-dejo-tres-heridos-en-atlixco","status":"publish","type":"post","link":"https:\/\/thepueblatimes.mx\/index.php\/2021\/07\/29\/culpan-a-ciclista-por-accidente-que-dejo-tres-heridos-en-atlixco\/","title":{"rendered":"Culpan a ciclista por accidente que dej\u00f3 tres heridos en Atlixco"},"content":{"rendered":"<p>Atlixco, Pue.- Luego del aparatoso incidente vial en el bulevar Rafael Moreno Valle entre un motociclista y una mujer ciclistas, los primeros peritajes arrojan que esta \u00faltima ser\u00eda la culpable del hecho que mantiene a tres personas lesionadas gravemente en el Complejo M\u00e9dico Gonzalo R\u00edo Arronte.<\/p>\n<p>La anterior es una versi\u00f3n oficial obtenida por las autoridades correspondiente a partir de una serie de testimonios de transe\u00fantes, automovilistas y due\u00f1os de casas y comercios cercamos a la zona del siniestro.<\/p>\n<p>\u201cQuiz\u00e1 el conductor de la motocicleta circulaba con exceso de velocidad, pero el sem\u00e1foro estaba en verde en el carril de salida a la capital del estado del bulevar Ferrocarriles. Y quien no respet\u00f3 esas se\u00f1ales es la mujer en la bicicleta\u201d, destac\u00f3 una fuente oficial.<\/p>\n<p>Al colisionar ambos veh\u00edculos involucrados, la fuerza y velocidad de la moto lanz\u00f3 a m\u00e1s de diez metros a la ciclistas. Mientras, los dos pasajeros de la primera se arrastraron unos 15 metros sobre la cinta asf\u00e1ltica, de acuerdo con un video difundido.<\/p>\n<p>Los hechos ocurrieron en el bulevar Rafael Moreno Valle, uno de los m\u00e1s importantes de salida de Atlixco a la capital poblana. Y que sirve de descarga de gran parte del tr\u00e1fico local hacia el centro de la mancha urbana.<\/p>\n<div class=\"row publi-cont\"><\/div>\n","protected":false},"excerpt":{"rendered":"<p>Atlixco, Pue.- Luego del aparatoso incidente vial en el bulevar Rafael Moreno Valle entre un motociclista y una mujer ciclistas, los primeros peritajes arrojan que esta \u00faltima ser\u00eda la culpable del hecho que mantiene a tres personas lesionadas gravemente en el Complejo M\u00e9dico Gonzalo R\u00edo Arronte. La anterior es una versi\u00f3n oficial obtenida por las&#8230;<\/p>\n","protected":false},"author":15,"featured_media":14935,"comment_status":"open","ping_status":"open","sticky":false,"template":"","format":"standard","meta":[],"categories":[20],"tags":[49],"yoast_head":"<!-- This site is optimized with the Yoast SEO plugin v20.8 - https:\/\/yoast.com\/wordpress\/plugins\/seo\/ -->\n<title>Culpan a ciclista por accidente que dej\u00f3 tres heridos en Atlixco - The Puebla Times<\/title>\n<meta name=\"robots\" content=\"index, follow, max-snippet:-1, max-image-preview:large, max-video-preview:-1\" \/>\n<link rel=\"canonical\" href=\"https:\/\/thepueblatimes.mx\/index.php\/2021\/07\/29\/culpan-a-ciclista-por-accidente-que-dejo-tres-heridos-en-atlixco\/\" \/>\n<meta property=\"og:locale\" content=\"es_ES\" \/>\n<meta property=\"og:type\" content=\"article\" \/>\n<meta property=\"og:title\" content=\"Culpan a ciclista por accidente que dej\u00f3 tres heridos en Atlixco - The Puebla Times\" \/>\n<meta property=\"og:description\" content=\"Atlixco, Pue.- Luego del aparatoso incidente vial en el bulevar Rafael Moreno Valle entre un motociclista y una mujer ciclistas, los primeros peritajes arrojan que esta \u00faltima ser\u00eda la culpable del hecho que mantiene a tres personas lesionadas gravemente en el Complejo M\u00e9dico Gonzalo R\u00edo Arronte. La anterior es una versi\u00f3n oficial obtenida por las...\" \/>\n<meta property=\"og:url\" content=\"https:\/\/thepueblatimes.mx\/index.php\/2021\/07\/29\/culpan-a-ciclista-por-accidente-que-dejo-tres-heridos-en-atlixco\/\" \/>\n<meta property=\"og:site_name\" content=\"The Puebla Times\" \/>\n<meta property=\"article:published_time\" content=\"2021-07-30T02:47:05+00:00\" \/>\n<meta property=\"og:image\" content=\"https:\/\/thepueblatimes.mx\/wp-content\/uploads\/2021\/07\/4A6CE1EB-7448-4703-ACD1-4C9A20660B61.jpeg\" \/>\n\t<meta property=\"og:image:width\" content=\"841\" \/>\n\t<meta property=\"og:image:height\" content=\"328\" \/>\n\t<meta property=\"og:image:type\" content=\"image\/jpeg\" \/>\n<meta name=\"author\" content=\"Francisco S\u00e1nchez Nolasco\" \/>\n<meta name=\"twitter:card\" content=\"summary_large_image\" \/>\n<meta name=\"twitter:label1\" content=\"Escrito por\" \/>\n\t<meta name=\"twitter:data1\" content=\"Francisco S\u00e1nchez Nolasco\" \/>\n\t<meta name=\"twitter:label2\" content=\"Tiempo de lectura\" \/>\n\t<meta name=\"twitter:data2\" content=\"1 minuto\" \/>\n<script type=\"application\/ld+json\" class=\"yoast-schema-graph\">{\"@context\":\"https:\/\/schema.org\",\"@graph\":[{\"@type\":\"WebPage\",\"@id\":\"https:\/\/thepueblatimes.mx\/index.php\/2021\/07\/29\/culpan-a-ciclista-por-accidente-que-dejo-tres-heridos-en-atlixco\/\",\"url\":\"https:\/\/thepueblatimes.mx\/index.php\/2021\/07\/29\/culpan-a-ciclista-por-accidente-que-dejo-tres-heridos-en-atlixco\/\",\"name\":\"Culpan a ciclista por accidente que dej\u00f3 tres heridos en Atlixco - The Puebla Times\",\"isPartOf\":{\"@id\":\"https:\/\/thepueblatimes.mx\/#website\"},\"datePublished\":\"2021-07-30T02:47:05+00:00\",\"dateModified\":\"2021-07-30T02:47:05+00:00\",\"author\":{\"@id\":\"https:\/\/thepueblatimes.mx\/#\/schema\/person\/7bdf2adbc50078b104bba72b5612f774\"},\"breadcrumb\":{\"@id\":\"https:\/\/thepueblatimes.mx\/index.php\/2021\/07\/29\/culpan-a-ciclista-por-accidente-que-dejo-tres-heridos-en-atlixco\/#breadcrumb\"},\"inLanguage\":\"es\",\"potentialAction\":[{\"@type\":\"ReadAction\",\"target\":[\"https:\/\/thepueblatimes.mx\/index.php\/2021\/07\/29\/culpan-a-ciclista-por-accidente-que-dejo-tres-heridos-en-atlixco\/\"]}]},{\"@type\":\"BreadcrumbList\",\"@id\":\"https:\/\/thepueblatimes.mx\/index.php\/2021\/07\/29\/culpan-a-ciclista-por-accidente-que-dejo-tres-heridos-en-atlixco\/#breadcrumb\",\"itemListElement\":[{\"@type\":\"ListItem\",\"position\":1,\"name\":\"Portada\",\"item\":\"https:\/\/thepueblatimes.mx\/\"},{\"@type\":\"ListItem\",\"position\":2,\"name\":\"Culpan a ciclista por accidente que dej\u00f3 tres heridos en Atlixco\"}]},{\"@type\":\"WebSite\",\"@id\":\"https:\/\/thepueblatimes.mx\/#website\",\"url\":\"https:\/\/thepueblatimes.mx\/\",\"name\":\"The Puebla Times\",\"description\":\"Noticias del Estado de Puebla\",\"potentialAction\":[{\"@type\":\"SearchAction\",\"target\":{\"@type\":\"EntryPoint\",\"urlTemplate\":\"https:\/\/thepueblatimes.mx\/?s={search_term_string}\"},\"query-input\":\"required name=search_term_string\"}],\"inLanguage\":\"es\"},{\"@type\":\"Person\",\"@id\":\"https:\/\/thepueblatimes.mx\/#\/schema\/person\/7bdf2adbc50078b104bba72b5612f774\",\"name\":\"Francisco S\u00e1nchez Nolasco\",\"image\":{\"@type\":\"ImageObject\",\"inLanguage\":\"es\",\"@id\":\"https:\/\/thepueblatimes.mx\/#\/schema\/person\/image\/\",\"url\":\"https:\/\/secure.gravatar.com\/avatar\/6061d7d20b38bc2742a5218401b198d2?s=96&d=mm&r=g\",\"contentUrl\":\"https:\/\/secure.gravatar.com\/avatar\/6061d7d20b38bc2742a5218401b198d2?s=96&d=mm&r=g\",\"caption\":\"Francisco S\u00e1nchez Nolasco\"},\"url\":\"https:\/\/thepueblatimes.mx\/index.php\/author\/marianitha-reyes\/\"}]}<\/script>\n<!-- \/ Yoast SEO plugin. -->","yoast_head_json":{"title":"Culpan a ciclista por accidente que dej\u00f3 tres heridos en Atlixco - The Puebla Times","robots":{"index":"index","follow":"follow","max-snippet":"max-snippet:-1","max-image-preview":"max-image-preview:large","max-video-preview":"max-video-preview:-1"},"canonical":"https:\/\/thepueblatimes.mx\/index.php\/2021\/07\/29\/culpan-a-ciclista-por-accidente-que-dejo-tres-heridos-en-atlixco\/","og_locale":"es_ES","og_type":"article","og_title":"Culpan a ciclista por accidente que dej\u00f3 tres heridos en Atlixco - The Puebla Times","og_description":"Atlixco, Pue.- Luego del aparatoso incidente vial en el bulevar Rafael Moreno Valle entre un motociclista y una mujer ciclistas, los primeros peritajes arrojan que esta \u00faltima ser\u00eda la culpable del hecho que mantiene a tres personas lesionadas gravemente en el Complejo M\u00e9dico Gonzalo R\u00edo Arronte. La anterior es una versi\u00f3n oficial obtenida por las...","og_url":"https:\/\/thepueblatimes.mx\/index.php\/2021\/07\/29\/culpan-a-ciclista-por-accidente-que-dejo-tres-heridos-en-atlixco\/","og_site_name":"The Puebla Times","article_published_time":"2021-07-30T02:47:05+00:00","og_image":[{"width":841,"height":328,"url":"https:\/\/thepueblatimes.mx\/wp-content\/uploads\/2021\/07\/4A6CE1EB-7448-4703-ACD1-4C9A20660B61.jpeg","type":"image\/jpeg"}],"author":"Francisco S\u00e1nchez Nolasco","twitter_card":"summary_large_image","twitter_misc":{"Escrito por":"Francisco S\u00e1nchez Nolasco","Tiempo de lectura":"1 minuto"},"schema":{"@context":"https:\/\/schema.org","@graph":[{"@type":"WebPage","@id":"https:\/\/thepueblatimes.mx\/index.php\/2021\/07\/29\/culpan-a-ciclista-por-accidente-que-dejo-tres-heridos-en-atlixco\/","url":"https:\/\/thepueblatimes.mx\/index.php\/2021\/07\/29\/culpan-a-ciclista-por-accidente-que-dejo-tres-heridos-en-atlixco\/","name":"Culpan a ciclista por accidente que dej\u00f3 tres heridos en Atlixco - The Puebla Times","isPartOf":{"@id":"https:\/\/thepueblatimes.mx\/#website"},"datePublished":"2021-07-30T02:47:05+00:00","dateModified":"2021-07-30T02:47:05+00:00","author":{"@id":"https:\/\/thepueblatimes.mx\/#\/schema\/person\/7bdf2adbc50078b104bba72b5612f774"},"breadcrumb":{"@id":"https:\/\/thepueblatimes.mx\/index.php\/2021\/07\/29\/culpan-a-ciclista-por-accidente-que-dejo-tres-heridos-en-atlixco\/#breadcrumb"},"inLanguage":"es","potentialAction":[{"@type":"ReadAction","target":["https:\/\/thepueblatimes.mx\/index.php\/2021\/07\/29\/culpan-a-ciclista-por-accidente-que-dejo-tres-heridos-en-atlixco\/"]}]},{"@type":"BreadcrumbList","@id":"https:\/\/thepueblatimes.mx\/index.php\/2021\/07\/29\/culpan-a-ciclista-por-accidente-que-dejo-tres-heridos-en-atlixco\/#breadcrumb","itemListElement":[{"@type":"ListItem","position":1,"name":"Portada","item":"https:\/\/thepueblatimes.mx\/"},{"@type":"ListItem","position":2,"name":"Culpan a ciclista por accidente que dej\u00f3 tres heridos en Atlixco"}]},{"@type":"WebSite","@id":"https:\/\/thepueblatimes.mx\/#website","url":"https:\/\/thepueblatimes.mx\/","name":"The Puebla Times","description":"Noticias del Estado de Puebla","potentialAction":[{"@type":"SearchAction","target":{"@type":"EntryPoint","urlTemplate":"https:\/\/thepueblatimes.mx\/?s={search_term_string}"},"query-input":"required name=search_term_string"}],"inLanguage":"es"},{"@type":"Person","@id":"https:\/\/thepueblatimes.mx\/#\/schema\/person\/7bdf2adbc50078b104bba72b5612f774","name":"Francisco S\u00e1nchez Nolasco","image":{"@type":"ImageObject","inLanguage":"es","@id":"https:\/\/thepueblatimes.mx\/#\/schema\/person\/image\/","url":"https:\/\/secure.gravatar.com\/avatar\/6061d7d20b38bc2742a5218401b198d2?s=96&d=mm&r=g","contentUrl":"https:\/\/secure.gravatar.com\/avatar\/6061d7d20b38bc2742a5218401b198d2?s=96&d=mm&r=g","caption":"Francisco S\u00e1nchez Nolasco"},"url":"https:\/\/thepueblatimes.mx\/index.php\/author\/marianitha-reyes\/"}]}},"jetpack_featured_media_url":"https:\/\/thepueblatimes.mx\/wp-content\/uploads\/2021\/07\/4A6CE1EB-7448-4703-ACD1-4C9A20660B61.jpeg","_links":{"self":[{"href":"https:\/\/thepueblatimes.mx\/index.php\/wp-json\/wp\/v2\/posts\/14934"}],"collection":[{"href":"https:\/\/thepueblatimes.mx\/index.php\/wp-json\/wp\/v2\/posts"}],"about":[{"href":"https:\/\/thepueblatimes.mx\/index.php\/wp-json\/wp\/v2\/types\/post"}],"author":[{"embeddable":true,"href":"https:\/\/thepueblatimes.mx\/index.php\/wp-json\/wp\/v2\/users\/15"}],"replies":[{"embeddable":true,"href":"https:\/\/thepueblatimes.mx\/index.php\/wp-json\/wp\/v2\/comments?post=14934"}],"version-history":[{"count":1,"href":"https:\/\/thepueblatimes.mx\/index.php\/wp-json\/wp\/v2\/posts\/14934\/revisions"}],"predecessor-version":[{"id":14936,"href":"https:\/\/thepueblatimes.mx\/index.php\/wp-json\/wp\/v2\/posts\/14934\/revisions\/14936"}],"wp:featuredmedia":[{"embeddable":true,"href":"https:\/\/thepueblatimes.mx\/index.php\/wp-json\/wp\/v2\/media\/14935"}],"wp:attachment":[{"href":"https:\/\/thepueblatimes.mx\/index.php\/wp-json\/wp\/v2\/media?parent=14934"}],"wp:term":[{"taxonomy":"category","embeddable":true,"href":"https:\/\/thepueblatimes.mx\/index.php\/wp-json\/wp\/v2\/categories?post=14934"},{"taxonomy":"post_tag","embeddable":true,"href":"https:\/\/thepueblatimes.mx\/index.php\/wp-json\/wp\/v2\/tags?post=14934"}],"curies":[{"name":"wp","href":"https:\/\/api.w.org\/{rel}","templated":true}]}}