{"id":14929,"date":"2021-07-29T21:43:27","date_gmt":"2021-07-30T02:43:27","guid":{"rendered":"https:\/\/thepueblatimes.mx\/?p=14929"},"modified":"2021-07-29T21:43:27","modified_gmt":"2021-07-30T02:43:27","slug":"murio-zizinho-el-papa-de-giovani-y-jonathan-dos-santos","status":"publish","type":"post","link":"https:\/\/thepueblatimes.mx\/index.php\/2021\/07\/29\/murio-zizinho-el-papa-de-giovani-y-jonathan-dos-santos\/","title":{"rendered":"Muri\u00f3 Zizinho, el pap\u00e1 de Giovani y Jonathan dos Santos"},"content":{"rendered":"<p>Este jueves se dio a conocer la <strong>muerte de\u00a0Geraldo Francisco dos Santos, mejor conocido como \u2018Zizinho\u2018, padre de los futbolistas\u00a0Giovani\u00a0y\u00a0Jonathan dos Santos.<\/strong><\/p>\n<p>Reportes se\u00f1alan que el exjugador del Club Am\u00e9rica muri\u00f3 a los 59 a\u00f1os por COVID-19.<\/p>\n<p>Zizinho fue en su momento el traspaso m\u00e1s caro del futbol mexicano. En ese entonces, el jugador ten\u00eda apenas 19 a\u00f1os.<\/p>\n<p>El seleccionado brasile\u00f1o Francisco Geraldo dos Santos tuvo tres etapas con el\u00a0Am\u00e9rica y en 1991 se retir\u00f3 como\u00a0futbolista\u00a0profesional en las\u00a0\u00c1guilas.<\/p>\n<blockquote class=\"twitter-tweet\" data-width=\"550\" data-dnt=\"true\">\n<p lang=\"es\" dir=\"ltr\">El Club Am\u00e9rica lamenta el sensible fallecimiento de<br \/>Geraldo Francisco dos Santos Javier &quot;Zizinho&quot;<br \/>ex jugador y campe\u00f3n de nuestro Club; padre de Giovani y Jonathan dos Santos. <br \/>Expresamos nuestras m\u00e1s sentidas condolencias y nos unimos al dolor de familiares y amigos.<\/p>\n<p>Q.E.P.D. <a href=\"https:\/\/t.co\/Eqrwjgd2eQ\">pic.twitter.com\/Eqrwjgd2eQ<\/a><\/p>\n<p>&mdash; Club Am\u00e9rica (@ClubAmerica) <a href=\"https:\/\/twitter.com\/ClubAmerica\/status\/1420894836610174980?ref_src=twsrc%5Etfw\">July 29, 2021<\/a><\/p><\/blockquote>\n<p><script async src=\"https:\/\/platform.twitter.com\/widgets.js\" charset=\"utf-8\"><\/script><\/p>\n","protected":false},"excerpt":{"rendered":"<p>Este jueves se dio a conocer la muerte de\u00a0Geraldo Francisco dos Santos, mejor conocido como \u2018Zizinho\u2018, padre de los futbolistas\u00a0Giovani\u00a0y\u00a0Jonathan dos Santos. Reportes se\u00f1alan que el exjugador del Club Am\u00e9rica muri\u00f3 a los 59 a\u00f1os por COVID-19. Zizinho fue en su momento el traspaso m\u00e1s caro del futbol mexicano. En ese entonces, el jugador ten\u00eda&#8230;<\/p>\n","protected":false},"author":15,"featured_media":14930,"comment_status":"open","ping_status":"open","sticky":false,"template":"","format":"standard","meta":[],"categories":[20],"tags":[49],"yoast_head":"<!-- This site is optimized with the Yoast SEO plugin v20.8 - https:\/\/yoast.com\/wordpress\/plugins\/seo\/ -->\n<title>Muri\u00f3 Zizinho, el pap\u00e1 de Giovani y Jonathan dos Santos - The Puebla Times<\/title>\n<meta name=\"robots\" content=\"index, follow, max-snippet:-1, max-image-preview:large, max-video-preview:-1\" \/>\n<link rel=\"canonical\" href=\"https:\/\/thepueblatimes.mx\/index.php\/2021\/07\/29\/murio-zizinho-el-papa-de-giovani-y-jonathan-dos-santos\/\" \/>\n<meta property=\"og:locale\" content=\"es_ES\" \/>\n<meta property=\"og:type\" content=\"article\" \/>\n<meta property=\"og:title\" content=\"Muri\u00f3 Zizinho, el pap\u00e1 de Giovani y Jonathan dos Santos - The Puebla Times\" \/>\n<meta property=\"og:description\" content=\"Este jueves se dio a conocer la muerte de\u00a0Geraldo Francisco dos Santos, mejor conocido como \u2018Zizinho\u2018, padre de los futbolistas\u00a0Giovani\u00a0y\u00a0Jonathan dos Santos. Reportes se\u00f1alan que el exjugador del Club Am\u00e9rica muri\u00f3 a los 59 a\u00f1os por COVID-19. Zizinho fue en su momento el traspaso m\u00e1s caro del futbol mexicano. En ese entonces, el jugador ten\u00eda...\" \/>\n<meta property=\"og:url\" content=\"https:\/\/thepueblatimes.mx\/index.php\/2021\/07\/29\/murio-zizinho-el-papa-de-giovani-y-jonathan-dos-santos\/\" \/>\n<meta property=\"og:site_name\" content=\"The Puebla Times\" \/>\n<meta property=\"article:published_time\" content=\"2021-07-30T02:43:27+00:00\" \/>\n<meta property=\"og:image\" content=\"https:\/\/thepueblatimes.mx\/wp-content\/uploads\/2021\/07\/EA761D17-A99C-4858-9C69-5234658FE0A3.jpeg\" \/>\n\t<meta property=\"og:image:width\" content=\"980\" \/>\n\t<meta property=\"og:image:height\" content=\"550\" \/>\n\t<meta property=\"og:image:type\" content=\"image\/jpeg\" \/>\n<meta name=\"author\" content=\"Francisco S\u00e1nchez Nolasco\" \/>\n<meta name=\"twitter:card\" content=\"summary_large_image\" \/>\n<meta name=\"twitter:label1\" content=\"Escrito por\" \/>\n\t<meta name=\"twitter:data1\" content=\"Francisco S\u00e1nchez Nolasco\" \/>\n<script type=\"application\/ld+json\" class=\"yoast-schema-graph\">{\"@context\":\"https:\/\/schema.org\",\"@graph\":[{\"@type\":\"WebPage\",\"@id\":\"https:\/\/thepueblatimes.mx\/index.php\/2021\/07\/29\/murio-zizinho-el-papa-de-giovani-y-jonathan-dos-santos\/\",\"url\":\"https:\/\/thepueblatimes.mx\/index.php\/2021\/07\/29\/murio-zizinho-el-papa-de-giovani-y-jonathan-dos-santos\/\",\"name\":\"Muri\u00f3 Zizinho, el pap\u00e1 de Giovani y Jonathan dos Santos - The Puebla Times\",\"isPartOf\":{\"@id\":\"https:\/\/thepueblatimes.mx\/#website\"},\"datePublished\":\"2021-07-30T02:43:27+00:00\",\"dateModified\":\"2021-07-30T02:43:27+00:00\",\"author\":{\"@id\":\"https:\/\/thepueblatimes.mx\/#\/schema\/person\/7bdf2adbc50078b104bba72b5612f774\"},\"breadcrumb\":{\"@id\":\"https:\/\/thepueblatimes.mx\/index.php\/2021\/07\/29\/murio-zizinho-el-papa-de-giovani-y-jonathan-dos-santos\/#breadcrumb\"},\"inLanguage\":\"es\",\"potentialAction\":[{\"@type\":\"ReadAction\",\"target\":[\"https:\/\/thepueblatimes.mx\/index.php\/2021\/07\/29\/murio-zizinho-el-papa-de-giovani-y-jonathan-dos-santos\/\"]}]},{\"@type\":\"BreadcrumbList\",\"@id\":\"https:\/\/thepueblatimes.mx\/index.php\/2021\/07\/29\/murio-zizinho-el-papa-de-giovani-y-jonathan-dos-santos\/#breadcrumb\",\"itemListElement\":[{\"@type\":\"ListItem\",\"position\":1,\"name\":\"Portada\",\"item\":\"https:\/\/thepueblatimes.mx\/\"},{\"@type\":\"ListItem\",\"position\":2,\"name\":\"Muri\u00f3 Zizinho, el pap\u00e1 de Giovani y Jonathan dos Santos\"}]},{\"@type\":\"WebSite\",\"@id\":\"https:\/\/thepueblatimes.mx\/#website\",\"url\":\"https:\/\/thepueblatimes.mx\/\",\"name\":\"The Puebla Times\",\"description\":\"Noticias del Estado de Puebla\",\"potentialAction\":[{\"@type\":\"SearchAction\",\"target\":{\"@type\":\"EntryPoint\",\"urlTemplate\":\"https:\/\/thepueblatimes.mx\/?s={search_term_string}\"},\"query-input\":\"required name=search_term_string\"}],\"inLanguage\":\"es\"},{\"@type\":\"Person\",\"@id\":\"https:\/\/thepueblatimes.mx\/#\/schema\/person\/7bdf2adbc50078b104bba72b5612f774\",\"name\":\"Francisco S\u00e1nchez Nolasco\",\"image\":{\"@type\":\"ImageObject\",\"inLanguage\":\"es\",\"@id\":\"https:\/\/thepueblatimes.mx\/#\/schema\/person\/image\/\",\"url\":\"https:\/\/secure.gravatar.com\/avatar\/6061d7d20b38bc2742a5218401b198d2?s=96&d=mm&r=g\",\"contentUrl\":\"https:\/\/secure.gravatar.com\/avatar\/6061d7d20b38bc2742a5218401b198d2?s=96&d=mm&r=g\",\"caption\":\"Francisco S\u00e1nchez Nolasco\"},\"url\":\"https:\/\/thepueblatimes.mx\/index.php\/author\/marianitha-reyes\/\"}]}<\/script>\n<!-- \/ Yoast SEO plugin. -->","yoast_head_json":{"title":"Muri\u00f3 Zizinho, el pap\u00e1 de Giovani y Jonathan dos Santos - The Puebla Times","robots":{"index":"index","follow":"follow","max-snippet":"max-snippet:-1","max-image-preview":"max-image-preview:large","max-video-preview":"max-video-preview:-1"},"canonical":"https:\/\/thepueblatimes.mx\/index.php\/2021\/07\/29\/murio-zizinho-el-papa-de-giovani-y-jonathan-dos-santos\/","og_locale":"es_ES","og_type":"article","og_title":"Muri\u00f3 Zizinho, el pap\u00e1 de Giovani y Jonathan dos Santos - The Puebla Times","og_description":"Este jueves se dio a conocer la muerte de\u00a0Geraldo Francisco dos Santos, mejor conocido como \u2018Zizinho\u2018, padre de los futbolistas\u00a0Giovani\u00a0y\u00a0Jonathan dos Santos. Reportes se\u00f1alan que el exjugador del Club Am\u00e9rica muri\u00f3 a los 59 a\u00f1os por COVID-19. Zizinho fue en su momento el traspaso m\u00e1s caro del futbol mexicano. En ese entonces, el jugador ten\u00eda...","og_url":"https:\/\/thepueblatimes.mx\/index.php\/2021\/07\/29\/murio-zizinho-el-papa-de-giovani-y-jonathan-dos-santos\/","og_site_name":"The Puebla Times","article_published_time":"2021-07-30T02:43:27+00:00","og_image":[{"width":980,"height":550,"url":"https:\/\/thepueblatimes.mx\/wp-content\/uploads\/2021\/07\/EA761D17-A99C-4858-9C69-5234658FE0A3.jpeg","type":"image\/jpeg"}],"author":"Francisco S\u00e1nchez Nolasco","twitter_card":"summary_large_image","twitter_misc":{"Escrito por":"Francisco S\u00e1nchez Nolasco"},"schema":{"@context":"https:\/\/schema.org","@graph":[{"@type":"WebPage","@id":"https:\/\/thepueblatimes.mx\/index.php\/2021\/07\/29\/murio-zizinho-el-papa-de-giovani-y-jonathan-dos-santos\/","url":"https:\/\/thepueblatimes.mx\/index.php\/2021\/07\/29\/murio-zizinho-el-papa-de-giovani-y-jonathan-dos-santos\/","name":"Muri\u00f3 Zizinho, el pap\u00e1 de Giovani y Jonathan dos Santos - The Puebla Times","isPartOf":{"@id":"https:\/\/thepueblatimes.mx\/#website"},"datePublished":"2021-07-30T02:43:27+00:00","dateModified":"2021-07-30T02:43:27+00:00","author":{"@id":"https:\/\/thepueblatimes.mx\/#\/schema\/person\/7bdf2adbc50078b104bba72b5612f774"},"breadcrumb":{"@id":"https:\/\/thepueblatimes.mx\/index.php\/2021\/07\/29\/murio-zizinho-el-papa-de-giovani-y-jonathan-dos-santos\/#breadcrumb"},"inLanguage":"es","potentialAction":[{"@type":"ReadAction","target":["https:\/\/thepueblatimes.mx\/index.php\/2021\/07\/29\/murio-zizinho-el-papa-de-giovani-y-jonathan-dos-santos\/"]}]},{"@type":"BreadcrumbList","@id":"https:\/\/thepueblatimes.mx\/index.php\/2021\/07\/29\/murio-zizinho-el-papa-de-giovani-y-jonathan-dos-santos\/#breadcrumb","itemListElement":[{"@type":"ListItem","position":1,"name":"Portada","item":"https:\/\/thepueblatimes.mx\/"},{"@type":"ListItem","position":2,"name":"Muri\u00f3 Zizinho, el pap\u00e1 de Giovani y Jonathan dos Santos"}]},{"@type":"WebSite","@id":"https:\/\/thepueblatimes.mx\/#website","url":"https:\/\/thepueblatimes.mx\/","name":"The Puebla Times","description":"Noticias del Estado de Puebla","potentialAction":[{"@type":"SearchAction","target":{"@type":"EntryPoint","urlTemplate":"https:\/\/thepueblatimes.mx\/?s={search_term_string}"},"query-input":"required name=search_term_string"}],"inLanguage":"es"},{"@type":"Person","@id":"https:\/\/thepueblatimes.mx\/#\/schema\/person\/7bdf2adbc50078b104bba72b5612f774","name":"Francisco S\u00e1nchez Nolasco","image":{"@type":"ImageObject","inLanguage":"es","@id":"https:\/\/thepueblatimes.mx\/#\/schema\/person\/image\/","url":"https:\/\/secure.gravatar.com\/avatar\/6061d7d20b38bc2742a5218401b198d2?s=96&d=mm&r=g","contentUrl":"https:\/\/secure.gravatar.com\/avatar\/6061d7d20b38bc2742a5218401b198d2?s=96&d=mm&r=g","caption":"Francisco S\u00e1nchez Nolasco"},"url":"https:\/\/thepueblatimes.mx\/index.php\/author\/marianitha-reyes\/"}]}},"jetpack_featured_media_url":"https:\/\/thepueblatimes.mx\/wp-content\/uploads\/2021\/07\/EA761D17-A99C-4858-9C69-5234658FE0A3.jpeg","_links":{"self":[{"href":"https:\/\/thepueblatimes.mx\/index.php\/wp-json\/wp\/v2\/posts\/14929"}],"collection":[{"href":"https:\/\/thepueblatimes.mx\/index.php\/wp-json\/wp\/v2\/posts"}],"about":[{"href":"https:\/\/thepueblatimes.mx\/index.php\/wp-json\/wp\/v2\/types\/post"}],"author":[{"embeddable":true,"href":"https:\/\/thepueblatimes.mx\/index.php\/wp-json\/wp\/v2\/users\/15"}],"replies":[{"embeddable":true,"href":"https:\/\/thepueblatimes.mx\/index.php\/wp-json\/wp\/v2\/comments?post=14929"}],"version-history":[{"count":2,"href":"https:\/\/thepueblatimes.mx\/index.php\/wp-json\/wp\/v2\/posts\/14929\/revisions"}],"predecessor-version":[{"id":14933,"href":"https:\/\/thepueblatimes.mx\/index.php\/wp-json\/wp\/v2\/posts\/14929\/revisions\/14933"}],"wp:featuredmedia":[{"embeddable":true,"href":"https:\/\/thepueblatimes.mx\/index.php\/wp-json\/wp\/v2\/media\/14930"}],"wp:attachment":[{"href":"https:\/\/thepueblatimes.mx\/index.php\/wp-json\/wp\/v2\/media?parent=14929"}],"wp:term":[{"taxonomy":"category","embeddable":true,"href":"https:\/\/thepueblatimes.mx\/index.php\/wp-json\/wp\/v2\/categories?post=14929"},{"taxonomy":"post_tag","embeddable":true,"href":"https:\/\/thepueblatimes.mx\/index.php\/wp-json\/wp\/v2\/tags?post=14929"}],"curies":[{"name":"wp","href":"https:\/\/api.w.org\/{rel}","templated":true}]}}