{"id":14779,"date":"2021-07-21T23:38:42","date_gmt":"2021-07-22T04:38:42","guid":{"rendered":"https:\/\/thepueblatimes.mx\/?p=14779"},"modified":"2021-07-21T23:38:42","modified_gmt":"2021-07-22T04:38:42","slug":"abuelita-desaparece-en-la-colonia-gonzales-ortega-en-puebla","status":"publish","type":"post","link":"https:\/\/thepueblatimes.mx\/index.php\/2021\/07\/21\/abuelita-desaparece-en-la-colonia-gonzales-ortega-en-puebla\/","title":{"rendered":"Abuelita desaparece en la colonia Gonz\u00e1les Ortega en Puebla"},"content":{"rendered":"<p>Puebla, Pue.- La <strong>Comisi\u00f3n de B\u00fasqueda de Personas Desaparecidas en Puebla dio a conocer de la desaparici\u00f3n de Elia del Carmen Becerra Hern\u00e1ndez <\/strong>de 61 a\u00f1os de edad<\/p>\n<p>Fue vista por \u00faltima vez el d\u00eda <strong>16 de mayo de 2021 en calles de la colonia Gonz\u00e1les Ortega en la capital poblana.<\/strong><\/p>\n<p>Vest\u00eda en pijama. Como se\u00f1as particulares tiene pecas en el rostro, cicatriz de ces\u00e1rea y mide 1.55 metros de estatura.<\/p>\n","protected":false},"excerpt":{"rendered":"<p>Puebla, Pue.- La Comisi\u00f3n de B\u00fasqueda de Personas Desaparecidas en Puebla dio a conocer de la desaparici\u00f3n de Elia del Carmen Becerra Hern\u00e1ndez de 61 a\u00f1os de edad Fue vista por \u00faltima vez el d\u00eda 16 de mayo de 2021 en calles de la colonia Gonz\u00e1les Ortega en la capital poblana. Vest\u00eda en pijama. Como&#8230;<\/p>\n","protected":false},"author":15,"featured_media":14780,"comment_status":"open","ping_status":"open","sticky":false,"template":"","format":"standard","meta":[],"categories":[20],"tags":[49],"yoast_head":"<!-- This site is optimized with the Yoast SEO plugin v20.8 - https:\/\/yoast.com\/wordpress\/plugins\/seo\/ -->\n<title>Abuelita desaparece en la colonia Gonz\u00e1les Ortega en Puebla - The Puebla Times<\/title>\n<meta name=\"robots\" content=\"index, follow, max-snippet:-1, max-image-preview:large, max-video-preview:-1\" \/>\n<link rel=\"canonical\" href=\"https:\/\/thepueblatimes.mx\/index.php\/2021\/07\/21\/abuelita-desaparece-en-la-colonia-gonzales-ortega-en-puebla\/\" \/>\n<meta property=\"og:locale\" content=\"es_ES\" \/>\n<meta property=\"og:type\" content=\"article\" \/>\n<meta property=\"og:title\" content=\"Abuelita desaparece en la colonia Gonz\u00e1les Ortega en Puebla - The Puebla Times\" \/>\n<meta property=\"og:description\" content=\"Puebla, Pue.- La Comisi\u00f3n de B\u00fasqueda de Personas Desaparecidas en Puebla dio a conocer de la desaparici\u00f3n de Elia del Carmen Becerra Hern\u00e1ndez de 61 a\u00f1os de edad Fue vista por \u00faltima vez el d\u00eda 16 de mayo de 2021 en calles de la colonia Gonz\u00e1les Ortega en la capital poblana. Vest\u00eda en pijama. Como...\" \/>\n<meta property=\"og:url\" content=\"https:\/\/thepueblatimes.mx\/index.php\/2021\/07\/21\/abuelita-desaparece-en-la-colonia-gonzales-ortega-en-puebla\/\" \/>\n<meta property=\"og:site_name\" content=\"The Puebla Times\" \/>\n<meta property=\"article:published_time\" content=\"2021-07-22T04:38:42+00:00\" \/>\n<meta property=\"og:image\" content=\"https:\/\/thepueblatimes.mx\/wp-content\/uploads\/2021\/07\/7008786E-5B15-4363-9C18-CEE34B3197A2.jpeg\" \/>\n\t<meta property=\"og:image:width\" content=\"848\" \/>\n\t<meta property=\"og:image:height\" content=\"536\" \/>\n\t<meta property=\"og:image:type\" content=\"image\/jpeg\" \/>\n<meta name=\"author\" content=\"Francisco S\u00e1nchez Nolasco\" \/>\n<meta name=\"twitter:card\" content=\"summary_large_image\" \/>\n<meta name=\"twitter:label1\" content=\"Escrito por\" \/>\n\t<meta name=\"twitter:data1\" content=\"Francisco S\u00e1nchez Nolasco\" \/>\n<script type=\"application\/ld+json\" class=\"yoast-schema-graph\">{\"@context\":\"https:\/\/schema.org\",\"@graph\":[{\"@type\":\"WebPage\",\"@id\":\"https:\/\/thepueblatimes.mx\/index.php\/2021\/07\/21\/abuelita-desaparece-en-la-colonia-gonzales-ortega-en-puebla\/\",\"url\":\"https:\/\/thepueblatimes.mx\/index.php\/2021\/07\/21\/abuelita-desaparece-en-la-colonia-gonzales-ortega-en-puebla\/\",\"name\":\"Abuelita desaparece en la colonia Gonz\u00e1les Ortega en Puebla - The Puebla Times\",\"isPartOf\":{\"@id\":\"https:\/\/thepueblatimes.mx\/#website\"},\"datePublished\":\"2021-07-22T04:38:42+00:00\",\"dateModified\":\"2021-07-22T04:38:42+00:00\",\"author\":{\"@id\":\"https:\/\/thepueblatimes.mx\/#\/schema\/person\/7bdf2adbc50078b104bba72b5612f774\"},\"breadcrumb\":{\"@id\":\"https:\/\/thepueblatimes.mx\/index.php\/2021\/07\/21\/abuelita-desaparece-en-la-colonia-gonzales-ortega-en-puebla\/#breadcrumb\"},\"inLanguage\":\"es\",\"potentialAction\":[{\"@type\":\"ReadAction\",\"target\":[\"https:\/\/thepueblatimes.mx\/index.php\/2021\/07\/21\/abuelita-desaparece-en-la-colonia-gonzales-ortega-en-puebla\/\"]}]},{\"@type\":\"BreadcrumbList\",\"@id\":\"https:\/\/thepueblatimes.mx\/index.php\/2021\/07\/21\/abuelita-desaparece-en-la-colonia-gonzales-ortega-en-puebla\/#breadcrumb\",\"itemListElement\":[{\"@type\":\"ListItem\",\"position\":1,\"name\":\"Portada\",\"item\":\"https:\/\/thepueblatimes.mx\/\"},{\"@type\":\"ListItem\",\"position\":2,\"name\":\"Abuelita desaparece en la colonia Gonz\u00e1les Ortega en Puebla\"}]},{\"@type\":\"WebSite\",\"@id\":\"https:\/\/thepueblatimes.mx\/#website\",\"url\":\"https:\/\/thepueblatimes.mx\/\",\"name\":\"The Puebla Times\",\"description\":\"Noticias del Estado de Puebla\",\"potentialAction\":[{\"@type\":\"SearchAction\",\"target\":{\"@type\":\"EntryPoint\",\"urlTemplate\":\"https:\/\/thepueblatimes.mx\/?s={search_term_string}\"},\"query-input\":\"required name=search_term_string\"}],\"inLanguage\":\"es\"},{\"@type\":\"Person\",\"@id\":\"https:\/\/thepueblatimes.mx\/#\/schema\/person\/7bdf2adbc50078b104bba72b5612f774\",\"name\":\"Francisco S\u00e1nchez Nolasco\",\"image\":{\"@type\":\"ImageObject\",\"inLanguage\":\"es\",\"@id\":\"https:\/\/thepueblatimes.mx\/#\/schema\/person\/image\/\",\"url\":\"https:\/\/secure.gravatar.com\/avatar\/6061d7d20b38bc2742a5218401b198d2?s=96&d=mm&r=g\",\"contentUrl\":\"https:\/\/secure.gravatar.com\/avatar\/6061d7d20b38bc2742a5218401b198d2?s=96&d=mm&r=g\",\"caption\":\"Francisco S\u00e1nchez Nolasco\"},\"url\":\"https:\/\/thepueblatimes.mx\/index.php\/author\/marianitha-reyes\/\"}]}<\/script>\n<!-- \/ Yoast SEO plugin. -->","yoast_head_json":{"title":"Abuelita desaparece en la colonia Gonz\u00e1les Ortega en Puebla - The Puebla Times","robots":{"index":"index","follow":"follow","max-snippet":"max-snippet:-1","max-image-preview":"max-image-preview:large","max-video-preview":"max-video-preview:-1"},"canonical":"https:\/\/thepueblatimes.mx\/index.php\/2021\/07\/21\/abuelita-desaparece-en-la-colonia-gonzales-ortega-en-puebla\/","og_locale":"es_ES","og_type":"article","og_title":"Abuelita desaparece en la colonia Gonz\u00e1les Ortega en Puebla - The Puebla Times","og_description":"Puebla, Pue.- La Comisi\u00f3n de B\u00fasqueda de Personas Desaparecidas en Puebla dio a conocer de la desaparici\u00f3n de Elia del Carmen Becerra Hern\u00e1ndez de 61 a\u00f1os de edad Fue vista por \u00faltima vez el d\u00eda 16 de mayo de 2021 en calles de la colonia Gonz\u00e1les Ortega en la capital poblana. Vest\u00eda en pijama. Como...","og_url":"https:\/\/thepueblatimes.mx\/index.php\/2021\/07\/21\/abuelita-desaparece-en-la-colonia-gonzales-ortega-en-puebla\/","og_site_name":"The Puebla Times","article_published_time":"2021-07-22T04:38:42+00:00","og_image":[{"width":848,"height":536,"url":"https:\/\/thepueblatimes.mx\/wp-content\/uploads\/2021\/07\/7008786E-5B15-4363-9C18-CEE34B3197A2.jpeg","type":"image\/jpeg"}],"author":"Francisco S\u00e1nchez Nolasco","twitter_card":"summary_large_image","twitter_misc":{"Escrito por":"Francisco S\u00e1nchez Nolasco"},"schema":{"@context":"https:\/\/schema.org","@graph":[{"@type":"WebPage","@id":"https:\/\/thepueblatimes.mx\/index.php\/2021\/07\/21\/abuelita-desaparece-en-la-colonia-gonzales-ortega-en-puebla\/","url":"https:\/\/thepueblatimes.mx\/index.php\/2021\/07\/21\/abuelita-desaparece-en-la-colonia-gonzales-ortega-en-puebla\/","name":"Abuelita desaparece en la colonia Gonz\u00e1les Ortega en Puebla - The Puebla Times","isPartOf":{"@id":"https:\/\/thepueblatimes.mx\/#website"},"datePublished":"2021-07-22T04:38:42+00:00","dateModified":"2021-07-22T04:38:42+00:00","author":{"@id":"https:\/\/thepueblatimes.mx\/#\/schema\/person\/7bdf2adbc50078b104bba72b5612f774"},"breadcrumb":{"@id":"https:\/\/thepueblatimes.mx\/index.php\/2021\/07\/21\/abuelita-desaparece-en-la-colonia-gonzales-ortega-en-puebla\/#breadcrumb"},"inLanguage":"es","potentialAction":[{"@type":"ReadAction","target":["https:\/\/thepueblatimes.mx\/index.php\/2021\/07\/21\/abuelita-desaparece-en-la-colonia-gonzales-ortega-en-puebla\/"]}]},{"@type":"BreadcrumbList","@id":"https:\/\/thepueblatimes.mx\/index.php\/2021\/07\/21\/abuelita-desaparece-en-la-colonia-gonzales-ortega-en-puebla\/#breadcrumb","itemListElement":[{"@type":"ListItem","position":1,"name":"Portada","item":"https:\/\/thepueblatimes.mx\/"},{"@type":"ListItem","position":2,"name":"Abuelita desaparece en la colonia Gonz\u00e1les Ortega en Puebla"}]},{"@type":"WebSite","@id":"https:\/\/thepueblatimes.mx\/#website","url":"https:\/\/thepueblatimes.mx\/","name":"The Puebla Times","description":"Noticias del Estado de Puebla","potentialAction":[{"@type":"SearchAction","target":{"@type":"EntryPoint","urlTemplate":"https:\/\/thepueblatimes.mx\/?s={search_term_string}"},"query-input":"required name=search_term_string"}],"inLanguage":"es"},{"@type":"Person","@id":"https:\/\/thepueblatimes.mx\/#\/schema\/person\/7bdf2adbc50078b104bba72b5612f774","name":"Francisco S\u00e1nchez Nolasco","image":{"@type":"ImageObject","inLanguage":"es","@id":"https:\/\/thepueblatimes.mx\/#\/schema\/person\/image\/","url":"https:\/\/secure.gravatar.com\/avatar\/6061d7d20b38bc2742a5218401b198d2?s=96&d=mm&r=g","contentUrl":"https:\/\/secure.gravatar.com\/avatar\/6061d7d20b38bc2742a5218401b198d2?s=96&d=mm&r=g","caption":"Francisco S\u00e1nchez Nolasco"},"url":"https:\/\/thepueblatimes.mx\/index.php\/author\/marianitha-reyes\/"}]}},"jetpack_featured_media_url":"https:\/\/thepueblatimes.mx\/wp-content\/uploads\/2021\/07\/7008786E-5B15-4363-9C18-CEE34B3197A2.jpeg","_links":{"self":[{"href":"https:\/\/thepueblatimes.mx\/index.php\/wp-json\/wp\/v2\/posts\/14779"}],"collection":[{"href":"https:\/\/thepueblatimes.mx\/index.php\/wp-json\/wp\/v2\/posts"}],"about":[{"href":"https:\/\/thepueblatimes.mx\/index.php\/wp-json\/wp\/v2\/types\/post"}],"author":[{"embeddable":true,"href":"https:\/\/thepueblatimes.mx\/index.php\/wp-json\/wp\/v2\/users\/15"}],"replies":[{"embeddable":true,"href":"https:\/\/thepueblatimes.mx\/index.php\/wp-json\/wp\/v2\/comments?post=14779"}],"version-history":[{"count":1,"href":"https:\/\/thepueblatimes.mx\/index.php\/wp-json\/wp\/v2\/posts\/14779\/revisions"}],"predecessor-version":[{"id":14781,"href":"https:\/\/thepueblatimes.mx\/index.php\/wp-json\/wp\/v2\/posts\/14779\/revisions\/14781"}],"wp:featuredmedia":[{"embeddable":true,"href":"https:\/\/thepueblatimes.mx\/index.php\/wp-json\/wp\/v2\/media\/14780"}],"wp:attachment":[{"href":"https:\/\/thepueblatimes.mx\/index.php\/wp-json\/wp\/v2\/media?parent=14779"}],"wp:term":[{"taxonomy":"category","embeddable":true,"href":"https:\/\/thepueblatimes.mx\/index.php\/wp-json\/wp\/v2\/categories?post=14779"},{"taxonomy":"post_tag","embeddable":true,"href":"https:\/\/thepueblatimes.mx\/index.php\/wp-json\/wp\/v2\/tags?post=14779"}],"curies":[{"name":"wp","href":"https:\/\/api.w.org\/{rel}","templated":true}]}}