{"id":147,"date":"2020-06-17T19:11:20","date_gmt":"2020-06-18T00:11:20","guid":{"rendered":"https:\/\/thepueblatimes.mx\/?p=147"},"modified":"2020-06-17T19:11:20","modified_gmt":"2020-06-18T00:11:20","slug":"mexico-obtiene-un-lugar-en-el-consejo-de-seguridad-de-onu","status":"publish","type":"post","link":"https:\/\/thepueblatimes.mx\/index.php\/2020\/06\/17\/mexico-obtiene-un-lugar-en-el-consejo-de-seguridad-de-onu\/","title":{"rendered":"M\u00e9xico obtiene un lugar en el Consejo de Seguridad de ONU"},"content":{"rendered":"<p><strong>Con 187 de los 192 votos posibles, M\u00e9xico obtuvo uno de los cinco lugares que se eligieron hoy como miembro no permanente del Consejo de Seguridad de la ONU.<\/strong><\/p>\n<p>CIUDAD DE M\u00c9XICO.- Con 187 de los 192 votos posibles, M\u00e9xico obtuvo uno de los cinco lugares que se eligieron hoy como miembro no permanente del Consejo de Seguridad de Naciones Unidas para los pr\u00f3ximos dos a\u00f1os.<\/p>\n<p>Luego de 4 horas de votaci\u00f3n que debido a la emergencia sanitaria por Covid-19, se tuvo que llevar a cabo de uno a uno por cada representante de las naciones agrupadas en la ONU y no en Asamblea General, se dieron a conocer los resultados.<\/p>\n<p>La India, Kenia, M\u00e9xico, Irlanda y Noruega son las naciones que ocupar\u00e1n un asiento no permanente para el periodo que va del 01 de enero de 2021 al 31 de diciembre de 2022.<\/p>\n<p>Durante la jornada desarrollada en la sede de este organismo en Nueva York, se eligieron tres cargos: presidente de la Asamblea General; miembros del Consejo de Seguridad e integrantes del Consejo Econ\u00f3mico y Social de Naciones Unidas.<\/p>\n<p>El representante permanente de M\u00e9xico en Naciones Unidas, Juan Ram\u00f3n de la Fuente, ser\u00e1 quien haga valer la voz de nuestro pa\u00eds durante las discusiones al seno del Consejo de Seguridad.<\/p>\n<p>Como lo consign\u00f3 Exc\u00e9lsior el lunes pasado, M\u00e9xico ten\u00eda amarrada esta posici\u00f3n al haber conseguido el respaldo de los pa\u00edses de Am\u00e9rica Latina y el Caribe; nuestro pa\u00eds ocupar\u00e1 el espacio que dejar\u00e1 vacante Rep\u00fablica Dominicana.<\/p>\n<p>Al confirmarse los pron\u00f3sticos, M\u00e9xico llega por quinta ocasi\u00f3n al Consejo de Seguridad luego sus participaciones en 1946; de 1980 a 1981; de 2002 a 2003 y la vez m\u00e1s reciente, de 2009 a 2010.<\/p>\n<p>Este \u00f3rgano de la ONU se compone de 15 miembros, cinco de ellos permanentes: China, Francia, Rusia, Reino Unido y Estados Unidos.<\/p>\n<p>El resto de los 10 miembros son no permanentes: Alemania, B\u00e9lgica, Indonesia, Rep\u00fablica Dominicana y Sud\u00e1frica concluyen sus misiones \u202ael 31 de diciembre de este a\u00f1o, mientras que Estonia, N\u00edger, San Vicente y las Granadinas, as\u00ed como T\u00fanez y Vietnam terminan en 2021.<\/p>\n","protected":false},"excerpt":{"rendered":"<p>Con 187 de los 192 votos posibles, M\u00e9xico obtuvo uno de los cinco lugares que se eligieron hoy como miembro no permanente del Consejo de Seguridad de la ONU. CIUDAD DE M\u00c9XICO.- Con 187 de los 192 votos posibles, M\u00e9xico obtuvo uno de los cinco lugares que se eligieron hoy como miembro no permanente del&#8230;<\/p>\n","protected":false},"author":2,"featured_media":148,"comment_status":"open","ping_status":"open","sticky":false,"template":"","format":"standard","meta":[],"categories":[2],"tags":[24,25],"yoast_head":"<!-- This site is optimized with the Yoast SEO plugin v20.8 - https:\/\/yoast.com\/wordpress\/plugins\/seo\/ -->\n<title>M\u00e9xico obtiene un lugar en el Consejo de Seguridad de ONU - The Puebla Times<\/title>\n<meta name=\"robots\" content=\"index, follow, max-snippet:-1, max-image-preview:large, max-video-preview:-1\" \/>\n<link rel=\"canonical\" href=\"https:\/\/thepueblatimes.mx\/index.php\/2020\/06\/17\/mexico-obtiene-un-lugar-en-el-consejo-de-seguridad-de-onu\/\" \/>\n<meta property=\"og:locale\" content=\"es_ES\" \/>\n<meta property=\"og:type\" content=\"article\" \/>\n<meta property=\"og:title\" content=\"M\u00e9xico obtiene un lugar en el Consejo de Seguridad de ONU - The Puebla Times\" \/>\n<meta property=\"og:description\" content=\"Con 187 de los 192 votos posibles, M\u00e9xico obtuvo uno de los cinco lugares que se eligieron hoy como miembro no permanente del Consejo de Seguridad de la ONU. CIUDAD DE M\u00c9XICO.- Con 187 de los 192 votos posibles, M\u00e9xico obtuvo uno de los cinco lugares que se eligieron hoy como miembro no permanente del...\" \/>\n<meta property=\"og:url\" content=\"https:\/\/thepueblatimes.mx\/index.php\/2020\/06\/17\/mexico-obtiene-un-lugar-en-el-consejo-de-seguridad-de-onu\/\" \/>\n<meta property=\"og:site_name\" content=\"The Puebla Times\" \/>\n<meta property=\"article:published_time\" content=\"2020-06-18T00:11:20+00:00\" \/>\n<meta property=\"og:image\" content=\"https:\/\/thepueblatimes.mx\/wp-content\/uploads\/2020\/06\/onu.jpg\" \/>\n\t<meta property=\"og:image:width\" content=\"664\" \/>\n\t<meta property=\"og:image:height\" content=\"498\" \/>\n\t<meta property=\"og:image:type\" content=\"image\/jpeg\" \/>\n<meta name=\"author\" content=\"admintpt\" \/>\n<meta name=\"twitter:card\" content=\"summary_large_image\" \/>\n<meta name=\"twitter:label1\" content=\"Escrito por\" \/>\n\t<meta name=\"twitter:data1\" content=\"admintpt\" \/>\n\t<meta name=\"twitter:label2\" content=\"Tiempo de lectura\" \/>\n\t<meta name=\"twitter:data2\" content=\"2 minutos\" \/>\n<script type=\"application\/ld+json\" class=\"yoast-schema-graph\">{\"@context\":\"https:\/\/schema.org\",\"@graph\":[{\"@type\":\"WebPage\",\"@id\":\"https:\/\/thepueblatimes.mx\/index.php\/2020\/06\/17\/mexico-obtiene-un-lugar-en-el-consejo-de-seguridad-de-onu\/\",\"url\":\"https:\/\/thepueblatimes.mx\/index.php\/2020\/06\/17\/mexico-obtiene-un-lugar-en-el-consejo-de-seguridad-de-onu\/\",\"name\":\"M\u00e9xico obtiene un lugar en el Consejo de Seguridad de ONU - The Puebla Times\",\"isPartOf\":{\"@id\":\"https:\/\/thepueblatimes.mx\/#website\"},\"datePublished\":\"2020-06-18T00:11:20+00:00\",\"dateModified\":\"2020-06-18T00:11:20+00:00\",\"author\":{\"@id\":\"https:\/\/thepueblatimes.mx\/#\/schema\/person\/c90a455f48a80821b6a99d3d73d1a71f\"},\"breadcrumb\":{\"@id\":\"https:\/\/thepueblatimes.mx\/index.php\/2020\/06\/17\/mexico-obtiene-un-lugar-en-el-consejo-de-seguridad-de-onu\/#breadcrumb\"},\"inLanguage\":\"es\",\"potentialAction\":[{\"@type\":\"ReadAction\",\"target\":[\"https:\/\/thepueblatimes.mx\/index.php\/2020\/06\/17\/mexico-obtiene-un-lugar-en-el-consejo-de-seguridad-de-onu\/\"]}]},{\"@type\":\"BreadcrumbList\",\"@id\":\"https:\/\/thepueblatimes.mx\/index.php\/2020\/06\/17\/mexico-obtiene-un-lugar-en-el-consejo-de-seguridad-de-onu\/#breadcrumb\",\"itemListElement\":[{\"@type\":\"ListItem\",\"position\":1,\"name\":\"Portada\",\"item\":\"https:\/\/thepueblatimes.mx\/\"},{\"@type\":\"ListItem\",\"position\":2,\"name\":\"M\u00e9xico obtiene un lugar en el Consejo de Seguridad de ONU\"}]},{\"@type\":\"WebSite\",\"@id\":\"https:\/\/thepueblatimes.mx\/#website\",\"url\":\"https:\/\/thepueblatimes.mx\/\",\"name\":\"The Puebla Times\",\"description\":\"Noticias del Estado de Puebla\",\"potentialAction\":[{\"@type\":\"SearchAction\",\"target\":{\"@type\":\"EntryPoint\",\"urlTemplate\":\"https:\/\/thepueblatimes.mx\/?s={search_term_string}\"},\"query-input\":\"required name=search_term_string\"}],\"inLanguage\":\"es\"},{\"@type\":\"Person\",\"@id\":\"https:\/\/thepueblatimes.mx\/#\/schema\/person\/c90a455f48a80821b6a99d3d73d1a71f\",\"name\":\"admintpt\",\"image\":{\"@type\":\"ImageObject\",\"inLanguage\":\"es\",\"@id\":\"https:\/\/thepueblatimes.mx\/#\/schema\/person\/image\/\",\"url\":\"https:\/\/secure.gravatar.com\/avatar\/13f0a494cc76bfb992f9768b1d51109d?s=96&d=mm&r=g\",\"contentUrl\":\"https:\/\/secure.gravatar.com\/avatar\/13f0a494cc76bfb992f9768b1d51109d?s=96&d=mm&r=g\",\"caption\":\"admintpt\"},\"url\":\"https:\/\/thepueblatimes.mx\/index.php\/author\/admintpt\/\"}]}<\/script>\n<!-- \/ Yoast SEO plugin. -->","yoast_head_json":{"title":"M\u00e9xico obtiene un lugar en el Consejo de Seguridad de ONU - The Puebla Times","robots":{"index":"index","follow":"follow","max-snippet":"max-snippet:-1","max-image-preview":"max-image-preview:large","max-video-preview":"max-video-preview:-1"},"canonical":"https:\/\/thepueblatimes.mx\/index.php\/2020\/06\/17\/mexico-obtiene-un-lugar-en-el-consejo-de-seguridad-de-onu\/","og_locale":"es_ES","og_type":"article","og_title":"M\u00e9xico obtiene un lugar en el Consejo de Seguridad de ONU - The Puebla Times","og_description":"Con 187 de los 192 votos posibles, M\u00e9xico obtuvo uno de los cinco lugares que se eligieron hoy como miembro no permanente del Consejo de Seguridad de la ONU. CIUDAD DE M\u00c9XICO.- Con 187 de los 192 votos posibles, M\u00e9xico obtuvo uno de los cinco lugares que se eligieron hoy como miembro no permanente del...","og_url":"https:\/\/thepueblatimes.mx\/index.php\/2020\/06\/17\/mexico-obtiene-un-lugar-en-el-consejo-de-seguridad-de-onu\/","og_site_name":"The Puebla Times","article_published_time":"2020-06-18T00:11:20+00:00","og_image":[{"width":664,"height":498,"url":"https:\/\/thepueblatimes.mx\/wp-content\/uploads\/2020\/06\/onu.jpg","type":"image\/jpeg"}],"author":"admintpt","twitter_card":"summary_large_image","twitter_misc":{"Escrito por":"admintpt","Tiempo de lectura":"2 minutos"},"schema":{"@context":"https:\/\/schema.org","@graph":[{"@type":"WebPage","@id":"https:\/\/thepueblatimes.mx\/index.php\/2020\/06\/17\/mexico-obtiene-un-lugar-en-el-consejo-de-seguridad-de-onu\/","url":"https:\/\/thepueblatimes.mx\/index.php\/2020\/06\/17\/mexico-obtiene-un-lugar-en-el-consejo-de-seguridad-de-onu\/","name":"M\u00e9xico obtiene un lugar en el Consejo de Seguridad de ONU - The Puebla Times","isPartOf":{"@id":"https:\/\/thepueblatimes.mx\/#website"},"datePublished":"2020-06-18T00:11:20+00:00","dateModified":"2020-06-18T00:11:20+00:00","author":{"@id":"https:\/\/thepueblatimes.mx\/#\/schema\/person\/c90a455f48a80821b6a99d3d73d1a71f"},"breadcrumb":{"@id":"https:\/\/thepueblatimes.mx\/index.php\/2020\/06\/17\/mexico-obtiene-un-lugar-en-el-consejo-de-seguridad-de-onu\/#breadcrumb"},"inLanguage":"es","potentialAction":[{"@type":"ReadAction","target":["https:\/\/thepueblatimes.mx\/index.php\/2020\/06\/17\/mexico-obtiene-un-lugar-en-el-consejo-de-seguridad-de-onu\/"]}]},{"@type":"BreadcrumbList","@id":"https:\/\/thepueblatimes.mx\/index.php\/2020\/06\/17\/mexico-obtiene-un-lugar-en-el-consejo-de-seguridad-de-onu\/#breadcrumb","itemListElement":[{"@type":"ListItem","position":1,"name":"Portada","item":"https:\/\/thepueblatimes.mx\/"},{"@type":"ListItem","position":2,"name":"M\u00e9xico obtiene un lugar en el Consejo de Seguridad de ONU"}]},{"@type":"WebSite","@id":"https:\/\/thepueblatimes.mx\/#website","url":"https:\/\/thepueblatimes.mx\/","name":"The Puebla Times","description":"Noticias del Estado de Puebla","potentialAction":[{"@type":"SearchAction","target":{"@type":"EntryPoint","urlTemplate":"https:\/\/thepueblatimes.mx\/?s={search_term_string}"},"query-input":"required name=search_term_string"}],"inLanguage":"es"},{"@type":"Person","@id":"https:\/\/thepueblatimes.mx\/#\/schema\/person\/c90a455f48a80821b6a99d3d73d1a71f","name":"admintpt","image":{"@type":"ImageObject","inLanguage":"es","@id":"https:\/\/thepueblatimes.mx\/#\/schema\/person\/image\/","url":"https:\/\/secure.gravatar.com\/avatar\/13f0a494cc76bfb992f9768b1d51109d?s=96&d=mm&r=g","contentUrl":"https:\/\/secure.gravatar.com\/avatar\/13f0a494cc76bfb992f9768b1d51109d?s=96&d=mm&r=g","caption":"admintpt"},"url":"https:\/\/thepueblatimes.mx\/index.php\/author\/admintpt\/"}]}},"jetpack_featured_media_url":"https:\/\/thepueblatimes.mx\/wp-content\/uploads\/2020\/06\/onu.jpg","_links":{"self":[{"href":"https:\/\/thepueblatimes.mx\/index.php\/wp-json\/wp\/v2\/posts\/147"}],"collection":[{"href":"https:\/\/thepueblatimes.mx\/index.php\/wp-json\/wp\/v2\/posts"}],"about":[{"href":"https:\/\/thepueblatimes.mx\/index.php\/wp-json\/wp\/v2\/types\/post"}],"author":[{"embeddable":true,"href":"https:\/\/thepueblatimes.mx\/index.php\/wp-json\/wp\/v2\/users\/2"}],"replies":[{"embeddable":true,"href":"https:\/\/thepueblatimes.mx\/index.php\/wp-json\/wp\/v2\/comments?post=147"}],"version-history":[{"count":1,"href":"https:\/\/thepueblatimes.mx\/index.php\/wp-json\/wp\/v2\/posts\/147\/revisions"}],"predecessor-version":[{"id":149,"href":"https:\/\/thepueblatimes.mx\/index.php\/wp-json\/wp\/v2\/posts\/147\/revisions\/149"}],"wp:featuredmedia":[{"embeddable":true,"href":"https:\/\/thepueblatimes.mx\/index.php\/wp-json\/wp\/v2\/media\/148"}],"wp:attachment":[{"href":"https:\/\/thepueblatimes.mx\/index.php\/wp-json\/wp\/v2\/media?parent=147"}],"wp:term":[{"taxonomy":"category","embeddable":true,"href":"https:\/\/thepueblatimes.mx\/index.php\/wp-json\/wp\/v2\/categories?post=147"},{"taxonomy":"post_tag","embeddable":true,"href":"https:\/\/thepueblatimes.mx\/index.php\/wp-json\/wp\/v2\/tags?post=147"}],"curies":[{"name":"wp","href":"https:\/\/api.w.org\/{rel}","templated":true}]}}