{"id":14644,"date":"2021-07-15T20:28:23","date_gmt":"2021-07-16T01:28:23","guid":{"rendered":"https:\/\/thepueblatimes.mx\/?p=14644"},"modified":"2021-07-15T20:28:23","modified_gmt":"2021-07-16T01:28:23","slug":"dejan-morir-a-reo-en-el-cereso-de-huauchinango","status":"publish","type":"post","link":"https:\/\/thepueblatimes.mx\/index.php\/2021\/07\/15\/dejan-morir-a-reo-en-el-cereso-de-huauchinango\/","title":{"rendered":"Dejan morir a reo en el Cereso de Huauchinango"},"content":{"rendered":"<p>Huauchinango, Pue.- De un aparente infarto, un interno de 87 a\u00f1os de edad perdi\u00f3 la vida la ma\u00f1ana de este jueves en el Centro Regional de Reinserci\u00f3n Social de Huauchinango. Pese a que sus compa\u00f1eros de celda dieron parte a la Direcci\u00f3n del penal, nunca se le dio atenci\u00f3n m\u00e9dica y la\u00a0 ambulancia nunca lleg\u00f3, seg\u00fan dieron a conocer fuetes de la instituci\u00f3n.<\/p>\n<p>Seg\u00fan las versiones, el interno que en vida llevaba el nombre de Venustiano Fabi\u00e1n N, tard\u00f3 unos 40 minutos con un intenso dolor en el pecho, por lo que sus compa\u00f1eros dieron informes al personal de la Direcci\u00f3n del centro penitenciario, sin embargo, \u201cno acudieron a verlo\u201d, expresaron.<\/p>\n<p>Los hechos ocurrieron minutos antes de las 10:00 horas de este jueves 15 de julio y seg\u00fan explicaron los testigos, unos momentos antes de que el paciente empeorara en su estado de salud manifest\u00f3 dolor.<\/p>\n<p>La informaci\u00f3n lleg\u00f3 a la Direcci\u00f3n del penal, s\u00f3lo que el interno \u00abno fue atendido por los servicios de salud del interior del penal\u00bb tardando unos 40 minutos \u201cpr\u00e1cticamente agonizando.<\/p>\n","protected":false},"excerpt":{"rendered":"<p>Huauchinango, Pue.- De un aparente infarto, un interno de 87 a\u00f1os de edad perdi\u00f3 la vida la ma\u00f1ana de este jueves en el Centro Regional de Reinserci\u00f3n Social de Huauchinango. Pese a que sus compa\u00f1eros de celda dieron parte a la Direcci\u00f3n del penal, nunca se le dio atenci\u00f3n m\u00e9dica y la\u00a0 ambulancia nunca lleg\u00f3,&#8230;<\/p>\n","protected":false},"author":15,"featured_media":14645,"comment_status":"open","ping_status":"open","sticky":false,"template":"","format":"standard","meta":[],"categories":[20],"tags":[49],"yoast_head":"<!-- This site is optimized with the Yoast SEO plugin v20.8 - https:\/\/yoast.com\/wordpress\/plugins\/seo\/ -->\n<title>Dejan morir a reo en el Cereso de Huauchinango - The Puebla Times<\/title>\n<meta name=\"robots\" content=\"index, follow, max-snippet:-1, max-image-preview:large, max-video-preview:-1\" \/>\n<link rel=\"canonical\" href=\"https:\/\/thepueblatimes.mx\/index.php\/2021\/07\/15\/dejan-morir-a-reo-en-el-cereso-de-huauchinango\/\" \/>\n<meta property=\"og:locale\" content=\"es_ES\" \/>\n<meta property=\"og:type\" content=\"article\" \/>\n<meta property=\"og:title\" content=\"Dejan morir a reo en el Cereso de Huauchinango - The Puebla Times\" \/>\n<meta property=\"og:description\" content=\"Huauchinango, Pue.- De un aparente infarto, un interno de 87 a\u00f1os de edad perdi\u00f3 la vida la ma\u00f1ana de este jueves en el Centro Regional de Reinserci\u00f3n Social de Huauchinango. Pese a que sus compa\u00f1eros de celda dieron parte a la Direcci\u00f3n del penal, nunca se le dio atenci\u00f3n m\u00e9dica y la\u00a0 ambulancia nunca lleg\u00f3,...\" \/>\n<meta property=\"og:url\" content=\"https:\/\/thepueblatimes.mx\/index.php\/2021\/07\/15\/dejan-morir-a-reo-en-el-cereso-de-huauchinango\/\" \/>\n<meta property=\"og:site_name\" content=\"The Puebla Times\" \/>\n<meta property=\"article:published_time\" content=\"2021-07-16T01:28:23+00:00\" \/>\n<meta property=\"og:image\" content=\"https:\/\/thepueblatimes.mx\/wp-content\/uploads\/2021\/07\/295E597B-1EB3-459C-BE0E-A4B361165095.jpeg\" \/>\n\t<meta property=\"og:image:width\" content=\"782\" \/>\n\t<meta property=\"og:image:height\" content=\"441\" \/>\n\t<meta property=\"og:image:type\" content=\"image\/jpeg\" \/>\n<meta name=\"author\" content=\"Francisco S\u00e1nchez Nolasco\" \/>\n<meta name=\"twitter:card\" content=\"summary_large_image\" \/>\n<meta name=\"twitter:label1\" content=\"Escrito por\" \/>\n\t<meta name=\"twitter:data1\" content=\"Francisco S\u00e1nchez Nolasco\" \/>\n\t<meta name=\"twitter:label2\" content=\"Tiempo de lectura\" \/>\n\t<meta name=\"twitter:data2\" content=\"1 minuto\" \/>\n<script type=\"application\/ld+json\" class=\"yoast-schema-graph\">{\"@context\":\"https:\/\/schema.org\",\"@graph\":[{\"@type\":\"WebPage\",\"@id\":\"https:\/\/thepueblatimes.mx\/index.php\/2021\/07\/15\/dejan-morir-a-reo-en-el-cereso-de-huauchinango\/\",\"url\":\"https:\/\/thepueblatimes.mx\/index.php\/2021\/07\/15\/dejan-morir-a-reo-en-el-cereso-de-huauchinango\/\",\"name\":\"Dejan morir a reo en el Cereso de Huauchinango - The Puebla Times\",\"isPartOf\":{\"@id\":\"https:\/\/thepueblatimes.mx\/#website\"},\"datePublished\":\"2021-07-16T01:28:23+00:00\",\"dateModified\":\"2021-07-16T01:28:23+00:00\",\"author\":{\"@id\":\"https:\/\/thepueblatimes.mx\/#\/schema\/person\/7bdf2adbc50078b104bba72b5612f774\"},\"breadcrumb\":{\"@id\":\"https:\/\/thepueblatimes.mx\/index.php\/2021\/07\/15\/dejan-morir-a-reo-en-el-cereso-de-huauchinango\/#breadcrumb\"},\"inLanguage\":\"es\",\"potentialAction\":[{\"@type\":\"ReadAction\",\"target\":[\"https:\/\/thepueblatimes.mx\/index.php\/2021\/07\/15\/dejan-morir-a-reo-en-el-cereso-de-huauchinango\/\"]}]},{\"@type\":\"BreadcrumbList\",\"@id\":\"https:\/\/thepueblatimes.mx\/index.php\/2021\/07\/15\/dejan-morir-a-reo-en-el-cereso-de-huauchinango\/#breadcrumb\",\"itemListElement\":[{\"@type\":\"ListItem\",\"position\":1,\"name\":\"Portada\",\"item\":\"https:\/\/thepueblatimes.mx\/\"},{\"@type\":\"ListItem\",\"position\":2,\"name\":\"Dejan morir a reo en el Cereso de Huauchinango\"}]},{\"@type\":\"WebSite\",\"@id\":\"https:\/\/thepueblatimes.mx\/#website\",\"url\":\"https:\/\/thepueblatimes.mx\/\",\"name\":\"The Puebla Times\",\"description\":\"Noticias del Estado de Puebla\",\"potentialAction\":[{\"@type\":\"SearchAction\",\"target\":{\"@type\":\"EntryPoint\",\"urlTemplate\":\"https:\/\/thepueblatimes.mx\/?s={search_term_string}\"},\"query-input\":\"required name=search_term_string\"}],\"inLanguage\":\"es\"},{\"@type\":\"Person\",\"@id\":\"https:\/\/thepueblatimes.mx\/#\/schema\/person\/7bdf2adbc50078b104bba72b5612f774\",\"name\":\"Francisco S\u00e1nchez Nolasco\",\"image\":{\"@type\":\"ImageObject\",\"inLanguage\":\"es\",\"@id\":\"https:\/\/thepueblatimes.mx\/#\/schema\/person\/image\/\",\"url\":\"https:\/\/secure.gravatar.com\/avatar\/6061d7d20b38bc2742a5218401b198d2?s=96&d=mm&r=g\",\"contentUrl\":\"https:\/\/secure.gravatar.com\/avatar\/6061d7d20b38bc2742a5218401b198d2?s=96&d=mm&r=g\",\"caption\":\"Francisco S\u00e1nchez Nolasco\"},\"url\":\"https:\/\/thepueblatimes.mx\/index.php\/author\/marianitha-reyes\/\"}]}<\/script>\n<!-- \/ Yoast SEO plugin. -->","yoast_head_json":{"title":"Dejan morir a reo en el Cereso de Huauchinango - The Puebla Times","robots":{"index":"index","follow":"follow","max-snippet":"max-snippet:-1","max-image-preview":"max-image-preview:large","max-video-preview":"max-video-preview:-1"},"canonical":"https:\/\/thepueblatimes.mx\/index.php\/2021\/07\/15\/dejan-morir-a-reo-en-el-cereso-de-huauchinango\/","og_locale":"es_ES","og_type":"article","og_title":"Dejan morir a reo en el Cereso de Huauchinango - The Puebla Times","og_description":"Huauchinango, Pue.- De un aparente infarto, un interno de 87 a\u00f1os de edad perdi\u00f3 la vida la ma\u00f1ana de este jueves en el Centro Regional de Reinserci\u00f3n Social de Huauchinango. Pese a que sus compa\u00f1eros de celda dieron parte a la Direcci\u00f3n del penal, nunca se le dio atenci\u00f3n m\u00e9dica y la\u00a0 ambulancia nunca lleg\u00f3,...","og_url":"https:\/\/thepueblatimes.mx\/index.php\/2021\/07\/15\/dejan-morir-a-reo-en-el-cereso-de-huauchinango\/","og_site_name":"The Puebla Times","article_published_time":"2021-07-16T01:28:23+00:00","og_image":[{"width":782,"height":441,"url":"https:\/\/thepueblatimes.mx\/wp-content\/uploads\/2021\/07\/295E597B-1EB3-459C-BE0E-A4B361165095.jpeg","type":"image\/jpeg"}],"author":"Francisco S\u00e1nchez Nolasco","twitter_card":"summary_large_image","twitter_misc":{"Escrito por":"Francisco S\u00e1nchez Nolasco","Tiempo de lectura":"1 minuto"},"schema":{"@context":"https:\/\/schema.org","@graph":[{"@type":"WebPage","@id":"https:\/\/thepueblatimes.mx\/index.php\/2021\/07\/15\/dejan-morir-a-reo-en-el-cereso-de-huauchinango\/","url":"https:\/\/thepueblatimes.mx\/index.php\/2021\/07\/15\/dejan-morir-a-reo-en-el-cereso-de-huauchinango\/","name":"Dejan morir a reo en el Cereso de Huauchinango - The Puebla Times","isPartOf":{"@id":"https:\/\/thepueblatimes.mx\/#website"},"datePublished":"2021-07-16T01:28:23+00:00","dateModified":"2021-07-16T01:28:23+00:00","author":{"@id":"https:\/\/thepueblatimes.mx\/#\/schema\/person\/7bdf2adbc50078b104bba72b5612f774"},"breadcrumb":{"@id":"https:\/\/thepueblatimes.mx\/index.php\/2021\/07\/15\/dejan-morir-a-reo-en-el-cereso-de-huauchinango\/#breadcrumb"},"inLanguage":"es","potentialAction":[{"@type":"ReadAction","target":["https:\/\/thepueblatimes.mx\/index.php\/2021\/07\/15\/dejan-morir-a-reo-en-el-cereso-de-huauchinango\/"]}]},{"@type":"BreadcrumbList","@id":"https:\/\/thepueblatimes.mx\/index.php\/2021\/07\/15\/dejan-morir-a-reo-en-el-cereso-de-huauchinango\/#breadcrumb","itemListElement":[{"@type":"ListItem","position":1,"name":"Portada","item":"https:\/\/thepueblatimes.mx\/"},{"@type":"ListItem","position":2,"name":"Dejan morir a reo en el Cereso de Huauchinango"}]},{"@type":"WebSite","@id":"https:\/\/thepueblatimes.mx\/#website","url":"https:\/\/thepueblatimes.mx\/","name":"The Puebla Times","description":"Noticias del Estado de Puebla","potentialAction":[{"@type":"SearchAction","target":{"@type":"EntryPoint","urlTemplate":"https:\/\/thepueblatimes.mx\/?s={search_term_string}"},"query-input":"required name=search_term_string"}],"inLanguage":"es"},{"@type":"Person","@id":"https:\/\/thepueblatimes.mx\/#\/schema\/person\/7bdf2adbc50078b104bba72b5612f774","name":"Francisco S\u00e1nchez Nolasco","image":{"@type":"ImageObject","inLanguage":"es","@id":"https:\/\/thepueblatimes.mx\/#\/schema\/person\/image\/","url":"https:\/\/secure.gravatar.com\/avatar\/6061d7d20b38bc2742a5218401b198d2?s=96&d=mm&r=g","contentUrl":"https:\/\/secure.gravatar.com\/avatar\/6061d7d20b38bc2742a5218401b198d2?s=96&d=mm&r=g","caption":"Francisco S\u00e1nchez Nolasco"},"url":"https:\/\/thepueblatimes.mx\/index.php\/author\/marianitha-reyes\/"}]}},"jetpack_featured_media_url":"https:\/\/thepueblatimes.mx\/wp-content\/uploads\/2021\/07\/295E597B-1EB3-459C-BE0E-A4B361165095.jpeg","_links":{"self":[{"href":"https:\/\/thepueblatimes.mx\/index.php\/wp-json\/wp\/v2\/posts\/14644"}],"collection":[{"href":"https:\/\/thepueblatimes.mx\/index.php\/wp-json\/wp\/v2\/posts"}],"about":[{"href":"https:\/\/thepueblatimes.mx\/index.php\/wp-json\/wp\/v2\/types\/post"}],"author":[{"embeddable":true,"href":"https:\/\/thepueblatimes.mx\/index.php\/wp-json\/wp\/v2\/users\/15"}],"replies":[{"embeddable":true,"href":"https:\/\/thepueblatimes.mx\/index.php\/wp-json\/wp\/v2\/comments?post=14644"}],"version-history":[{"count":1,"href":"https:\/\/thepueblatimes.mx\/index.php\/wp-json\/wp\/v2\/posts\/14644\/revisions"}],"predecessor-version":[{"id":14646,"href":"https:\/\/thepueblatimes.mx\/index.php\/wp-json\/wp\/v2\/posts\/14644\/revisions\/14646"}],"wp:featuredmedia":[{"embeddable":true,"href":"https:\/\/thepueblatimes.mx\/index.php\/wp-json\/wp\/v2\/media\/14645"}],"wp:attachment":[{"href":"https:\/\/thepueblatimes.mx\/index.php\/wp-json\/wp\/v2\/media?parent=14644"}],"wp:term":[{"taxonomy":"category","embeddable":true,"href":"https:\/\/thepueblatimes.mx\/index.php\/wp-json\/wp\/v2\/categories?post=14644"},{"taxonomy":"post_tag","embeddable":true,"href":"https:\/\/thepueblatimes.mx\/index.php\/wp-json\/wp\/v2\/tags?post=14644"}],"curies":[{"name":"wp","href":"https:\/\/api.w.org\/{rel}","templated":true}]}}