{"id":14457,"date":"2021-07-09T20:20:40","date_gmt":"2021-07-10T01:20:40","guid":{"rendered":"https:\/\/thepueblatimes.mx\/?p=14457"},"modified":"2021-07-09T20:20:40","modified_gmt":"2021-07-10T01:20:40","slug":"caen-6-polleros-y-rescatan-a-186-centroamericanos-en-san-sebastian-de-aparicio","status":"publish","type":"post","link":"https:\/\/thepueblatimes.mx\/index.php\/2021\/07\/09\/caen-6-polleros-y-rescatan-a-186-centroamericanos-en-san-sebastian-de-aparicio\/","title":{"rendered":"Caen 6 polleros y rescatan a 186 centroamericanos en San Sebasti\u00e1n de Aparicio"},"content":{"rendered":"<p>Puebla, Pue.- En acciones para prevenir el tr\u00e1fico de personas, agentes de la Polic\u00eda Estatal, en coordinaci\u00f3n con el Instituto Nacional de Migraci\u00f3n, <strong>rescataron a 186 personas de origen centroamericano en un inmueble de la junta auxiliar de San Sebasti\u00e1n de Aparicio<\/strong>.<\/p>\n<p><strong>Seis personas que presuntamente obtuvieron beneficios econ\u00f3micos y que ten\u00edan diversas actividades para la vigilancia, alimentaci\u00f3n y traslado de los migrantes<\/strong>, fueron detenidas y puestas a disposici\u00f3n de las autoridades ministeriales.<\/p>\n<p>Los detenidos fueron identificados como Luis Antonio G., alias \u00abEl Flaco\u00bb; Inocencio T.(ambos originarios de Guanajuato); Fernando R., procedente de San Luis Potos\u00ed; adem\u00e1s de Jos\u00e9 Alejandro C. Chiapas; Jehosafat R. \u00abEl Josi\u00bb y V\u00edctor Hugo H. \u00abEl Pechugas\u00bb, los dos \u00faltimos con domicilio en la ciudad de Puebla.<\/p>\n<p>Adem\u00e1s, los agentes <strong>aseguraron siete veh\u00edculos, cinco camionetas y dos tipo sed\u00e1n, que presuntamente ser\u00edan utilizados en la actividad ilegal.<\/strong><\/p>\n<p>Aplicando los protocolos de respeto a los derechos humanos, las 186 personas fueron trasladadas a las instalaciones del Instituto Nacional de Migraci\u00f3n.<\/p>\n","protected":false},"excerpt":{"rendered":"<p>Puebla, Pue.- En acciones para prevenir el tr\u00e1fico de personas, agentes de la Polic\u00eda Estatal, en coordinaci\u00f3n con el Instituto Nacional de Migraci\u00f3n, rescataron a 186 personas de origen centroamericano en un inmueble de la junta auxiliar de San Sebasti\u00e1n de Aparicio. Seis personas que presuntamente obtuvieron beneficios econ\u00f3micos y que ten\u00edan diversas actividades para&#8230;<\/p>\n","protected":false},"author":15,"featured_media":14458,"comment_status":"open","ping_status":"open","sticky":false,"template":"","format":"standard","meta":[],"categories":[20],"tags":[49],"yoast_head":"<!-- This site is optimized with the Yoast SEO plugin v20.8 - https:\/\/yoast.com\/wordpress\/plugins\/seo\/ -->\n<title>Caen 6 polleros y rescatan a 186 centroamericanos en San Sebasti\u00e1n de Aparicio - The Puebla Times<\/title>\n<meta name=\"robots\" content=\"index, follow, max-snippet:-1, max-image-preview:large, max-video-preview:-1\" \/>\n<link rel=\"canonical\" href=\"https:\/\/thepueblatimes.mx\/index.php\/2021\/07\/09\/caen-6-polleros-y-rescatan-a-186-centroamericanos-en-san-sebastian-de-aparicio\/\" \/>\n<meta property=\"og:locale\" content=\"es_ES\" \/>\n<meta property=\"og:type\" content=\"article\" \/>\n<meta property=\"og:title\" content=\"Caen 6 polleros y rescatan a 186 centroamericanos en San Sebasti\u00e1n de Aparicio - The Puebla Times\" \/>\n<meta property=\"og:description\" content=\"Puebla, Pue.- En acciones para prevenir el tr\u00e1fico de personas, agentes de la Polic\u00eda Estatal, en coordinaci\u00f3n con el Instituto Nacional de Migraci\u00f3n, rescataron a 186 personas de origen centroamericano en un inmueble de la junta auxiliar de San Sebasti\u00e1n de Aparicio. Seis personas que presuntamente obtuvieron beneficios econ\u00f3micos y que ten\u00edan diversas actividades para...\" \/>\n<meta property=\"og:url\" content=\"https:\/\/thepueblatimes.mx\/index.php\/2021\/07\/09\/caen-6-polleros-y-rescatan-a-186-centroamericanos-en-san-sebastian-de-aparicio\/\" \/>\n<meta property=\"og:site_name\" content=\"The Puebla Times\" \/>\n<meta property=\"article:published_time\" content=\"2021-07-10T01:20:40+00:00\" \/>\n<meta property=\"og:image\" content=\"https:\/\/thepueblatimes.mx\/wp-content\/uploads\/2021\/07\/0580018B-5E10-48C6-9188-16C2DA13F936.jpeg\" \/>\n\t<meta property=\"og:image:width\" content=\"650\" \/>\n\t<meta property=\"og:image:height\" content=\"464\" \/>\n\t<meta property=\"og:image:type\" content=\"image\/jpeg\" \/>\n<meta name=\"author\" content=\"Francisco S\u00e1nchez Nolasco\" \/>\n<meta name=\"twitter:card\" content=\"summary_large_image\" \/>\n<meta name=\"twitter:label1\" content=\"Escrito por\" \/>\n\t<meta name=\"twitter:data1\" content=\"Francisco S\u00e1nchez Nolasco\" \/>\n\t<meta name=\"twitter:label2\" content=\"Tiempo de lectura\" \/>\n\t<meta name=\"twitter:data2\" content=\"1 minuto\" \/>\n<script type=\"application\/ld+json\" class=\"yoast-schema-graph\">{\"@context\":\"https:\/\/schema.org\",\"@graph\":[{\"@type\":\"WebPage\",\"@id\":\"https:\/\/thepueblatimes.mx\/index.php\/2021\/07\/09\/caen-6-polleros-y-rescatan-a-186-centroamericanos-en-san-sebastian-de-aparicio\/\",\"url\":\"https:\/\/thepueblatimes.mx\/index.php\/2021\/07\/09\/caen-6-polleros-y-rescatan-a-186-centroamericanos-en-san-sebastian-de-aparicio\/\",\"name\":\"Caen 6 polleros y rescatan a 186 centroamericanos en San Sebasti\u00e1n de Aparicio - The Puebla Times\",\"isPartOf\":{\"@id\":\"https:\/\/thepueblatimes.mx\/#website\"},\"datePublished\":\"2021-07-10T01:20:40+00:00\",\"dateModified\":\"2021-07-10T01:20:40+00:00\",\"author\":{\"@id\":\"https:\/\/thepueblatimes.mx\/#\/schema\/person\/7bdf2adbc50078b104bba72b5612f774\"},\"breadcrumb\":{\"@id\":\"https:\/\/thepueblatimes.mx\/index.php\/2021\/07\/09\/caen-6-polleros-y-rescatan-a-186-centroamericanos-en-san-sebastian-de-aparicio\/#breadcrumb\"},\"inLanguage\":\"es\",\"potentialAction\":[{\"@type\":\"ReadAction\",\"target\":[\"https:\/\/thepueblatimes.mx\/index.php\/2021\/07\/09\/caen-6-polleros-y-rescatan-a-186-centroamericanos-en-san-sebastian-de-aparicio\/\"]}]},{\"@type\":\"BreadcrumbList\",\"@id\":\"https:\/\/thepueblatimes.mx\/index.php\/2021\/07\/09\/caen-6-polleros-y-rescatan-a-186-centroamericanos-en-san-sebastian-de-aparicio\/#breadcrumb\",\"itemListElement\":[{\"@type\":\"ListItem\",\"position\":1,\"name\":\"Portada\",\"item\":\"https:\/\/thepueblatimes.mx\/\"},{\"@type\":\"ListItem\",\"position\":2,\"name\":\"Caen 6 polleros y rescatan a 186 centroamericanos en San Sebasti\u00e1n de Aparicio\"}]},{\"@type\":\"WebSite\",\"@id\":\"https:\/\/thepueblatimes.mx\/#website\",\"url\":\"https:\/\/thepueblatimes.mx\/\",\"name\":\"The Puebla Times\",\"description\":\"Noticias del Estado de Puebla\",\"potentialAction\":[{\"@type\":\"SearchAction\",\"target\":{\"@type\":\"EntryPoint\",\"urlTemplate\":\"https:\/\/thepueblatimes.mx\/?s={search_term_string}\"},\"query-input\":\"required name=search_term_string\"}],\"inLanguage\":\"es\"},{\"@type\":\"Person\",\"@id\":\"https:\/\/thepueblatimes.mx\/#\/schema\/person\/7bdf2adbc50078b104bba72b5612f774\",\"name\":\"Francisco S\u00e1nchez Nolasco\",\"image\":{\"@type\":\"ImageObject\",\"inLanguage\":\"es\",\"@id\":\"https:\/\/thepueblatimes.mx\/#\/schema\/person\/image\/\",\"url\":\"https:\/\/secure.gravatar.com\/avatar\/6061d7d20b38bc2742a5218401b198d2?s=96&d=mm&r=g\",\"contentUrl\":\"https:\/\/secure.gravatar.com\/avatar\/6061d7d20b38bc2742a5218401b198d2?s=96&d=mm&r=g\",\"caption\":\"Francisco S\u00e1nchez Nolasco\"},\"url\":\"https:\/\/thepueblatimes.mx\/index.php\/author\/marianitha-reyes\/\"}]}<\/script>\n<!-- \/ Yoast SEO plugin. -->","yoast_head_json":{"title":"Caen 6 polleros y rescatan a 186 centroamericanos en San Sebasti\u00e1n de Aparicio - The Puebla Times","robots":{"index":"index","follow":"follow","max-snippet":"max-snippet:-1","max-image-preview":"max-image-preview:large","max-video-preview":"max-video-preview:-1"},"canonical":"https:\/\/thepueblatimes.mx\/index.php\/2021\/07\/09\/caen-6-polleros-y-rescatan-a-186-centroamericanos-en-san-sebastian-de-aparicio\/","og_locale":"es_ES","og_type":"article","og_title":"Caen 6 polleros y rescatan a 186 centroamericanos en San Sebasti\u00e1n de Aparicio - The Puebla Times","og_description":"Puebla, Pue.- En acciones para prevenir el tr\u00e1fico de personas, agentes de la Polic\u00eda Estatal, en coordinaci\u00f3n con el Instituto Nacional de Migraci\u00f3n, rescataron a 186 personas de origen centroamericano en un inmueble de la junta auxiliar de San Sebasti\u00e1n de Aparicio. Seis personas que presuntamente obtuvieron beneficios econ\u00f3micos y que ten\u00edan diversas actividades para...","og_url":"https:\/\/thepueblatimes.mx\/index.php\/2021\/07\/09\/caen-6-polleros-y-rescatan-a-186-centroamericanos-en-san-sebastian-de-aparicio\/","og_site_name":"The Puebla Times","article_published_time":"2021-07-10T01:20:40+00:00","og_image":[{"width":650,"height":464,"url":"https:\/\/thepueblatimes.mx\/wp-content\/uploads\/2021\/07\/0580018B-5E10-48C6-9188-16C2DA13F936.jpeg","type":"image\/jpeg"}],"author":"Francisco S\u00e1nchez Nolasco","twitter_card":"summary_large_image","twitter_misc":{"Escrito por":"Francisco S\u00e1nchez Nolasco","Tiempo de lectura":"1 minuto"},"schema":{"@context":"https:\/\/schema.org","@graph":[{"@type":"WebPage","@id":"https:\/\/thepueblatimes.mx\/index.php\/2021\/07\/09\/caen-6-polleros-y-rescatan-a-186-centroamericanos-en-san-sebastian-de-aparicio\/","url":"https:\/\/thepueblatimes.mx\/index.php\/2021\/07\/09\/caen-6-polleros-y-rescatan-a-186-centroamericanos-en-san-sebastian-de-aparicio\/","name":"Caen 6 polleros y rescatan a 186 centroamericanos en San Sebasti\u00e1n de Aparicio - The Puebla Times","isPartOf":{"@id":"https:\/\/thepueblatimes.mx\/#website"},"datePublished":"2021-07-10T01:20:40+00:00","dateModified":"2021-07-10T01:20:40+00:00","author":{"@id":"https:\/\/thepueblatimes.mx\/#\/schema\/person\/7bdf2adbc50078b104bba72b5612f774"},"breadcrumb":{"@id":"https:\/\/thepueblatimes.mx\/index.php\/2021\/07\/09\/caen-6-polleros-y-rescatan-a-186-centroamericanos-en-san-sebastian-de-aparicio\/#breadcrumb"},"inLanguage":"es","potentialAction":[{"@type":"ReadAction","target":["https:\/\/thepueblatimes.mx\/index.php\/2021\/07\/09\/caen-6-polleros-y-rescatan-a-186-centroamericanos-en-san-sebastian-de-aparicio\/"]}]},{"@type":"BreadcrumbList","@id":"https:\/\/thepueblatimes.mx\/index.php\/2021\/07\/09\/caen-6-polleros-y-rescatan-a-186-centroamericanos-en-san-sebastian-de-aparicio\/#breadcrumb","itemListElement":[{"@type":"ListItem","position":1,"name":"Portada","item":"https:\/\/thepueblatimes.mx\/"},{"@type":"ListItem","position":2,"name":"Caen 6 polleros y rescatan a 186 centroamericanos en San Sebasti\u00e1n de Aparicio"}]},{"@type":"WebSite","@id":"https:\/\/thepueblatimes.mx\/#website","url":"https:\/\/thepueblatimes.mx\/","name":"The Puebla Times","description":"Noticias del Estado de Puebla","potentialAction":[{"@type":"SearchAction","target":{"@type":"EntryPoint","urlTemplate":"https:\/\/thepueblatimes.mx\/?s={search_term_string}"},"query-input":"required name=search_term_string"}],"inLanguage":"es"},{"@type":"Person","@id":"https:\/\/thepueblatimes.mx\/#\/schema\/person\/7bdf2adbc50078b104bba72b5612f774","name":"Francisco S\u00e1nchez Nolasco","image":{"@type":"ImageObject","inLanguage":"es","@id":"https:\/\/thepueblatimes.mx\/#\/schema\/person\/image\/","url":"https:\/\/secure.gravatar.com\/avatar\/6061d7d20b38bc2742a5218401b198d2?s=96&d=mm&r=g","contentUrl":"https:\/\/secure.gravatar.com\/avatar\/6061d7d20b38bc2742a5218401b198d2?s=96&d=mm&r=g","caption":"Francisco S\u00e1nchez Nolasco"},"url":"https:\/\/thepueblatimes.mx\/index.php\/author\/marianitha-reyes\/"}]}},"jetpack_featured_media_url":"https:\/\/thepueblatimes.mx\/wp-content\/uploads\/2021\/07\/0580018B-5E10-48C6-9188-16C2DA13F936.jpeg","_links":{"self":[{"href":"https:\/\/thepueblatimes.mx\/index.php\/wp-json\/wp\/v2\/posts\/14457"}],"collection":[{"href":"https:\/\/thepueblatimes.mx\/index.php\/wp-json\/wp\/v2\/posts"}],"about":[{"href":"https:\/\/thepueblatimes.mx\/index.php\/wp-json\/wp\/v2\/types\/post"}],"author":[{"embeddable":true,"href":"https:\/\/thepueblatimes.mx\/index.php\/wp-json\/wp\/v2\/users\/15"}],"replies":[{"embeddable":true,"href":"https:\/\/thepueblatimes.mx\/index.php\/wp-json\/wp\/v2\/comments?post=14457"}],"version-history":[{"count":2,"href":"https:\/\/thepueblatimes.mx\/index.php\/wp-json\/wp\/v2\/posts\/14457\/revisions"}],"predecessor-version":[{"id":14460,"href":"https:\/\/thepueblatimes.mx\/index.php\/wp-json\/wp\/v2\/posts\/14457\/revisions\/14460"}],"wp:featuredmedia":[{"embeddable":true,"href":"https:\/\/thepueblatimes.mx\/index.php\/wp-json\/wp\/v2\/media\/14458"}],"wp:attachment":[{"href":"https:\/\/thepueblatimes.mx\/index.php\/wp-json\/wp\/v2\/media?parent=14457"}],"wp:term":[{"taxonomy":"category","embeddable":true,"href":"https:\/\/thepueblatimes.mx\/index.php\/wp-json\/wp\/v2\/categories?post=14457"},{"taxonomy":"post_tag","embeddable":true,"href":"https:\/\/thepueblatimes.mx\/index.php\/wp-json\/wp\/v2\/tags?post=14457"}],"curies":[{"name":"wp","href":"https:\/\/api.w.org\/{rel}","templated":true}]}}