{"id":14415,"date":"2021-07-07T23:27:38","date_gmt":"2021-07-08T04:27:38","guid":{"rendered":"https:\/\/thepueblatimes.mx\/?p=14415"},"modified":"2021-07-07T23:27:38","modified_gmt":"2021-07-08T04:27:38","slug":"desbordamiento-de-barranca-en-acajete-dana-viviendas-en-amozoc","status":"publish","type":"post","link":"https:\/\/thepueblatimes.mx\/index.php\/2021\/07\/07\/desbordamiento-de-barranca-en-acajete-dana-viviendas-en-amozoc\/","title":{"rendered":"Desbordamiento de barranca en Acajete da\u00f1a viviendas en Amozoc"},"content":{"rendered":"<p>Amozoc, Pue.- La noche del martes habitantes de la colonia Clara C\u00f3rdova perteneciente al municipio de Amozoc, reportaron inundaciones en cerca de 20 viviendas tras el desbordamiento de una barranca.<\/p>\n<p>Aunque las lluvias no han sido tan severas en Amozoc, la barranca que lo conecta con Acajete se desbord\u00f3 tras las intensas lluvias que azotaron a ese municipio, provocando la inundaci\u00f3n en esta colonia colindante.<\/p>\n<p>Fueron cerca de 20 casas las que se vieron afectadas y recibieron apoyo por parte de personal de Protecci\u00f3n Civil del municipio de Amozoc.<\/p>\n<p>Rogelio Olvera director de Protecci\u00f3n Civil del Municipio de Amozoc asegur\u00f3 que se encuentran realizando recorrido y desazolve de barrancas y monitoreo constante en los niveles de r\u00edos y barrancas.<\/p>\n","protected":false},"excerpt":{"rendered":"<p>Amozoc, Pue.- La noche del martes habitantes de la colonia Clara C\u00f3rdova perteneciente al municipio de Amozoc, reportaron inundaciones en cerca de 20 viviendas tras el desbordamiento de una barranca. Aunque las lluvias no han sido tan severas en Amozoc, la barranca que lo conecta con Acajete se desbord\u00f3 tras las intensas lluvias que azotaron&#8230;<\/p>\n","protected":false},"author":15,"featured_media":14416,"comment_status":"open","ping_status":"open","sticky":false,"template":"","format":"standard","meta":[],"categories":[20],"tags":[49],"yoast_head":"<!-- This site is optimized with the Yoast SEO plugin v20.8 - https:\/\/yoast.com\/wordpress\/plugins\/seo\/ -->\n<title>Desbordamiento de barranca en Acajete da\u00f1a viviendas en Amozoc - The Puebla Times<\/title>\n<meta name=\"robots\" content=\"index, follow, max-snippet:-1, max-image-preview:large, max-video-preview:-1\" \/>\n<link rel=\"canonical\" href=\"https:\/\/thepueblatimes.mx\/index.php\/2021\/07\/07\/desbordamiento-de-barranca-en-acajete-dana-viviendas-en-amozoc\/\" \/>\n<meta property=\"og:locale\" content=\"es_ES\" \/>\n<meta property=\"og:type\" content=\"article\" \/>\n<meta property=\"og:title\" content=\"Desbordamiento de barranca en Acajete da\u00f1a viviendas en Amozoc - The Puebla Times\" \/>\n<meta property=\"og:description\" content=\"Amozoc, Pue.- La noche del martes habitantes de la colonia Clara C\u00f3rdova perteneciente al municipio de Amozoc, reportaron inundaciones en cerca de 20 viviendas tras el desbordamiento de una barranca. Aunque las lluvias no han sido tan severas en Amozoc, la barranca que lo conecta con Acajete se desbord\u00f3 tras las intensas lluvias que azotaron...\" \/>\n<meta property=\"og:url\" content=\"https:\/\/thepueblatimes.mx\/index.php\/2021\/07\/07\/desbordamiento-de-barranca-en-acajete-dana-viviendas-en-amozoc\/\" \/>\n<meta property=\"og:site_name\" content=\"The Puebla Times\" \/>\n<meta property=\"article:published_time\" content=\"2021-07-08T04:27:38+00:00\" \/>\n<meta property=\"og:image\" content=\"https:\/\/thepueblatimes.mx\/wp-content\/uploads\/2021\/07\/C611902F-CEA6-4CBD-A01E-3660384F588A.png\" \/>\n\t<meta property=\"og:image:width\" content=\"400\" \/>\n\t<meta property=\"og:image:height\" content=\"250\" \/>\n\t<meta property=\"og:image:type\" content=\"image\/png\" \/>\n<meta name=\"author\" content=\"Francisco S\u00e1nchez Nolasco\" \/>\n<meta name=\"twitter:card\" content=\"summary_large_image\" \/>\n<meta name=\"twitter:label1\" content=\"Escrito por\" \/>\n\t<meta name=\"twitter:data1\" content=\"Francisco S\u00e1nchez Nolasco\" \/>\n\t<meta name=\"twitter:label2\" content=\"Tiempo de lectura\" \/>\n\t<meta name=\"twitter:data2\" content=\"1 minuto\" \/>\n<script type=\"application\/ld+json\" class=\"yoast-schema-graph\">{\"@context\":\"https:\/\/schema.org\",\"@graph\":[{\"@type\":\"WebPage\",\"@id\":\"https:\/\/thepueblatimes.mx\/index.php\/2021\/07\/07\/desbordamiento-de-barranca-en-acajete-dana-viviendas-en-amozoc\/\",\"url\":\"https:\/\/thepueblatimes.mx\/index.php\/2021\/07\/07\/desbordamiento-de-barranca-en-acajete-dana-viviendas-en-amozoc\/\",\"name\":\"Desbordamiento de barranca en Acajete da\u00f1a viviendas en Amozoc - The Puebla Times\",\"isPartOf\":{\"@id\":\"https:\/\/thepueblatimes.mx\/#website\"},\"datePublished\":\"2021-07-08T04:27:38+00:00\",\"dateModified\":\"2021-07-08T04:27:38+00:00\",\"author\":{\"@id\":\"https:\/\/thepueblatimes.mx\/#\/schema\/person\/7bdf2adbc50078b104bba72b5612f774\"},\"breadcrumb\":{\"@id\":\"https:\/\/thepueblatimes.mx\/index.php\/2021\/07\/07\/desbordamiento-de-barranca-en-acajete-dana-viviendas-en-amozoc\/#breadcrumb\"},\"inLanguage\":\"es\",\"potentialAction\":[{\"@type\":\"ReadAction\",\"target\":[\"https:\/\/thepueblatimes.mx\/index.php\/2021\/07\/07\/desbordamiento-de-barranca-en-acajete-dana-viviendas-en-amozoc\/\"]}]},{\"@type\":\"BreadcrumbList\",\"@id\":\"https:\/\/thepueblatimes.mx\/index.php\/2021\/07\/07\/desbordamiento-de-barranca-en-acajete-dana-viviendas-en-amozoc\/#breadcrumb\",\"itemListElement\":[{\"@type\":\"ListItem\",\"position\":1,\"name\":\"Portada\",\"item\":\"https:\/\/thepueblatimes.mx\/\"},{\"@type\":\"ListItem\",\"position\":2,\"name\":\"Desbordamiento de barranca en Acajete da\u00f1a viviendas en Amozoc\"}]},{\"@type\":\"WebSite\",\"@id\":\"https:\/\/thepueblatimes.mx\/#website\",\"url\":\"https:\/\/thepueblatimes.mx\/\",\"name\":\"The Puebla Times\",\"description\":\"Noticias del Estado de Puebla\",\"potentialAction\":[{\"@type\":\"SearchAction\",\"target\":{\"@type\":\"EntryPoint\",\"urlTemplate\":\"https:\/\/thepueblatimes.mx\/?s={search_term_string}\"},\"query-input\":\"required name=search_term_string\"}],\"inLanguage\":\"es\"},{\"@type\":\"Person\",\"@id\":\"https:\/\/thepueblatimes.mx\/#\/schema\/person\/7bdf2adbc50078b104bba72b5612f774\",\"name\":\"Francisco S\u00e1nchez Nolasco\",\"image\":{\"@type\":\"ImageObject\",\"inLanguage\":\"es\",\"@id\":\"https:\/\/thepueblatimes.mx\/#\/schema\/person\/image\/\",\"url\":\"https:\/\/secure.gravatar.com\/avatar\/6061d7d20b38bc2742a5218401b198d2?s=96&d=mm&r=g\",\"contentUrl\":\"https:\/\/secure.gravatar.com\/avatar\/6061d7d20b38bc2742a5218401b198d2?s=96&d=mm&r=g\",\"caption\":\"Francisco S\u00e1nchez Nolasco\"},\"url\":\"https:\/\/thepueblatimes.mx\/index.php\/author\/marianitha-reyes\/\"}]}<\/script>\n<!-- \/ Yoast SEO plugin. -->","yoast_head_json":{"title":"Desbordamiento de barranca en Acajete da\u00f1a viviendas en Amozoc - The Puebla Times","robots":{"index":"index","follow":"follow","max-snippet":"max-snippet:-1","max-image-preview":"max-image-preview:large","max-video-preview":"max-video-preview:-1"},"canonical":"https:\/\/thepueblatimes.mx\/index.php\/2021\/07\/07\/desbordamiento-de-barranca-en-acajete-dana-viviendas-en-amozoc\/","og_locale":"es_ES","og_type":"article","og_title":"Desbordamiento de barranca en Acajete da\u00f1a viviendas en Amozoc - The Puebla Times","og_description":"Amozoc, Pue.- La noche del martes habitantes de la colonia Clara C\u00f3rdova perteneciente al municipio de Amozoc, reportaron inundaciones en cerca de 20 viviendas tras el desbordamiento de una barranca. Aunque las lluvias no han sido tan severas en Amozoc, la barranca que lo conecta con Acajete se desbord\u00f3 tras las intensas lluvias que azotaron...","og_url":"https:\/\/thepueblatimes.mx\/index.php\/2021\/07\/07\/desbordamiento-de-barranca-en-acajete-dana-viviendas-en-amozoc\/","og_site_name":"The Puebla Times","article_published_time":"2021-07-08T04:27:38+00:00","og_image":[{"width":400,"height":250,"url":"https:\/\/thepueblatimes.mx\/wp-content\/uploads\/2021\/07\/C611902F-CEA6-4CBD-A01E-3660384F588A.png","type":"image\/png"}],"author":"Francisco S\u00e1nchez Nolasco","twitter_card":"summary_large_image","twitter_misc":{"Escrito por":"Francisco S\u00e1nchez Nolasco","Tiempo de lectura":"1 minuto"},"schema":{"@context":"https:\/\/schema.org","@graph":[{"@type":"WebPage","@id":"https:\/\/thepueblatimes.mx\/index.php\/2021\/07\/07\/desbordamiento-de-barranca-en-acajete-dana-viviendas-en-amozoc\/","url":"https:\/\/thepueblatimes.mx\/index.php\/2021\/07\/07\/desbordamiento-de-barranca-en-acajete-dana-viviendas-en-amozoc\/","name":"Desbordamiento de barranca en Acajete da\u00f1a viviendas en Amozoc - The Puebla Times","isPartOf":{"@id":"https:\/\/thepueblatimes.mx\/#website"},"datePublished":"2021-07-08T04:27:38+00:00","dateModified":"2021-07-08T04:27:38+00:00","author":{"@id":"https:\/\/thepueblatimes.mx\/#\/schema\/person\/7bdf2adbc50078b104bba72b5612f774"},"breadcrumb":{"@id":"https:\/\/thepueblatimes.mx\/index.php\/2021\/07\/07\/desbordamiento-de-barranca-en-acajete-dana-viviendas-en-amozoc\/#breadcrumb"},"inLanguage":"es","potentialAction":[{"@type":"ReadAction","target":["https:\/\/thepueblatimes.mx\/index.php\/2021\/07\/07\/desbordamiento-de-barranca-en-acajete-dana-viviendas-en-amozoc\/"]}]},{"@type":"BreadcrumbList","@id":"https:\/\/thepueblatimes.mx\/index.php\/2021\/07\/07\/desbordamiento-de-barranca-en-acajete-dana-viviendas-en-amozoc\/#breadcrumb","itemListElement":[{"@type":"ListItem","position":1,"name":"Portada","item":"https:\/\/thepueblatimes.mx\/"},{"@type":"ListItem","position":2,"name":"Desbordamiento de barranca en Acajete da\u00f1a viviendas en Amozoc"}]},{"@type":"WebSite","@id":"https:\/\/thepueblatimes.mx\/#website","url":"https:\/\/thepueblatimes.mx\/","name":"The Puebla Times","description":"Noticias del Estado de Puebla","potentialAction":[{"@type":"SearchAction","target":{"@type":"EntryPoint","urlTemplate":"https:\/\/thepueblatimes.mx\/?s={search_term_string}"},"query-input":"required name=search_term_string"}],"inLanguage":"es"},{"@type":"Person","@id":"https:\/\/thepueblatimes.mx\/#\/schema\/person\/7bdf2adbc50078b104bba72b5612f774","name":"Francisco S\u00e1nchez Nolasco","image":{"@type":"ImageObject","inLanguage":"es","@id":"https:\/\/thepueblatimes.mx\/#\/schema\/person\/image\/","url":"https:\/\/secure.gravatar.com\/avatar\/6061d7d20b38bc2742a5218401b198d2?s=96&d=mm&r=g","contentUrl":"https:\/\/secure.gravatar.com\/avatar\/6061d7d20b38bc2742a5218401b198d2?s=96&d=mm&r=g","caption":"Francisco S\u00e1nchez Nolasco"},"url":"https:\/\/thepueblatimes.mx\/index.php\/author\/marianitha-reyes\/"}]}},"jetpack_featured_media_url":"https:\/\/thepueblatimes.mx\/wp-content\/uploads\/2021\/07\/C611902F-CEA6-4CBD-A01E-3660384F588A.png","_links":{"self":[{"href":"https:\/\/thepueblatimes.mx\/index.php\/wp-json\/wp\/v2\/posts\/14415"}],"collection":[{"href":"https:\/\/thepueblatimes.mx\/index.php\/wp-json\/wp\/v2\/posts"}],"about":[{"href":"https:\/\/thepueblatimes.mx\/index.php\/wp-json\/wp\/v2\/types\/post"}],"author":[{"embeddable":true,"href":"https:\/\/thepueblatimes.mx\/index.php\/wp-json\/wp\/v2\/users\/15"}],"replies":[{"embeddable":true,"href":"https:\/\/thepueblatimes.mx\/index.php\/wp-json\/wp\/v2\/comments?post=14415"}],"version-history":[{"count":2,"href":"https:\/\/thepueblatimes.mx\/index.php\/wp-json\/wp\/v2\/posts\/14415\/revisions"}],"predecessor-version":[{"id":14418,"href":"https:\/\/thepueblatimes.mx\/index.php\/wp-json\/wp\/v2\/posts\/14415\/revisions\/14418"}],"wp:featuredmedia":[{"embeddable":true,"href":"https:\/\/thepueblatimes.mx\/index.php\/wp-json\/wp\/v2\/media\/14416"}],"wp:attachment":[{"href":"https:\/\/thepueblatimes.mx\/index.php\/wp-json\/wp\/v2\/media?parent=14415"}],"wp:term":[{"taxonomy":"category","embeddable":true,"href":"https:\/\/thepueblatimes.mx\/index.php\/wp-json\/wp\/v2\/categories?post=14415"},{"taxonomy":"post_tag","embeddable":true,"href":"https:\/\/thepueblatimes.mx\/index.php\/wp-json\/wp\/v2\/tags?post=14415"}],"curies":[{"name":"wp","href":"https:\/\/api.w.org\/{rel}","templated":true}]}}