{"id":14394,"date":"2021-07-07T23:11:50","date_gmt":"2021-07-08T04:11:50","guid":{"rendered":"https:\/\/thepueblatimes.mx\/?p=14394"},"modified":"2021-07-07T23:11:50","modified_gmt":"2021-07-08T04:11:50","slug":"matan-a-machetazos-a-medico-de-la-comunidad-de-piaxtla","status":"publish","type":"post","link":"https:\/\/thepueblatimes.mx\/index.php\/2021\/07\/07\/matan-a-machetazos-a-medico-de-la-comunidad-de-piaxtla\/","title":{"rendered":"Matan a machetazos a m\u00e9dico de la comunidad de Piaxtla"},"content":{"rendered":"<p>Piaxtla, Pue.- Un hombre de unos <strong>30 a\u00f1os de edad, de profesi\u00f3n m\u00e9dico fue asesinado a machetazos afuera de su domicilio particular ubicado en la junta auxiliar de El Progreso, perteneciente al municipio de Piaxtla<\/strong>.<\/p>\n<p>Vecinos reportaron el deceso del masculino identificado como <strong>Jes\u00fas N., de oficio m\u00e9dico, quien presentaba heridas en el cr\u00e1neo y rostro provocadas por un machete.<\/strong><\/p>\n<p><strong>Al hombre lo <\/strong>encontraron tirado sobre la calle 5 de mayo a unos pasos de su domicilio durante la noche del martes.<\/p>\n<p>Hasta el momento se desconoce el m\u00f3vil de los hechos, sin embargo, existe una versi\u00f3n en el que indica que, el hoy occiso habr\u00eda descendido de su veh\u00edculo para poder ingresar al domicilio, cuando fue atacado por un sujeto el cual se ignora su identidad.<\/p>\n<p>Sin embargo el ataque ha causado consternaci\u00f3n en la zona, donde inclusive vecinos de la regi\u00f3n planean una marcha en contra del atroz crimen.<\/p>\n<div class=\"row publi-cont\"><\/div>\n","protected":false},"excerpt":{"rendered":"<p>Piaxtla, Pue.- Un hombre de unos 30 a\u00f1os de edad, de profesi\u00f3n m\u00e9dico fue asesinado a machetazos afuera de su domicilio particular ubicado en la junta auxiliar de El Progreso, perteneciente al municipio de Piaxtla. Vecinos reportaron el deceso del masculino identificado como Jes\u00fas N., de oficio m\u00e9dico, quien presentaba heridas en el cr\u00e1neo y&#8230;<\/p>\n","protected":false},"author":15,"featured_media":14395,"comment_status":"open","ping_status":"open","sticky":false,"template":"","format":"standard","meta":[],"categories":[20],"tags":[49],"yoast_head":"<!-- This site is optimized with the Yoast SEO plugin v20.8 - https:\/\/yoast.com\/wordpress\/plugins\/seo\/ -->\n<title>Matan a machetazos a m\u00e9dico de la comunidad de Piaxtla - The Puebla Times<\/title>\n<meta name=\"robots\" content=\"index, follow, max-snippet:-1, max-image-preview:large, max-video-preview:-1\" \/>\n<link rel=\"canonical\" href=\"https:\/\/thepueblatimes.mx\/index.php\/2021\/07\/07\/matan-a-machetazos-a-medico-de-la-comunidad-de-piaxtla\/\" \/>\n<meta property=\"og:locale\" content=\"es_ES\" \/>\n<meta property=\"og:type\" content=\"article\" \/>\n<meta property=\"og:title\" content=\"Matan a machetazos a m\u00e9dico de la comunidad de Piaxtla - The Puebla Times\" \/>\n<meta property=\"og:description\" content=\"Piaxtla, Pue.- Un hombre de unos 30 a\u00f1os de edad, de profesi\u00f3n m\u00e9dico fue asesinado a machetazos afuera de su domicilio particular ubicado en la junta auxiliar de El Progreso, perteneciente al municipio de Piaxtla. Vecinos reportaron el deceso del masculino identificado como Jes\u00fas N., de oficio m\u00e9dico, quien presentaba heridas en el cr\u00e1neo y...\" \/>\n<meta property=\"og:url\" content=\"https:\/\/thepueblatimes.mx\/index.php\/2021\/07\/07\/matan-a-machetazos-a-medico-de-la-comunidad-de-piaxtla\/\" \/>\n<meta property=\"og:site_name\" content=\"The Puebla Times\" \/>\n<meta property=\"article:published_time\" content=\"2021-07-08T04:11:50+00:00\" \/>\n<meta property=\"og:image\" content=\"https:\/\/thepueblatimes.mx\/wp-content\/uploads\/2021\/07\/73A0354C-B20E-47C6-900D-541A73DAD4EF.jpeg\" \/>\n\t<meta property=\"og:image:width\" content=\"707\" \/>\n\t<meta property=\"og:image:height\" content=\"364\" \/>\n\t<meta property=\"og:image:type\" content=\"image\/jpeg\" \/>\n<meta name=\"author\" content=\"Francisco S\u00e1nchez Nolasco\" \/>\n<meta name=\"twitter:card\" content=\"summary_large_image\" \/>\n<meta name=\"twitter:label1\" content=\"Escrito por\" \/>\n\t<meta name=\"twitter:data1\" content=\"Francisco S\u00e1nchez Nolasco\" \/>\n\t<meta name=\"twitter:label2\" content=\"Tiempo de lectura\" \/>\n\t<meta name=\"twitter:data2\" content=\"1 minuto\" \/>\n<script type=\"application\/ld+json\" class=\"yoast-schema-graph\">{\"@context\":\"https:\/\/schema.org\",\"@graph\":[{\"@type\":\"WebPage\",\"@id\":\"https:\/\/thepueblatimes.mx\/index.php\/2021\/07\/07\/matan-a-machetazos-a-medico-de-la-comunidad-de-piaxtla\/\",\"url\":\"https:\/\/thepueblatimes.mx\/index.php\/2021\/07\/07\/matan-a-machetazos-a-medico-de-la-comunidad-de-piaxtla\/\",\"name\":\"Matan a machetazos a m\u00e9dico de la comunidad de Piaxtla - The Puebla Times\",\"isPartOf\":{\"@id\":\"https:\/\/thepueblatimes.mx\/#website\"},\"datePublished\":\"2021-07-08T04:11:50+00:00\",\"dateModified\":\"2021-07-08T04:11:50+00:00\",\"author\":{\"@id\":\"https:\/\/thepueblatimes.mx\/#\/schema\/person\/7bdf2adbc50078b104bba72b5612f774\"},\"breadcrumb\":{\"@id\":\"https:\/\/thepueblatimes.mx\/index.php\/2021\/07\/07\/matan-a-machetazos-a-medico-de-la-comunidad-de-piaxtla\/#breadcrumb\"},\"inLanguage\":\"es\",\"potentialAction\":[{\"@type\":\"ReadAction\",\"target\":[\"https:\/\/thepueblatimes.mx\/index.php\/2021\/07\/07\/matan-a-machetazos-a-medico-de-la-comunidad-de-piaxtla\/\"]}]},{\"@type\":\"BreadcrumbList\",\"@id\":\"https:\/\/thepueblatimes.mx\/index.php\/2021\/07\/07\/matan-a-machetazos-a-medico-de-la-comunidad-de-piaxtla\/#breadcrumb\",\"itemListElement\":[{\"@type\":\"ListItem\",\"position\":1,\"name\":\"Portada\",\"item\":\"https:\/\/thepueblatimes.mx\/\"},{\"@type\":\"ListItem\",\"position\":2,\"name\":\"Matan a machetazos a m\u00e9dico de la comunidad de Piaxtla\"}]},{\"@type\":\"WebSite\",\"@id\":\"https:\/\/thepueblatimes.mx\/#website\",\"url\":\"https:\/\/thepueblatimes.mx\/\",\"name\":\"The Puebla Times\",\"description\":\"Noticias del Estado de Puebla\",\"potentialAction\":[{\"@type\":\"SearchAction\",\"target\":{\"@type\":\"EntryPoint\",\"urlTemplate\":\"https:\/\/thepueblatimes.mx\/?s={search_term_string}\"},\"query-input\":\"required name=search_term_string\"}],\"inLanguage\":\"es\"},{\"@type\":\"Person\",\"@id\":\"https:\/\/thepueblatimes.mx\/#\/schema\/person\/7bdf2adbc50078b104bba72b5612f774\",\"name\":\"Francisco S\u00e1nchez Nolasco\",\"image\":{\"@type\":\"ImageObject\",\"inLanguage\":\"es\",\"@id\":\"https:\/\/thepueblatimes.mx\/#\/schema\/person\/image\/\",\"url\":\"https:\/\/secure.gravatar.com\/avatar\/6061d7d20b38bc2742a5218401b198d2?s=96&d=mm&r=g\",\"contentUrl\":\"https:\/\/secure.gravatar.com\/avatar\/6061d7d20b38bc2742a5218401b198d2?s=96&d=mm&r=g\",\"caption\":\"Francisco S\u00e1nchez Nolasco\"},\"url\":\"https:\/\/thepueblatimes.mx\/index.php\/author\/marianitha-reyes\/\"}]}<\/script>\n<!-- \/ Yoast SEO plugin. -->","yoast_head_json":{"title":"Matan a machetazos a m\u00e9dico de la comunidad de Piaxtla - The Puebla Times","robots":{"index":"index","follow":"follow","max-snippet":"max-snippet:-1","max-image-preview":"max-image-preview:large","max-video-preview":"max-video-preview:-1"},"canonical":"https:\/\/thepueblatimes.mx\/index.php\/2021\/07\/07\/matan-a-machetazos-a-medico-de-la-comunidad-de-piaxtla\/","og_locale":"es_ES","og_type":"article","og_title":"Matan a machetazos a m\u00e9dico de la comunidad de Piaxtla - The Puebla Times","og_description":"Piaxtla, Pue.- Un hombre de unos 30 a\u00f1os de edad, de profesi\u00f3n m\u00e9dico fue asesinado a machetazos afuera de su domicilio particular ubicado en la junta auxiliar de El Progreso, perteneciente al municipio de Piaxtla. Vecinos reportaron el deceso del masculino identificado como Jes\u00fas N., de oficio m\u00e9dico, quien presentaba heridas en el cr\u00e1neo y...","og_url":"https:\/\/thepueblatimes.mx\/index.php\/2021\/07\/07\/matan-a-machetazos-a-medico-de-la-comunidad-de-piaxtla\/","og_site_name":"The Puebla Times","article_published_time":"2021-07-08T04:11:50+00:00","og_image":[{"width":707,"height":364,"url":"https:\/\/thepueblatimes.mx\/wp-content\/uploads\/2021\/07\/73A0354C-B20E-47C6-900D-541A73DAD4EF.jpeg","type":"image\/jpeg"}],"author":"Francisco S\u00e1nchez Nolasco","twitter_card":"summary_large_image","twitter_misc":{"Escrito por":"Francisco S\u00e1nchez Nolasco","Tiempo de lectura":"1 minuto"},"schema":{"@context":"https:\/\/schema.org","@graph":[{"@type":"WebPage","@id":"https:\/\/thepueblatimes.mx\/index.php\/2021\/07\/07\/matan-a-machetazos-a-medico-de-la-comunidad-de-piaxtla\/","url":"https:\/\/thepueblatimes.mx\/index.php\/2021\/07\/07\/matan-a-machetazos-a-medico-de-la-comunidad-de-piaxtla\/","name":"Matan a machetazos a m\u00e9dico de la comunidad de Piaxtla - The Puebla Times","isPartOf":{"@id":"https:\/\/thepueblatimes.mx\/#website"},"datePublished":"2021-07-08T04:11:50+00:00","dateModified":"2021-07-08T04:11:50+00:00","author":{"@id":"https:\/\/thepueblatimes.mx\/#\/schema\/person\/7bdf2adbc50078b104bba72b5612f774"},"breadcrumb":{"@id":"https:\/\/thepueblatimes.mx\/index.php\/2021\/07\/07\/matan-a-machetazos-a-medico-de-la-comunidad-de-piaxtla\/#breadcrumb"},"inLanguage":"es","potentialAction":[{"@type":"ReadAction","target":["https:\/\/thepueblatimes.mx\/index.php\/2021\/07\/07\/matan-a-machetazos-a-medico-de-la-comunidad-de-piaxtla\/"]}]},{"@type":"BreadcrumbList","@id":"https:\/\/thepueblatimes.mx\/index.php\/2021\/07\/07\/matan-a-machetazos-a-medico-de-la-comunidad-de-piaxtla\/#breadcrumb","itemListElement":[{"@type":"ListItem","position":1,"name":"Portada","item":"https:\/\/thepueblatimes.mx\/"},{"@type":"ListItem","position":2,"name":"Matan a machetazos a m\u00e9dico de la comunidad de Piaxtla"}]},{"@type":"WebSite","@id":"https:\/\/thepueblatimes.mx\/#website","url":"https:\/\/thepueblatimes.mx\/","name":"The Puebla Times","description":"Noticias del Estado de Puebla","potentialAction":[{"@type":"SearchAction","target":{"@type":"EntryPoint","urlTemplate":"https:\/\/thepueblatimes.mx\/?s={search_term_string}"},"query-input":"required name=search_term_string"}],"inLanguage":"es"},{"@type":"Person","@id":"https:\/\/thepueblatimes.mx\/#\/schema\/person\/7bdf2adbc50078b104bba72b5612f774","name":"Francisco S\u00e1nchez Nolasco","image":{"@type":"ImageObject","inLanguage":"es","@id":"https:\/\/thepueblatimes.mx\/#\/schema\/person\/image\/","url":"https:\/\/secure.gravatar.com\/avatar\/6061d7d20b38bc2742a5218401b198d2?s=96&d=mm&r=g","contentUrl":"https:\/\/secure.gravatar.com\/avatar\/6061d7d20b38bc2742a5218401b198d2?s=96&d=mm&r=g","caption":"Francisco S\u00e1nchez Nolasco"},"url":"https:\/\/thepueblatimes.mx\/index.php\/author\/marianitha-reyes\/"}]}},"jetpack_featured_media_url":"https:\/\/thepueblatimes.mx\/wp-content\/uploads\/2021\/07\/73A0354C-B20E-47C6-900D-541A73DAD4EF.jpeg","_links":{"self":[{"href":"https:\/\/thepueblatimes.mx\/index.php\/wp-json\/wp\/v2\/posts\/14394"}],"collection":[{"href":"https:\/\/thepueblatimes.mx\/index.php\/wp-json\/wp\/v2\/posts"}],"about":[{"href":"https:\/\/thepueblatimes.mx\/index.php\/wp-json\/wp\/v2\/types\/post"}],"author":[{"embeddable":true,"href":"https:\/\/thepueblatimes.mx\/index.php\/wp-json\/wp\/v2\/users\/15"}],"replies":[{"embeddable":true,"href":"https:\/\/thepueblatimes.mx\/index.php\/wp-json\/wp\/v2\/comments?post=14394"}],"version-history":[{"count":1,"href":"https:\/\/thepueblatimes.mx\/index.php\/wp-json\/wp\/v2\/posts\/14394\/revisions"}],"predecessor-version":[{"id":14396,"href":"https:\/\/thepueblatimes.mx\/index.php\/wp-json\/wp\/v2\/posts\/14394\/revisions\/14396"}],"wp:featuredmedia":[{"embeddable":true,"href":"https:\/\/thepueblatimes.mx\/index.php\/wp-json\/wp\/v2\/media\/14395"}],"wp:attachment":[{"href":"https:\/\/thepueblatimes.mx\/index.php\/wp-json\/wp\/v2\/media?parent=14394"}],"wp:term":[{"taxonomy":"category","embeddable":true,"href":"https:\/\/thepueblatimes.mx\/index.php\/wp-json\/wp\/v2\/categories?post=14394"},{"taxonomy":"post_tag","embeddable":true,"href":"https:\/\/thepueblatimes.mx\/index.php\/wp-json\/wp\/v2\/tags?post=14394"}],"curies":[{"name":"wp","href":"https:\/\/api.w.org\/{rel}","templated":true}]}}