{"id":14254,"date":"2021-07-01T13:57:48","date_gmt":"2021-07-01T18:57:48","guid":{"rendered":"https:\/\/thepueblatimes.mx\/?p=14254"},"modified":"2021-07-01T13:57:48","modified_gmt":"2021-07-01T18:57:48","slug":"ladrones-saquean-de-madrugada-coppel-torrecillas-en-puebla","status":"publish","type":"post","link":"https:\/\/thepueblatimes.mx\/index.php\/2021\/07\/01\/ladrones-saquean-de-madrugada-coppel-torrecillas-en-puebla\/","title":{"rendered":"Ladrones saquean de madrugada Coppel Torrecillas en Puebla"},"content":{"rendered":"<p>Puebla, Pue.- <strong>Tel\u00e9fonos celulares y diversa mercanc\u00eda fueron robados por sujetos que lograron romper una de las puertas de la tienda Coppel Torrecillas,<\/strong> al sur de la ciudad de Puebla.<\/p>\n<p>El atraco se cometi\u00f3 la madrugada de este jueves en el inmueble que se localiza en la calle Nayarit y la avenida Las Torres.<\/p>\n<p>Sobre la mec\u00e1nica de los hechos se dio conocer que a<strong>l interior del inmueble se encontraban laborando unos alba\u00f1iles, cuando comenzaron a escuchar ruidos.\u00a0<\/strong><\/p>\n<p>Despu\u00e9s se percataron que al menos<strong> tres sujetos destrozaban la puerta trasera de la tienda departamental y se activ\u00f3 la alarma.\u00a0<\/strong><\/p>\n<p>Fue as\u00ed que los delincuentes irrumpieron en el lugar quienes se dirigieron al departamento de telefon\u00eda donde rompieron las vitrinas y sustrajeron varios equipos y tambi\u00e9n se apoderaron de art\u00edculos del \u00e1rea de perfumer\u00eda, entre otra mercanc\u00eda.<\/p>\n<p>Los presentes no se percataron en qu\u00e9 huyeron los responsables debido a que se resguardaron, pero dieron aviso a la gerencia de la tienda.<\/p>\n<p>El hecho fue atendido por los uniformados de la Secretar\u00eda de Seguridad Ciudadana de Puebla (SSC) quienes recopilaron la informaci\u00f3n de lo ocurrido.<\/p>\n<p>El monto de lo robado no se dio a conocer.<\/p>\n","protected":false},"excerpt":{"rendered":"<p>Puebla, Pue.- Tel\u00e9fonos celulares y diversa mercanc\u00eda fueron robados por sujetos que lograron romper una de las puertas de la tienda Coppel Torrecillas, al sur de la ciudad de Puebla. El atraco se cometi\u00f3 la madrugada de este jueves en el inmueble que se localiza en la calle Nayarit y la avenida Las Torres. Sobre&#8230;<\/p>\n","protected":false},"author":15,"featured_media":14255,"comment_status":"open","ping_status":"open","sticky":false,"template":"","format":"standard","meta":[],"categories":[20],"tags":[49],"yoast_head":"<!-- This site is optimized with the Yoast SEO plugin v20.8 - https:\/\/yoast.com\/wordpress\/plugins\/seo\/ -->\n<title>Ladrones saquean de madrugada Coppel Torrecillas en Puebla - The Puebla Times<\/title>\n<meta name=\"robots\" content=\"index, follow, max-snippet:-1, max-image-preview:large, max-video-preview:-1\" \/>\n<link rel=\"canonical\" href=\"https:\/\/thepueblatimes.mx\/index.php\/2021\/07\/01\/ladrones-saquean-de-madrugada-coppel-torrecillas-en-puebla\/\" \/>\n<meta property=\"og:locale\" content=\"es_ES\" \/>\n<meta property=\"og:type\" content=\"article\" \/>\n<meta property=\"og:title\" content=\"Ladrones saquean de madrugada Coppel Torrecillas en Puebla - The Puebla Times\" \/>\n<meta property=\"og:description\" content=\"Puebla, Pue.- Tel\u00e9fonos celulares y diversa mercanc\u00eda fueron robados por sujetos que lograron romper una de las puertas de la tienda Coppel Torrecillas, al sur de la ciudad de Puebla. El atraco se cometi\u00f3 la madrugada de este jueves en el inmueble que se localiza en la calle Nayarit y la avenida Las Torres. Sobre...\" \/>\n<meta property=\"og:url\" content=\"https:\/\/thepueblatimes.mx\/index.php\/2021\/07\/01\/ladrones-saquean-de-madrugada-coppel-torrecillas-en-puebla\/\" \/>\n<meta property=\"og:site_name\" content=\"The Puebla Times\" \/>\n<meta property=\"article:published_time\" content=\"2021-07-01T18:57:48+00:00\" \/>\n<meta property=\"og:image\" content=\"https:\/\/thepueblatimes.mx\/wp-content\/uploads\/2021\/07\/70E33846-245B-41BE-AE94-B689E76CC404.jpeg\" \/>\n\t<meta property=\"og:image:width\" content=\"768\" \/>\n\t<meta property=\"og:image:height\" content=\"479\" \/>\n\t<meta property=\"og:image:type\" content=\"image\/jpeg\" \/>\n<meta name=\"author\" content=\"Francisco S\u00e1nchez Nolasco\" \/>\n<meta name=\"twitter:card\" content=\"summary_large_image\" \/>\n<meta name=\"twitter:label1\" content=\"Escrito por\" \/>\n\t<meta name=\"twitter:data1\" content=\"Francisco S\u00e1nchez Nolasco\" \/>\n\t<meta name=\"twitter:label2\" content=\"Tiempo de lectura\" \/>\n\t<meta name=\"twitter:data2\" content=\"1 minuto\" \/>\n<script type=\"application\/ld+json\" class=\"yoast-schema-graph\">{\"@context\":\"https:\/\/schema.org\",\"@graph\":[{\"@type\":\"WebPage\",\"@id\":\"https:\/\/thepueblatimes.mx\/index.php\/2021\/07\/01\/ladrones-saquean-de-madrugada-coppel-torrecillas-en-puebla\/\",\"url\":\"https:\/\/thepueblatimes.mx\/index.php\/2021\/07\/01\/ladrones-saquean-de-madrugada-coppel-torrecillas-en-puebla\/\",\"name\":\"Ladrones saquean de madrugada Coppel Torrecillas en Puebla - The Puebla Times\",\"isPartOf\":{\"@id\":\"https:\/\/thepueblatimes.mx\/#website\"},\"datePublished\":\"2021-07-01T18:57:48+00:00\",\"dateModified\":\"2021-07-01T18:57:48+00:00\",\"author\":{\"@id\":\"https:\/\/thepueblatimes.mx\/#\/schema\/person\/7bdf2adbc50078b104bba72b5612f774\"},\"breadcrumb\":{\"@id\":\"https:\/\/thepueblatimes.mx\/index.php\/2021\/07\/01\/ladrones-saquean-de-madrugada-coppel-torrecillas-en-puebla\/#breadcrumb\"},\"inLanguage\":\"es\",\"potentialAction\":[{\"@type\":\"ReadAction\",\"target\":[\"https:\/\/thepueblatimes.mx\/index.php\/2021\/07\/01\/ladrones-saquean-de-madrugada-coppel-torrecillas-en-puebla\/\"]}]},{\"@type\":\"BreadcrumbList\",\"@id\":\"https:\/\/thepueblatimes.mx\/index.php\/2021\/07\/01\/ladrones-saquean-de-madrugada-coppel-torrecillas-en-puebla\/#breadcrumb\",\"itemListElement\":[{\"@type\":\"ListItem\",\"position\":1,\"name\":\"Portada\",\"item\":\"https:\/\/thepueblatimes.mx\/\"},{\"@type\":\"ListItem\",\"position\":2,\"name\":\"Ladrones saquean de madrugada Coppel Torrecillas en Puebla\"}]},{\"@type\":\"WebSite\",\"@id\":\"https:\/\/thepueblatimes.mx\/#website\",\"url\":\"https:\/\/thepueblatimes.mx\/\",\"name\":\"The Puebla Times\",\"description\":\"Noticias del Estado de Puebla\",\"potentialAction\":[{\"@type\":\"SearchAction\",\"target\":{\"@type\":\"EntryPoint\",\"urlTemplate\":\"https:\/\/thepueblatimes.mx\/?s={search_term_string}\"},\"query-input\":\"required name=search_term_string\"}],\"inLanguage\":\"es\"},{\"@type\":\"Person\",\"@id\":\"https:\/\/thepueblatimes.mx\/#\/schema\/person\/7bdf2adbc50078b104bba72b5612f774\",\"name\":\"Francisco S\u00e1nchez Nolasco\",\"image\":{\"@type\":\"ImageObject\",\"inLanguage\":\"es\",\"@id\":\"https:\/\/thepueblatimes.mx\/#\/schema\/person\/image\/\",\"url\":\"https:\/\/secure.gravatar.com\/avatar\/6061d7d20b38bc2742a5218401b198d2?s=96&d=mm&r=g\",\"contentUrl\":\"https:\/\/secure.gravatar.com\/avatar\/6061d7d20b38bc2742a5218401b198d2?s=96&d=mm&r=g\",\"caption\":\"Francisco S\u00e1nchez Nolasco\"},\"url\":\"https:\/\/thepueblatimes.mx\/index.php\/author\/marianitha-reyes\/\"}]}<\/script>\n<!-- \/ Yoast SEO plugin. -->","yoast_head_json":{"title":"Ladrones saquean de madrugada Coppel Torrecillas en Puebla - The Puebla Times","robots":{"index":"index","follow":"follow","max-snippet":"max-snippet:-1","max-image-preview":"max-image-preview:large","max-video-preview":"max-video-preview:-1"},"canonical":"https:\/\/thepueblatimes.mx\/index.php\/2021\/07\/01\/ladrones-saquean-de-madrugada-coppel-torrecillas-en-puebla\/","og_locale":"es_ES","og_type":"article","og_title":"Ladrones saquean de madrugada Coppel Torrecillas en Puebla - The Puebla Times","og_description":"Puebla, Pue.- Tel\u00e9fonos celulares y diversa mercanc\u00eda fueron robados por sujetos que lograron romper una de las puertas de la tienda Coppel Torrecillas, al sur de la ciudad de Puebla. El atraco se cometi\u00f3 la madrugada de este jueves en el inmueble que se localiza en la calle Nayarit y la avenida Las Torres. Sobre...","og_url":"https:\/\/thepueblatimes.mx\/index.php\/2021\/07\/01\/ladrones-saquean-de-madrugada-coppel-torrecillas-en-puebla\/","og_site_name":"The Puebla Times","article_published_time":"2021-07-01T18:57:48+00:00","og_image":[{"width":768,"height":479,"url":"https:\/\/thepueblatimes.mx\/wp-content\/uploads\/2021\/07\/70E33846-245B-41BE-AE94-B689E76CC404.jpeg","type":"image\/jpeg"}],"author":"Francisco S\u00e1nchez Nolasco","twitter_card":"summary_large_image","twitter_misc":{"Escrito por":"Francisco S\u00e1nchez Nolasco","Tiempo de lectura":"1 minuto"},"schema":{"@context":"https:\/\/schema.org","@graph":[{"@type":"WebPage","@id":"https:\/\/thepueblatimes.mx\/index.php\/2021\/07\/01\/ladrones-saquean-de-madrugada-coppel-torrecillas-en-puebla\/","url":"https:\/\/thepueblatimes.mx\/index.php\/2021\/07\/01\/ladrones-saquean-de-madrugada-coppel-torrecillas-en-puebla\/","name":"Ladrones saquean de madrugada Coppel Torrecillas en Puebla - The Puebla Times","isPartOf":{"@id":"https:\/\/thepueblatimes.mx\/#website"},"datePublished":"2021-07-01T18:57:48+00:00","dateModified":"2021-07-01T18:57:48+00:00","author":{"@id":"https:\/\/thepueblatimes.mx\/#\/schema\/person\/7bdf2adbc50078b104bba72b5612f774"},"breadcrumb":{"@id":"https:\/\/thepueblatimes.mx\/index.php\/2021\/07\/01\/ladrones-saquean-de-madrugada-coppel-torrecillas-en-puebla\/#breadcrumb"},"inLanguage":"es","potentialAction":[{"@type":"ReadAction","target":["https:\/\/thepueblatimes.mx\/index.php\/2021\/07\/01\/ladrones-saquean-de-madrugada-coppel-torrecillas-en-puebla\/"]}]},{"@type":"BreadcrumbList","@id":"https:\/\/thepueblatimes.mx\/index.php\/2021\/07\/01\/ladrones-saquean-de-madrugada-coppel-torrecillas-en-puebla\/#breadcrumb","itemListElement":[{"@type":"ListItem","position":1,"name":"Portada","item":"https:\/\/thepueblatimes.mx\/"},{"@type":"ListItem","position":2,"name":"Ladrones saquean de madrugada Coppel Torrecillas en Puebla"}]},{"@type":"WebSite","@id":"https:\/\/thepueblatimes.mx\/#website","url":"https:\/\/thepueblatimes.mx\/","name":"The Puebla Times","description":"Noticias del Estado de Puebla","potentialAction":[{"@type":"SearchAction","target":{"@type":"EntryPoint","urlTemplate":"https:\/\/thepueblatimes.mx\/?s={search_term_string}"},"query-input":"required name=search_term_string"}],"inLanguage":"es"},{"@type":"Person","@id":"https:\/\/thepueblatimes.mx\/#\/schema\/person\/7bdf2adbc50078b104bba72b5612f774","name":"Francisco S\u00e1nchez Nolasco","image":{"@type":"ImageObject","inLanguage":"es","@id":"https:\/\/thepueblatimes.mx\/#\/schema\/person\/image\/","url":"https:\/\/secure.gravatar.com\/avatar\/6061d7d20b38bc2742a5218401b198d2?s=96&d=mm&r=g","contentUrl":"https:\/\/secure.gravatar.com\/avatar\/6061d7d20b38bc2742a5218401b198d2?s=96&d=mm&r=g","caption":"Francisco S\u00e1nchez Nolasco"},"url":"https:\/\/thepueblatimes.mx\/index.php\/author\/marianitha-reyes\/"}]}},"jetpack_featured_media_url":"https:\/\/thepueblatimes.mx\/wp-content\/uploads\/2021\/07\/70E33846-245B-41BE-AE94-B689E76CC404.jpeg","_links":{"self":[{"href":"https:\/\/thepueblatimes.mx\/index.php\/wp-json\/wp\/v2\/posts\/14254"}],"collection":[{"href":"https:\/\/thepueblatimes.mx\/index.php\/wp-json\/wp\/v2\/posts"}],"about":[{"href":"https:\/\/thepueblatimes.mx\/index.php\/wp-json\/wp\/v2\/types\/post"}],"author":[{"embeddable":true,"href":"https:\/\/thepueblatimes.mx\/index.php\/wp-json\/wp\/v2\/users\/15"}],"replies":[{"embeddable":true,"href":"https:\/\/thepueblatimes.mx\/index.php\/wp-json\/wp\/v2\/comments?post=14254"}],"version-history":[{"count":1,"href":"https:\/\/thepueblatimes.mx\/index.php\/wp-json\/wp\/v2\/posts\/14254\/revisions"}],"predecessor-version":[{"id":14256,"href":"https:\/\/thepueblatimes.mx\/index.php\/wp-json\/wp\/v2\/posts\/14254\/revisions\/14256"}],"wp:featuredmedia":[{"embeddable":true,"href":"https:\/\/thepueblatimes.mx\/index.php\/wp-json\/wp\/v2\/media\/14255"}],"wp:attachment":[{"href":"https:\/\/thepueblatimes.mx\/index.php\/wp-json\/wp\/v2\/media?parent=14254"}],"wp:term":[{"taxonomy":"category","embeddable":true,"href":"https:\/\/thepueblatimes.mx\/index.php\/wp-json\/wp\/v2\/categories?post=14254"},{"taxonomy":"post_tag","embeddable":true,"href":"https:\/\/thepueblatimes.mx\/index.php\/wp-json\/wp\/v2\/tags?post=14254"}],"curies":[{"name":"wp","href":"https:\/\/api.w.org\/{rel}","templated":true}]}}