{"id":14251,"date":"2021-07-01T13:55:24","date_gmt":"2021-07-01T18:55:24","guid":{"rendered":"https:\/\/thepueblatimes.mx\/?p=14251"},"modified":"2021-07-01T13:55:24","modified_gmt":"2021-07-01T18:55:24","slug":"hallan-sin-vida-a-menor-arrastrado-por-la-corriente-en-acajete","status":"publish","type":"post","link":"https:\/\/thepueblatimes.mx\/index.php\/2021\/07\/01\/hallan-sin-vida-a-menor-arrastrado-por-la-corriente-en-acajete\/","title":{"rendered":"Hallan sin vida a menor arrastrado por la corriente en Acajete"},"content":{"rendered":"<p>Acajete, Pue.- El menor de edad que cay\u00f3 a una barranca en el municipio de Acajete, fue hallado sin vida en Tepeaca.<\/p>\n<p><strong>Anoche, los vecinos de la comunidad de La Magdalena T\u00e9tela, se pusieron en alerta luego de que un ni\u00f1o cay\u00f3 a la barranca el Texis<\/strong>, y fue arrastrado por la <strong>corriente que aument\u00f3 por las lluvias de las \u00faltimas horas. <\/strong><\/p>\n<p>La gente se moviliz\u00f3 y organiz\u00f3 grupos para recorrer laderas y otros barrancos de la demarcaci\u00f3n, sin embargo, <strong>debido a la oscuridad y la lluvia, determinaron que la b\u00fasqueda se reanudar\u00eda esta ma\u00f1ana.\u00a0 <\/strong><\/p>\n<p>A estas tareas se sumaron Bomberos de la Secretar\u00eda de Seguridad P\u00fablica Estatal (SSP) quienes esta ma\u00f1ana ubicaron el cuerpo sin vida del menor de edad.<\/p>\n<p><strong>El hallazgo se realiz\u00f3 en una barranca de la comunidad de San Bartolom\u00e9 Hueyapan, en el municipio de Tepeaca.<\/strong><\/p>\n<p>Se presume que el menor intentaba cruzar la barranca cuando la corriente lo arrastr\u00f3 varios kil\u00f3metros y as\u00ed perdi\u00f3 la vida.<\/p>\n<p>El occiso ha sido identificado como <strong>Oscar N., de 13 a\u00f1os, originario de La Magdalena T\u00e9tela, Acajete.<\/strong><\/p>\n","protected":false},"excerpt":{"rendered":"<p>Acajete, Pue.- El menor de edad que cay\u00f3 a una barranca en el municipio de Acajete, fue hallado sin vida en Tepeaca. Anoche, los vecinos de la comunidad de La Magdalena T\u00e9tela, se pusieron en alerta luego de que un ni\u00f1o cay\u00f3 a la barranca el Texis, y fue arrastrado por la corriente que aument\u00f3&#8230;<\/p>\n","protected":false},"author":15,"featured_media":14252,"comment_status":"open","ping_status":"open","sticky":false,"template":"","format":"standard","meta":[],"categories":[20],"tags":[49],"yoast_head":"<!-- This site is optimized with the Yoast SEO plugin v20.8 - https:\/\/yoast.com\/wordpress\/plugins\/seo\/ -->\n<title>Hallan sin vida a menor arrastrado por la corriente en Acajete - The Puebla Times<\/title>\n<meta name=\"robots\" content=\"index, follow, max-snippet:-1, max-image-preview:large, max-video-preview:-1\" \/>\n<link rel=\"canonical\" href=\"https:\/\/thepueblatimes.mx\/index.php\/2021\/07\/01\/hallan-sin-vida-a-menor-arrastrado-por-la-corriente-en-acajete\/\" \/>\n<meta property=\"og:locale\" content=\"es_ES\" \/>\n<meta property=\"og:type\" content=\"article\" \/>\n<meta property=\"og:title\" content=\"Hallan sin vida a menor arrastrado por la corriente en Acajete - The Puebla Times\" \/>\n<meta property=\"og:description\" content=\"Acajete, Pue.- El menor de edad que cay\u00f3 a una barranca en el municipio de Acajete, fue hallado sin vida en Tepeaca. Anoche, los vecinos de la comunidad de La Magdalena T\u00e9tela, se pusieron en alerta luego de que un ni\u00f1o cay\u00f3 a la barranca el Texis, y fue arrastrado por la corriente que aument\u00f3...\" \/>\n<meta property=\"og:url\" content=\"https:\/\/thepueblatimes.mx\/index.php\/2021\/07\/01\/hallan-sin-vida-a-menor-arrastrado-por-la-corriente-en-acajete\/\" \/>\n<meta property=\"og:site_name\" content=\"The Puebla Times\" \/>\n<meta property=\"article:published_time\" content=\"2021-07-01T18:55:24+00:00\" \/>\n<meta property=\"og:image\" content=\"https:\/\/thepueblatimes.mx\/wp-content\/uploads\/2021\/07\/EA6CDDA2-754E-472B-B2B7-7931E90BC7B5.jpeg\" \/>\n\t<meta property=\"og:image:width\" content=\"680\" \/>\n\t<meta property=\"og:image:height\" content=\"510\" \/>\n\t<meta property=\"og:image:type\" content=\"image\/jpeg\" \/>\n<meta name=\"author\" content=\"Francisco S\u00e1nchez Nolasco\" \/>\n<meta name=\"twitter:card\" content=\"summary_large_image\" \/>\n<meta name=\"twitter:label1\" content=\"Escrito por\" \/>\n\t<meta name=\"twitter:data1\" content=\"Francisco S\u00e1nchez Nolasco\" \/>\n\t<meta name=\"twitter:label2\" content=\"Tiempo de lectura\" \/>\n\t<meta name=\"twitter:data2\" content=\"1 minuto\" \/>\n<script type=\"application\/ld+json\" class=\"yoast-schema-graph\">{\"@context\":\"https:\/\/schema.org\",\"@graph\":[{\"@type\":\"WebPage\",\"@id\":\"https:\/\/thepueblatimes.mx\/index.php\/2021\/07\/01\/hallan-sin-vida-a-menor-arrastrado-por-la-corriente-en-acajete\/\",\"url\":\"https:\/\/thepueblatimes.mx\/index.php\/2021\/07\/01\/hallan-sin-vida-a-menor-arrastrado-por-la-corriente-en-acajete\/\",\"name\":\"Hallan sin vida a menor arrastrado por la corriente en Acajete - The Puebla Times\",\"isPartOf\":{\"@id\":\"https:\/\/thepueblatimes.mx\/#website\"},\"datePublished\":\"2021-07-01T18:55:24+00:00\",\"dateModified\":\"2021-07-01T18:55:24+00:00\",\"author\":{\"@id\":\"https:\/\/thepueblatimes.mx\/#\/schema\/person\/7bdf2adbc50078b104bba72b5612f774\"},\"breadcrumb\":{\"@id\":\"https:\/\/thepueblatimes.mx\/index.php\/2021\/07\/01\/hallan-sin-vida-a-menor-arrastrado-por-la-corriente-en-acajete\/#breadcrumb\"},\"inLanguage\":\"es\",\"potentialAction\":[{\"@type\":\"ReadAction\",\"target\":[\"https:\/\/thepueblatimes.mx\/index.php\/2021\/07\/01\/hallan-sin-vida-a-menor-arrastrado-por-la-corriente-en-acajete\/\"]}]},{\"@type\":\"BreadcrumbList\",\"@id\":\"https:\/\/thepueblatimes.mx\/index.php\/2021\/07\/01\/hallan-sin-vida-a-menor-arrastrado-por-la-corriente-en-acajete\/#breadcrumb\",\"itemListElement\":[{\"@type\":\"ListItem\",\"position\":1,\"name\":\"Portada\",\"item\":\"https:\/\/thepueblatimes.mx\/\"},{\"@type\":\"ListItem\",\"position\":2,\"name\":\"Hallan sin vida a menor arrastrado por la corriente en Acajete\"}]},{\"@type\":\"WebSite\",\"@id\":\"https:\/\/thepueblatimes.mx\/#website\",\"url\":\"https:\/\/thepueblatimes.mx\/\",\"name\":\"The Puebla Times\",\"description\":\"Noticias del Estado de Puebla\",\"potentialAction\":[{\"@type\":\"SearchAction\",\"target\":{\"@type\":\"EntryPoint\",\"urlTemplate\":\"https:\/\/thepueblatimes.mx\/?s={search_term_string}\"},\"query-input\":\"required name=search_term_string\"}],\"inLanguage\":\"es\"},{\"@type\":\"Person\",\"@id\":\"https:\/\/thepueblatimes.mx\/#\/schema\/person\/7bdf2adbc50078b104bba72b5612f774\",\"name\":\"Francisco S\u00e1nchez Nolasco\",\"image\":{\"@type\":\"ImageObject\",\"inLanguage\":\"es\",\"@id\":\"https:\/\/thepueblatimes.mx\/#\/schema\/person\/image\/\",\"url\":\"https:\/\/secure.gravatar.com\/avatar\/6061d7d20b38bc2742a5218401b198d2?s=96&d=mm&r=g\",\"contentUrl\":\"https:\/\/secure.gravatar.com\/avatar\/6061d7d20b38bc2742a5218401b198d2?s=96&d=mm&r=g\",\"caption\":\"Francisco S\u00e1nchez Nolasco\"},\"url\":\"https:\/\/thepueblatimes.mx\/index.php\/author\/marianitha-reyes\/\"}]}<\/script>\n<!-- \/ Yoast SEO plugin. -->","yoast_head_json":{"title":"Hallan sin vida a menor arrastrado por la corriente en Acajete - The Puebla Times","robots":{"index":"index","follow":"follow","max-snippet":"max-snippet:-1","max-image-preview":"max-image-preview:large","max-video-preview":"max-video-preview:-1"},"canonical":"https:\/\/thepueblatimes.mx\/index.php\/2021\/07\/01\/hallan-sin-vida-a-menor-arrastrado-por-la-corriente-en-acajete\/","og_locale":"es_ES","og_type":"article","og_title":"Hallan sin vida a menor arrastrado por la corriente en Acajete - The Puebla Times","og_description":"Acajete, Pue.- El menor de edad que cay\u00f3 a una barranca en el municipio de Acajete, fue hallado sin vida en Tepeaca. Anoche, los vecinos de la comunidad de La Magdalena T\u00e9tela, se pusieron en alerta luego de que un ni\u00f1o cay\u00f3 a la barranca el Texis, y fue arrastrado por la corriente que aument\u00f3...","og_url":"https:\/\/thepueblatimes.mx\/index.php\/2021\/07\/01\/hallan-sin-vida-a-menor-arrastrado-por-la-corriente-en-acajete\/","og_site_name":"The Puebla Times","article_published_time":"2021-07-01T18:55:24+00:00","og_image":[{"width":680,"height":510,"url":"https:\/\/thepueblatimes.mx\/wp-content\/uploads\/2021\/07\/EA6CDDA2-754E-472B-B2B7-7931E90BC7B5.jpeg","type":"image\/jpeg"}],"author":"Francisco S\u00e1nchez Nolasco","twitter_card":"summary_large_image","twitter_misc":{"Escrito por":"Francisco S\u00e1nchez Nolasco","Tiempo de lectura":"1 minuto"},"schema":{"@context":"https:\/\/schema.org","@graph":[{"@type":"WebPage","@id":"https:\/\/thepueblatimes.mx\/index.php\/2021\/07\/01\/hallan-sin-vida-a-menor-arrastrado-por-la-corriente-en-acajete\/","url":"https:\/\/thepueblatimes.mx\/index.php\/2021\/07\/01\/hallan-sin-vida-a-menor-arrastrado-por-la-corriente-en-acajete\/","name":"Hallan sin vida a menor arrastrado por la corriente en Acajete - The Puebla Times","isPartOf":{"@id":"https:\/\/thepueblatimes.mx\/#website"},"datePublished":"2021-07-01T18:55:24+00:00","dateModified":"2021-07-01T18:55:24+00:00","author":{"@id":"https:\/\/thepueblatimes.mx\/#\/schema\/person\/7bdf2adbc50078b104bba72b5612f774"},"breadcrumb":{"@id":"https:\/\/thepueblatimes.mx\/index.php\/2021\/07\/01\/hallan-sin-vida-a-menor-arrastrado-por-la-corriente-en-acajete\/#breadcrumb"},"inLanguage":"es","potentialAction":[{"@type":"ReadAction","target":["https:\/\/thepueblatimes.mx\/index.php\/2021\/07\/01\/hallan-sin-vida-a-menor-arrastrado-por-la-corriente-en-acajete\/"]}]},{"@type":"BreadcrumbList","@id":"https:\/\/thepueblatimes.mx\/index.php\/2021\/07\/01\/hallan-sin-vida-a-menor-arrastrado-por-la-corriente-en-acajete\/#breadcrumb","itemListElement":[{"@type":"ListItem","position":1,"name":"Portada","item":"https:\/\/thepueblatimes.mx\/"},{"@type":"ListItem","position":2,"name":"Hallan sin vida a menor arrastrado por la corriente en Acajete"}]},{"@type":"WebSite","@id":"https:\/\/thepueblatimes.mx\/#website","url":"https:\/\/thepueblatimes.mx\/","name":"The Puebla Times","description":"Noticias del Estado de Puebla","potentialAction":[{"@type":"SearchAction","target":{"@type":"EntryPoint","urlTemplate":"https:\/\/thepueblatimes.mx\/?s={search_term_string}"},"query-input":"required name=search_term_string"}],"inLanguage":"es"},{"@type":"Person","@id":"https:\/\/thepueblatimes.mx\/#\/schema\/person\/7bdf2adbc50078b104bba72b5612f774","name":"Francisco S\u00e1nchez Nolasco","image":{"@type":"ImageObject","inLanguage":"es","@id":"https:\/\/thepueblatimes.mx\/#\/schema\/person\/image\/","url":"https:\/\/secure.gravatar.com\/avatar\/6061d7d20b38bc2742a5218401b198d2?s=96&d=mm&r=g","contentUrl":"https:\/\/secure.gravatar.com\/avatar\/6061d7d20b38bc2742a5218401b198d2?s=96&d=mm&r=g","caption":"Francisco S\u00e1nchez Nolasco"},"url":"https:\/\/thepueblatimes.mx\/index.php\/author\/marianitha-reyes\/"}]}},"jetpack_featured_media_url":"https:\/\/thepueblatimes.mx\/wp-content\/uploads\/2021\/07\/EA6CDDA2-754E-472B-B2B7-7931E90BC7B5.jpeg","_links":{"self":[{"href":"https:\/\/thepueblatimes.mx\/index.php\/wp-json\/wp\/v2\/posts\/14251"}],"collection":[{"href":"https:\/\/thepueblatimes.mx\/index.php\/wp-json\/wp\/v2\/posts"}],"about":[{"href":"https:\/\/thepueblatimes.mx\/index.php\/wp-json\/wp\/v2\/types\/post"}],"author":[{"embeddable":true,"href":"https:\/\/thepueblatimes.mx\/index.php\/wp-json\/wp\/v2\/users\/15"}],"replies":[{"embeddable":true,"href":"https:\/\/thepueblatimes.mx\/index.php\/wp-json\/wp\/v2\/comments?post=14251"}],"version-history":[{"count":1,"href":"https:\/\/thepueblatimes.mx\/index.php\/wp-json\/wp\/v2\/posts\/14251\/revisions"}],"predecessor-version":[{"id":14253,"href":"https:\/\/thepueblatimes.mx\/index.php\/wp-json\/wp\/v2\/posts\/14251\/revisions\/14253"}],"wp:featuredmedia":[{"embeddable":true,"href":"https:\/\/thepueblatimes.mx\/index.php\/wp-json\/wp\/v2\/media\/14252"}],"wp:attachment":[{"href":"https:\/\/thepueblatimes.mx\/index.php\/wp-json\/wp\/v2\/media?parent=14251"}],"wp:term":[{"taxonomy":"category","embeddable":true,"href":"https:\/\/thepueblatimes.mx\/index.php\/wp-json\/wp\/v2\/categories?post=14251"},{"taxonomy":"post_tag","embeddable":true,"href":"https:\/\/thepueblatimes.mx\/index.php\/wp-json\/wp\/v2\/tags?post=14251"}],"curies":[{"name":"wp","href":"https:\/\/api.w.org\/{rel}","templated":true}]}}