{"id":1425,"date":"2020-07-18T10:41:01","date_gmt":"2020-07-18T15:41:01","guid":{"rendered":"https:\/\/thepueblatimes.mx\/?p=1425"},"modified":"2020-07-18T10:41:01","modified_gmt":"2020-07-18T15:41:01","slug":"aguas-refrescos-de-cola-pueden-causarte-alzheimer","status":"publish","type":"post","link":"https:\/\/thepueblatimes.mx\/index.php\/2020\/07\/18\/aguas-refrescos-de-cola-pueden-causarte-alzheimer\/","title":{"rendered":"\u00a1Aguas! Refrescos de cola pueden causarte Alzheimer"},"content":{"rendered":"<p>Luego de que el farmac\u00e9utico Jonh Stith creara en 1886 el primer refresco de cola, el cual fue pensado m\u00e1s como un medicamento que como una bebida de consumo diario, en la actualidad mucho difiere esa bebida que m\u00e1s que ayudar a aliviar problemas digestivos y dotar de enrg\u00eda, puede contribuir a que padezcas sobrepeso, obesidad, diabetes, c\u00e1lculos renales, asma, descalcificaci\u00f3n, anemia, depresi\u00f3n, mala digesti\u00f3n, caries y hasta Alzheimer.<\/p>\n<p>Laura Moreno Altamirano, investigadora del Departamento de Salud P\u00fablica de la Facultad de Medicina de la UNAM, explic\u00f3 que la f\u00f3rmula exacta de su contenido no viene en la etiqueta, y algunas versiones afirman que s\u00f3lo dos personas conocen la misma.<\/p>\n<h3>Originalmente, ten\u00eda coca (planta end\u00e9mica de Per\u00fa) y cola (tra\u00edda de \u00c1frica), pero en Estados Unidos las prohibieron por considerarse adictivas.<\/h3>\n<p>La bebida conten\u00eda en total siete sustancias, por lo que se llam\u00f3 a la f\u00f3rmula 7X. Entre otras, ten\u00eda caramelo natural para darle color, pero al ser un ingrediente costoso lo omitieron, y se busc\u00f3 imitar su sabor a trav\u00e9s de qu\u00edmicos que resultaron m\u00e1s peligrosos que los originales.<\/p>\n<p>Se sabe que la mitad de su contenido es az\u00facar, y en condiciones normales un ser humano no puede ingerir esta cantidad porque vomitar\u00eda. Por ello, se le agreg\u00f3 \u00e1cido fosf\u00f3rico, sustancia da\u00f1ina que neutraliza el sabor dulce y hace posible beberla.<\/p>\n<p><img decoding=\"async\" loading=\"lazy\" class=\"alignnone wp-image-1428 size-full\" src=\"https:\/\/thepueblatimes.mx\/wp-content\/uploads\/2020\/07\/refresco-light-zero.jpg\" alt=\"\" width=\"980\" height=\"646\" srcset=\"https:\/\/thepueblatimes.mx\/wp-content\/uploads\/2020\/07\/refresco-light-zero.jpg 980w, https:\/\/thepueblatimes.mx\/wp-content\/uploads\/2020\/07\/refresco-light-zero-300x198.jpg 300w, https:\/\/thepueblatimes.mx\/wp-content\/uploads\/2020\/07\/refresco-light-zero-768x506.jpg 768w, https:\/\/thepueblatimes.mx\/wp-content\/uploads\/2020\/07\/refresco-light-zero-696x459.jpg 696w\" sizes=\"(max-width: 980px) 100vw, 980px\" \/><\/p>\n<p>El \u00e1cido fosf\u00f3rico provoca desmineralizaci\u00f3n \u00f3sea porque no permite la adecuada absorci\u00f3n del calcio al organismo, debilita los huesos sobre todo en sus caras internas, provoca disminuci\u00f3n de su densidad y promueve las fisuras y fracturas, e incluso, fomenta el desgaste del esmalte de los dientes y favorece las caries.<\/p>\n<p>Adem\u00e1s, la combinaci\u00f3n de este \u00e1cido con az\u00facar provoca dificultad para absorber el hierro, lo cual podr\u00eda generar anemia, mayor disposici\u00f3n para contraer infecciones, sobre todo en los ni\u00f1os, ancianos y mujeres embarazadas.<\/p>\n<p>El refresco tambi\u00e9n se ha asociado con la producci\u00f3n de c\u00e1lculos renales, y es un antioxidante muy potente, por ello se usa en plantas industriales y en casas para limpiar los ba\u00f1os y destapar tuber\u00edas.<\/p>\n<p>En cuanto a los refrescos de cola light, la experta subray\u00f3 que son muy da\u00f1inos, y si se consumen en grandes cantidades producir\u00edan da\u00f1os cerebrales, p\u00e9rdida de memoria, confusi\u00f3n mental, Alzheimer, da\u00f1os en la retina y al sistema nervioso.<\/p>\n","protected":false},"excerpt":{"rendered":"<p>Luego de que el farmac\u00e9utico Jonh Stith creara en 1886 el primer refresco de cola, el cual fue pensado m\u00e1s como un medicamento que como una bebida de consumo diario, en la actualidad mucho difiere esa bebida que m\u00e1s que ayudar a aliviar problemas digestivos y dotar de enrg\u00eda, puede contribuir a que padezcas sobrepeso,&#8230;<\/p>\n","protected":false},"author":4,"featured_media":1427,"comment_status":"open","ping_status":"open","sticky":false,"template":"","format":"standard","meta":[],"categories":[110],"tags":[],"yoast_head":"<!-- This site is optimized with the Yoast SEO plugin v20.8 - https:\/\/yoast.com\/wordpress\/plugins\/seo\/ -->\n<title>\u00a1Aguas! Refrescos de cola pueden causarte Alzheimer - The Puebla Times<\/title>\n<meta name=\"robots\" content=\"index, follow, max-snippet:-1, max-image-preview:large, max-video-preview:-1\" \/>\n<link rel=\"canonical\" href=\"https:\/\/thepueblatimes.mx\/index.php\/2020\/07\/18\/aguas-refrescos-de-cola-pueden-causarte-alzheimer\/\" \/>\n<meta property=\"og:locale\" content=\"es_ES\" \/>\n<meta property=\"og:type\" content=\"article\" \/>\n<meta property=\"og:title\" content=\"\u00a1Aguas! Refrescos de cola pueden causarte Alzheimer - The Puebla Times\" \/>\n<meta property=\"og:description\" content=\"Luego de que el farmac\u00e9utico Jonh Stith creara en 1886 el primer refresco de cola, el cual fue pensado m\u00e1s como un medicamento que como una bebida de consumo diario, en la actualidad mucho difiere esa bebida que m\u00e1s que ayudar a aliviar problemas digestivos y dotar de enrg\u00eda, puede contribuir a que padezcas sobrepeso,...\" \/>\n<meta property=\"og:url\" content=\"https:\/\/thepueblatimes.mx\/index.php\/2020\/07\/18\/aguas-refrescos-de-cola-pueden-causarte-alzheimer\/\" \/>\n<meta property=\"og:site_name\" content=\"The Puebla Times\" \/>\n<meta property=\"article:published_time\" content=\"2020-07-18T15:41:01+00:00\" \/>\n<meta property=\"og:image\" content=\"https:\/\/thepueblatimes.mx\/wp-content\/uploads\/2020\/07\/Screenshot-2020-07-18-at-10.26.26.png\" \/>\n\t<meta property=\"og:image:width\" content=\"777\" \/>\n\t<meta property=\"og:image:height\" content=\"448\" \/>\n\t<meta property=\"og:image:type\" content=\"image\/png\" \/>\n<meta name=\"author\" content=\"Marcos Guevara\" \/>\n<meta name=\"twitter:card\" content=\"summary_large_image\" \/>\n<meta name=\"twitter:label1\" content=\"Escrito por\" \/>\n\t<meta name=\"twitter:data1\" content=\"Marcos Guevara\" \/>\n\t<meta name=\"twitter:label2\" content=\"Tiempo de lectura\" \/>\n\t<meta name=\"twitter:data2\" content=\"2 minutos\" \/>\n<script type=\"application\/ld+json\" class=\"yoast-schema-graph\">{\"@context\":\"https:\/\/schema.org\",\"@graph\":[{\"@type\":\"WebPage\",\"@id\":\"https:\/\/thepueblatimes.mx\/index.php\/2020\/07\/18\/aguas-refrescos-de-cola-pueden-causarte-alzheimer\/\",\"url\":\"https:\/\/thepueblatimes.mx\/index.php\/2020\/07\/18\/aguas-refrescos-de-cola-pueden-causarte-alzheimer\/\",\"name\":\"\u00a1Aguas! Refrescos de cola pueden causarte Alzheimer - The Puebla Times\",\"isPartOf\":{\"@id\":\"https:\/\/thepueblatimes.mx\/#website\"},\"datePublished\":\"2020-07-18T15:41:01+00:00\",\"dateModified\":\"2020-07-18T15:41:01+00:00\",\"author\":{\"@id\":\"https:\/\/thepueblatimes.mx\/#\/schema\/person\/adbf065ee889f68194977e3499c4a51e\"},\"breadcrumb\":{\"@id\":\"https:\/\/thepueblatimes.mx\/index.php\/2020\/07\/18\/aguas-refrescos-de-cola-pueden-causarte-alzheimer\/#breadcrumb\"},\"inLanguage\":\"es\",\"potentialAction\":[{\"@type\":\"ReadAction\",\"target\":[\"https:\/\/thepueblatimes.mx\/index.php\/2020\/07\/18\/aguas-refrescos-de-cola-pueden-causarte-alzheimer\/\"]}]},{\"@type\":\"BreadcrumbList\",\"@id\":\"https:\/\/thepueblatimes.mx\/index.php\/2020\/07\/18\/aguas-refrescos-de-cola-pueden-causarte-alzheimer\/#breadcrumb\",\"itemListElement\":[{\"@type\":\"ListItem\",\"position\":1,\"name\":\"Portada\",\"item\":\"https:\/\/thepueblatimes.mx\/\"},{\"@type\":\"ListItem\",\"position\":2,\"name\":\"\u00a1Aguas! Refrescos de cola pueden causarte Alzheimer\"}]},{\"@type\":\"WebSite\",\"@id\":\"https:\/\/thepueblatimes.mx\/#website\",\"url\":\"https:\/\/thepueblatimes.mx\/\",\"name\":\"The Puebla Times\",\"description\":\"Noticias del Estado de Puebla\",\"potentialAction\":[{\"@type\":\"SearchAction\",\"target\":{\"@type\":\"EntryPoint\",\"urlTemplate\":\"https:\/\/thepueblatimes.mx\/?s={search_term_string}\"},\"query-input\":\"required name=search_term_string\"}],\"inLanguage\":\"es\"},{\"@type\":\"Person\",\"@id\":\"https:\/\/thepueblatimes.mx\/#\/schema\/person\/adbf065ee889f68194977e3499c4a51e\",\"name\":\"Marcos Guevara\",\"image\":{\"@type\":\"ImageObject\",\"inLanguage\":\"es\",\"@id\":\"https:\/\/thepueblatimes.mx\/#\/schema\/person\/image\/\",\"url\":\"https:\/\/secure.gravatar.com\/avatar\/c5d5853d70a8cf178bdfd28c1b8cdcdd?s=96&d=mm&r=g\",\"contentUrl\":\"https:\/\/secure.gravatar.com\/avatar\/c5d5853d70a8cf178bdfd28c1b8cdcdd?s=96&d=mm&r=g\",\"caption\":\"Marcos Guevara\"},\"url\":\"https:\/\/thepueblatimes.mx\/index.php\/author\/marcos-guevara\/\"}]}<\/script>\n<!-- \/ Yoast SEO plugin. -->","yoast_head_json":{"title":"\u00a1Aguas! Refrescos de cola pueden causarte Alzheimer - The Puebla Times","robots":{"index":"index","follow":"follow","max-snippet":"max-snippet:-1","max-image-preview":"max-image-preview:large","max-video-preview":"max-video-preview:-1"},"canonical":"https:\/\/thepueblatimes.mx\/index.php\/2020\/07\/18\/aguas-refrescos-de-cola-pueden-causarte-alzheimer\/","og_locale":"es_ES","og_type":"article","og_title":"\u00a1Aguas! Refrescos de cola pueden causarte Alzheimer - The Puebla Times","og_description":"Luego de que el farmac\u00e9utico Jonh Stith creara en 1886 el primer refresco de cola, el cual fue pensado m\u00e1s como un medicamento que como una bebida de consumo diario, en la actualidad mucho difiere esa bebida que m\u00e1s que ayudar a aliviar problemas digestivos y dotar de enrg\u00eda, puede contribuir a que padezcas sobrepeso,...","og_url":"https:\/\/thepueblatimes.mx\/index.php\/2020\/07\/18\/aguas-refrescos-de-cola-pueden-causarte-alzheimer\/","og_site_name":"The Puebla Times","article_published_time":"2020-07-18T15:41:01+00:00","og_image":[{"width":777,"height":448,"url":"https:\/\/thepueblatimes.mx\/wp-content\/uploads\/2020\/07\/Screenshot-2020-07-18-at-10.26.26.png","type":"image\/png"}],"author":"Marcos Guevara","twitter_card":"summary_large_image","twitter_misc":{"Escrito por":"Marcos Guevara","Tiempo de lectura":"2 minutos"},"schema":{"@context":"https:\/\/schema.org","@graph":[{"@type":"WebPage","@id":"https:\/\/thepueblatimes.mx\/index.php\/2020\/07\/18\/aguas-refrescos-de-cola-pueden-causarte-alzheimer\/","url":"https:\/\/thepueblatimes.mx\/index.php\/2020\/07\/18\/aguas-refrescos-de-cola-pueden-causarte-alzheimer\/","name":"\u00a1Aguas! Refrescos de cola pueden causarte Alzheimer - The Puebla Times","isPartOf":{"@id":"https:\/\/thepueblatimes.mx\/#website"},"datePublished":"2020-07-18T15:41:01+00:00","dateModified":"2020-07-18T15:41:01+00:00","author":{"@id":"https:\/\/thepueblatimes.mx\/#\/schema\/person\/adbf065ee889f68194977e3499c4a51e"},"breadcrumb":{"@id":"https:\/\/thepueblatimes.mx\/index.php\/2020\/07\/18\/aguas-refrescos-de-cola-pueden-causarte-alzheimer\/#breadcrumb"},"inLanguage":"es","potentialAction":[{"@type":"ReadAction","target":["https:\/\/thepueblatimes.mx\/index.php\/2020\/07\/18\/aguas-refrescos-de-cola-pueden-causarte-alzheimer\/"]}]},{"@type":"BreadcrumbList","@id":"https:\/\/thepueblatimes.mx\/index.php\/2020\/07\/18\/aguas-refrescos-de-cola-pueden-causarte-alzheimer\/#breadcrumb","itemListElement":[{"@type":"ListItem","position":1,"name":"Portada","item":"https:\/\/thepueblatimes.mx\/"},{"@type":"ListItem","position":2,"name":"\u00a1Aguas! Refrescos de cola pueden causarte Alzheimer"}]},{"@type":"WebSite","@id":"https:\/\/thepueblatimes.mx\/#website","url":"https:\/\/thepueblatimes.mx\/","name":"The Puebla Times","description":"Noticias del Estado de Puebla","potentialAction":[{"@type":"SearchAction","target":{"@type":"EntryPoint","urlTemplate":"https:\/\/thepueblatimes.mx\/?s={search_term_string}"},"query-input":"required name=search_term_string"}],"inLanguage":"es"},{"@type":"Person","@id":"https:\/\/thepueblatimes.mx\/#\/schema\/person\/adbf065ee889f68194977e3499c4a51e","name":"Marcos Guevara","image":{"@type":"ImageObject","inLanguage":"es","@id":"https:\/\/thepueblatimes.mx\/#\/schema\/person\/image\/","url":"https:\/\/secure.gravatar.com\/avatar\/c5d5853d70a8cf178bdfd28c1b8cdcdd?s=96&d=mm&r=g","contentUrl":"https:\/\/secure.gravatar.com\/avatar\/c5d5853d70a8cf178bdfd28c1b8cdcdd?s=96&d=mm&r=g","caption":"Marcos Guevara"},"url":"https:\/\/thepueblatimes.mx\/index.php\/author\/marcos-guevara\/"}]}},"jetpack_featured_media_url":"https:\/\/thepueblatimes.mx\/wp-content\/uploads\/2020\/07\/Screenshot-2020-07-18-at-10.26.26.png","_links":{"self":[{"href":"https:\/\/thepueblatimes.mx\/index.php\/wp-json\/wp\/v2\/posts\/1425"}],"collection":[{"href":"https:\/\/thepueblatimes.mx\/index.php\/wp-json\/wp\/v2\/posts"}],"about":[{"href":"https:\/\/thepueblatimes.mx\/index.php\/wp-json\/wp\/v2\/types\/post"}],"author":[{"embeddable":true,"href":"https:\/\/thepueblatimes.mx\/index.php\/wp-json\/wp\/v2\/users\/4"}],"replies":[{"embeddable":true,"href":"https:\/\/thepueblatimes.mx\/index.php\/wp-json\/wp\/v2\/comments?post=1425"}],"version-history":[{"count":1,"href":"https:\/\/thepueblatimes.mx\/index.php\/wp-json\/wp\/v2\/posts\/1425\/revisions"}],"predecessor-version":[{"id":1429,"href":"https:\/\/thepueblatimes.mx\/index.php\/wp-json\/wp\/v2\/posts\/1425\/revisions\/1429"}],"wp:featuredmedia":[{"embeddable":true,"href":"https:\/\/thepueblatimes.mx\/index.php\/wp-json\/wp\/v2\/media\/1427"}],"wp:attachment":[{"href":"https:\/\/thepueblatimes.mx\/index.php\/wp-json\/wp\/v2\/media?parent=1425"}],"wp:term":[{"taxonomy":"category","embeddable":true,"href":"https:\/\/thepueblatimes.mx\/index.php\/wp-json\/wp\/v2\/categories?post=1425"},{"taxonomy":"post_tag","embeddable":true,"href":"https:\/\/thepueblatimes.mx\/index.php\/wp-json\/wp\/v2\/tags?post=1425"}],"curies":[{"name":"wp","href":"https:\/\/api.w.org\/{rel}","templated":true}]}}