{"id":14245,"date":"2021-07-01T13:47:20","date_gmt":"2021-07-01T18:47:20","guid":{"rendered":"https:\/\/thepueblatimes.mx\/?p=14245"},"modified":"2021-07-01T13:47:20","modified_gmt":"2021-07-01T18:47:20","slug":"aaron-estrangulo-a-su-amigo-en-las-hadas","status":"publish","type":"post","link":"https:\/\/thepueblatimes.mx\/index.php\/2021\/07\/01\/aaron-estrangulo-a-su-amigo-en-las-hadas\/","title":{"rendered":"Aar\u00f3n estrangul\u00f3 a su amigo en Las Hadas"},"content":{"rendered":"<p>Puebla, Pue.- A trav\u00e9s del seguimiento al proceso penal, la Fiscal\u00eda General del Estado de Puebla obtuvo <strong>sentencia condenatoria contra Aar\u00f3n N. penalmente responsable del delito de homicidio calificado.<\/strong><\/p>\n<p>Mediante la pr\u00e1ctica de diversos actos de investigaci\u00f3n <strong>se estableci\u00f3 que el 22 de diciembre de 2013 el occiso y el sentenciado consumieron bebidas alcoh\u00f3licas<\/strong> en el domicilio de la v\u00edctima en el <strong>fraccionamiento Las Hadas en Puebla capital.<\/strong><\/p>\n<p>Durante la convivencia, iniciaron una discusi\u00f3n que origin\u00f3 que A<strong>ar\u00f3n N. golpeara a su amigo y posteriormente lo asfixiara con un cable hasta privarlo de la vida.<\/strong><\/p>\n<p>Con base en numerosas diligencias desahogadas, la Fiscal\u00eda de Investigaci\u00f3n Metropolitana acredit\u00f3 la comisi\u00f3n del delito de homicidio calificado.<\/p>\n<p>La autoridad judicial dict\u00f3 fallo condenatorio contra Aar\u00f3n N., imponi\u00e9ndole una pena privativa de la libertad de 21 a\u00f1os 6 meses, adem\u00e1s de que se le conden\u00f3 a la reparaci\u00f3n del da\u00f1o moral, de orden econ\u00f3mico y material.<\/p>\n","protected":false},"excerpt":{"rendered":"<p>Puebla, Pue.- A trav\u00e9s del seguimiento al proceso penal, la Fiscal\u00eda General del Estado de Puebla obtuvo sentencia condenatoria contra Aar\u00f3n N. penalmente responsable del delito de homicidio calificado. Mediante la pr\u00e1ctica de diversos actos de investigaci\u00f3n se estableci\u00f3 que el 22 de diciembre de 2013 el occiso y el sentenciado consumieron bebidas alcoh\u00f3licas en&#8230;<\/p>\n","protected":false},"author":15,"featured_media":14246,"comment_status":"open","ping_status":"open","sticky":false,"template":"","format":"standard","meta":[],"categories":[20],"tags":[49],"yoast_head":"<!-- This site is optimized with the Yoast SEO plugin v20.8 - https:\/\/yoast.com\/wordpress\/plugins\/seo\/ -->\n<title>Aar\u00f3n estrangul\u00f3 a su amigo en Las Hadas - The Puebla Times<\/title>\n<meta name=\"robots\" content=\"index, follow, max-snippet:-1, max-image-preview:large, max-video-preview:-1\" \/>\n<link rel=\"canonical\" href=\"https:\/\/thepueblatimes.mx\/index.php\/2021\/07\/01\/aaron-estrangulo-a-su-amigo-en-las-hadas\/\" \/>\n<meta property=\"og:locale\" content=\"es_ES\" \/>\n<meta property=\"og:type\" content=\"article\" \/>\n<meta property=\"og:title\" content=\"Aar\u00f3n estrangul\u00f3 a su amigo en Las Hadas - The Puebla Times\" \/>\n<meta property=\"og:description\" content=\"Puebla, Pue.- A trav\u00e9s del seguimiento al proceso penal, la Fiscal\u00eda General del Estado de Puebla obtuvo sentencia condenatoria contra Aar\u00f3n N. penalmente responsable del delito de homicidio calificado. Mediante la pr\u00e1ctica de diversos actos de investigaci\u00f3n se estableci\u00f3 que el 22 de diciembre de 2013 el occiso y el sentenciado consumieron bebidas alcoh\u00f3licas en...\" \/>\n<meta property=\"og:url\" content=\"https:\/\/thepueblatimes.mx\/index.php\/2021\/07\/01\/aaron-estrangulo-a-su-amigo-en-las-hadas\/\" \/>\n<meta property=\"og:site_name\" content=\"The Puebla Times\" \/>\n<meta property=\"article:published_time\" content=\"2021-07-01T18:47:20+00:00\" \/>\n<meta property=\"og:image\" content=\"https:\/\/thepueblatimes.mx\/wp-content\/uploads\/2021\/07\/50285E34-0266-4CC7-A7C0-8EA7085518ED.jpeg\" \/>\n\t<meta property=\"og:image:width\" content=\"1920\" \/>\n\t<meta property=\"og:image:height\" content=\"1080\" \/>\n\t<meta property=\"og:image:type\" content=\"image\/jpeg\" \/>\n<meta name=\"author\" content=\"Francisco S\u00e1nchez Nolasco\" \/>\n<meta name=\"twitter:card\" content=\"summary_large_image\" \/>\n<meta name=\"twitter:label1\" content=\"Escrito por\" \/>\n\t<meta name=\"twitter:data1\" content=\"Francisco S\u00e1nchez Nolasco\" \/>\n\t<meta name=\"twitter:label2\" content=\"Tiempo de lectura\" \/>\n\t<meta name=\"twitter:data2\" content=\"1 minuto\" \/>\n<script type=\"application\/ld+json\" class=\"yoast-schema-graph\">{\"@context\":\"https:\/\/schema.org\",\"@graph\":[{\"@type\":\"WebPage\",\"@id\":\"https:\/\/thepueblatimes.mx\/index.php\/2021\/07\/01\/aaron-estrangulo-a-su-amigo-en-las-hadas\/\",\"url\":\"https:\/\/thepueblatimes.mx\/index.php\/2021\/07\/01\/aaron-estrangulo-a-su-amigo-en-las-hadas\/\",\"name\":\"Aar\u00f3n estrangul\u00f3 a su amigo en Las Hadas - The Puebla Times\",\"isPartOf\":{\"@id\":\"https:\/\/thepueblatimes.mx\/#website\"},\"datePublished\":\"2021-07-01T18:47:20+00:00\",\"dateModified\":\"2021-07-01T18:47:20+00:00\",\"author\":{\"@id\":\"https:\/\/thepueblatimes.mx\/#\/schema\/person\/7bdf2adbc50078b104bba72b5612f774\"},\"breadcrumb\":{\"@id\":\"https:\/\/thepueblatimes.mx\/index.php\/2021\/07\/01\/aaron-estrangulo-a-su-amigo-en-las-hadas\/#breadcrumb\"},\"inLanguage\":\"es\",\"potentialAction\":[{\"@type\":\"ReadAction\",\"target\":[\"https:\/\/thepueblatimes.mx\/index.php\/2021\/07\/01\/aaron-estrangulo-a-su-amigo-en-las-hadas\/\"]}]},{\"@type\":\"BreadcrumbList\",\"@id\":\"https:\/\/thepueblatimes.mx\/index.php\/2021\/07\/01\/aaron-estrangulo-a-su-amigo-en-las-hadas\/#breadcrumb\",\"itemListElement\":[{\"@type\":\"ListItem\",\"position\":1,\"name\":\"Portada\",\"item\":\"https:\/\/thepueblatimes.mx\/\"},{\"@type\":\"ListItem\",\"position\":2,\"name\":\"Aar\u00f3n estrangul\u00f3 a su amigo en Las Hadas\"}]},{\"@type\":\"WebSite\",\"@id\":\"https:\/\/thepueblatimes.mx\/#website\",\"url\":\"https:\/\/thepueblatimes.mx\/\",\"name\":\"The Puebla Times\",\"description\":\"Noticias del Estado de Puebla\",\"potentialAction\":[{\"@type\":\"SearchAction\",\"target\":{\"@type\":\"EntryPoint\",\"urlTemplate\":\"https:\/\/thepueblatimes.mx\/?s={search_term_string}\"},\"query-input\":\"required name=search_term_string\"}],\"inLanguage\":\"es\"},{\"@type\":\"Person\",\"@id\":\"https:\/\/thepueblatimes.mx\/#\/schema\/person\/7bdf2adbc50078b104bba72b5612f774\",\"name\":\"Francisco S\u00e1nchez Nolasco\",\"image\":{\"@type\":\"ImageObject\",\"inLanguage\":\"es\",\"@id\":\"https:\/\/thepueblatimes.mx\/#\/schema\/person\/image\/\",\"url\":\"https:\/\/secure.gravatar.com\/avatar\/6061d7d20b38bc2742a5218401b198d2?s=96&d=mm&r=g\",\"contentUrl\":\"https:\/\/secure.gravatar.com\/avatar\/6061d7d20b38bc2742a5218401b198d2?s=96&d=mm&r=g\",\"caption\":\"Francisco S\u00e1nchez Nolasco\"},\"url\":\"https:\/\/thepueblatimes.mx\/index.php\/author\/marianitha-reyes\/\"}]}<\/script>\n<!-- \/ Yoast SEO plugin. -->","yoast_head_json":{"title":"Aar\u00f3n estrangul\u00f3 a su amigo en Las Hadas - The Puebla Times","robots":{"index":"index","follow":"follow","max-snippet":"max-snippet:-1","max-image-preview":"max-image-preview:large","max-video-preview":"max-video-preview:-1"},"canonical":"https:\/\/thepueblatimes.mx\/index.php\/2021\/07\/01\/aaron-estrangulo-a-su-amigo-en-las-hadas\/","og_locale":"es_ES","og_type":"article","og_title":"Aar\u00f3n estrangul\u00f3 a su amigo en Las Hadas - The Puebla Times","og_description":"Puebla, Pue.- A trav\u00e9s del seguimiento al proceso penal, la Fiscal\u00eda General del Estado de Puebla obtuvo sentencia condenatoria contra Aar\u00f3n N. penalmente responsable del delito de homicidio calificado. Mediante la pr\u00e1ctica de diversos actos de investigaci\u00f3n se estableci\u00f3 que el 22 de diciembre de 2013 el occiso y el sentenciado consumieron bebidas alcoh\u00f3licas en...","og_url":"https:\/\/thepueblatimes.mx\/index.php\/2021\/07\/01\/aaron-estrangulo-a-su-amigo-en-las-hadas\/","og_site_name":"The Puebla Times","article_published_time":"2021-07-01T18:47:20+00:00","og_image":[{"width":1920,"height":1080,"url":"https:\/\/thepueblatimes.mx\/wp-content\/uploads\/2021\/07\/50285E34-0266-4CC7-A7C0-8EA7085518ED.jpeg","type":"image\/jpeg"}],"author":"Francisco S\u00e1nchez Nolasco","twitter_card":"summary_large_image","twitter_misc":{"Escrito por":"Francisco S\u00e1nchez Nolasco","Tiempo de lectura":"1 minuto"},"schema":{"@context":"https:\/\/schema.org","@graph":[{"@type":"WebPage","@id":"https:\/\/thepueblatimes.mx\/index.php\/2021\/07\/01\/aaron-estrangulo-a-su-amigo-en-las-hadas\/","url":"https:\/\/thepueblatimes.mx\/index.php\/2021\/07\/01\/aaron-estrangulo-a-su-amigo-en-las-hadas\/","name":"Aar\u00f3n estrangul\u00f3 a su amigo en Las Hadas - The Puebla Times","isPartOf":{"@id":"https:\/\/thepueblatimes.mx\/#website"},"datePublished":"2021-07-01T18:47:20+00:00","dateModified":"2021-07-01T18:47:20+00:00","author":{"@id":"https:\/\/thepueblatimes.mx\/#\/schema\/person\/7bdf2adbc50078b104bba72b5612f774"},"breadcrumb":{"@id":"https:\/\/thepueblatimes.mx\/index.php\/2021\/07\/01\/aaron-estrangulo-a-su-amigo-en-las-hadas\/#breadcrumb"},"inLanguage":"es","potentialAction":[{"@type":"ReadAction","target":["https:\/\/thepueblatimes.mx\/index.php\/2021\/07\/01\/aaron-estrangulo-a-su-amigo-en-las-hadas\/"]}]},{"@type":"BreadcrumbList","@id":"https:\/\/thepueblatimes.mx\/index.php\/2021\/07\/01\/aaron-estrangulo-a-su-amigo-en-las-hadas\/#breadcrumb","itemListElement":[{"@type":"ListItem","position":1,"name":"Portada","item":"https:\/\/thepueblatimes.mx\/"},{"@type":"ListItem","position":2,"name":"Aar\u00f3n estrangul\u00f3 a su amigo en Las Hadas"}]},{"@type":"WebSite","@id":"https:\/\/thepueblatimes.mx\/#website","url":"https:\/\/thepueblatimes.mx\/","name":"The Puebla Times","description":"Noticias del Estado de Puebla","potentialAction":[{"@type":"SearchAction","target":{"@type":"EntryPoint","urlTemplate":"https:\/\/thepueblatimes.mx\/?s={search_term_string}"},"query-input":"required name=search_term_string"}],"inLanguage":"es"},{"@type":"Person","@id":"https:\/\/thepueblatimes.mx\/#\/schema\/person\/7bdf2adbc50078b104bba72b5612f774","name":"Francisco S\u00e1nchez Nolasco","image":{"@type":"ImageObject","inLanguage":"es","@id":"https:\/\/thepueblatimes.mx\/#\/schema\/person\/image\/","url":"https:\/\/secure.gravatar.com\/avatar\/6061d7d20b38bc2742a5218401b198d2?s=96&d=mm&r=g","contentUrl":"https:\/\/secure.gravatar.com\/avatar\/6061d7d20b38bc2742a5218401b198d2?s=96&d=mm&r=g","caption":"Francisco S\u00e1nchez Nolasco"},"url":"https:\/\/thepueblatimes.mx\/index.php\/author\/marianitha-reyes\/"}]}},"jetpack_featured_media_url":"https:\/\/thepueblatimes.mx\/wp-content\/uploads\/2021\/07\/50285E34-0266-4CC7-A7C0-8EA7085518ED.jpeg","_links":{"self":[{"href":"https:\/\/thepueblatimes.mx\/index.php\/wp-json\/wp\/v2\/posts\/14245"}],"collection":[{"href":"https:\/\/thepueblatimes.mx\/index.php\/wp-json\/wp\/v2\/posts"}],"about":[{"href":"https:\/\/thepueblatimes.mx\/index.php\/wp-json\/wp\/v2\/types\/post"}],"author":[{"embeddable":true,"href":"https:\/\/thepueblatimes.mx\/index.php\/wp-json\/wp\/v2\/users\/15"}],"replies":[{"embeddable":true,"href":"https:\/\/thepueblatimes.mx\/index.php\/wp-json\/wp\/v2\/comments?post=14245"}],"version-history":[{"count":1,"href":"https:\/\/thepueblatimes.mx\/index.php\/wp-json\/wp\/v2\/posts\/14245\/revisions"}],"predecessor-version":[{"id":14247,"href":"https:\/\/thepueblatimes.mx\/index.php\/wp-json\/wp\/v2\/posts\/14245\/revisions\/14247"}],"wp:featuredmedia":[{"embeddable":true,"href":"https:\/\/thepueblatimes.mx\/index.php\/wp-json\/wp\/v2\/media\/14246"}],"wp:attachment":[{"href":"https:\/\/thepueblatimes.mx\/index.php\/wp-json\/wp\/v2\/media?parent=14245"}],"wp:term":[{"taxonomy":"category","embeddable":true,"href":"https:\/\/thepueblatimes.mx\/index.php\/wp-json\/wp\/v2\/categories?post=14245"},{"taxonomy":"post_tag","embeddable":true,"href":"https:\/\/thepueblatimes.mx\/index.php\/wp-json\/wp\/v2\/tags?post=14245"}],"curies":[{"name":"wp","href":"https:\/\/api.w.org\/{rel}","templated":true}]}}