{"id":14242,"date":"2021-07-01T13:45:25","date_gmt":"2021-07-01T18:45:25","guid":{"rendered":"https:\/\/thepueblatimes.mx\/?p=14242"},"modified":"2021-07-01T13:45:25","modified_gmt":"2021-07-01T18:45:25","slug":"balean-a-mujer-policia-en-asalto-a-oxxo-en-puebla-capital","status":"publish","type":"post","link":"https:\/\/thepueblatimes.mx\/index.php\/2021\/07\/01\/balean-a-mujer-policia-en-asalto-a-oxxo-en-puebla-capital\/","title":{"rendered":"Balean a mujer polic\u00eda en asalto a Oxxo en Puebla capital"},"content":{"rendered":"<p>Puebla, Pue.- <strong>Una oficial de la Secretar\u00eda de Seguridad Ciudadana (SSC) de Puebla, recibi\u00f3 un balazo cuando intervino en un asalto a una tienda Oxxo<\/strong>, en la colonia <strong>Lomas de San Miguel.<\/strong><\/p>\n<p>La ma\u00f1ana de este jueves, al n\u00famero de \u00a0emergencias 911, se report\u00f3 que una mujer estaba herida de bala entre las calles Cuitl\u00e1huac y Cuauht\u00e9moc.<\/p>\n<p>Param\u00e9dicos del SUMA se trasladaron al lugar y hallaron a una mujer polic\u00eda quien <strong>presentaba una herida con arma de fuego en la mano.<\/strong> Por ello, fue trasladada en ambulancia al hospital de Traumatolog\u00eda y Ortopedia del IMSS.<\/p>\n<p>Las primeras pesquisas dieron a conocer que la oficial acudi\u00f3 a atender el atraco a una tienda de conveniencia que se ubica sobre el Camino al Bat\u00e1n, a la altura de la calle Porfirio, donde result\u00f3 herida.<\/p>\n<p>El hecho deriv\u00f3 en una persecuci\u00f3n que culmin\u00f3 con la detenci\u00f3n de uno de los asaltantes.<\/p>\n","protected":false},"excerpt":{"rendered":"<p>Puebla, Pue.- Una oficial de la Secretar\u00eda de Seguridad Ciudadana (SSC) de Puebla, recibi\u00f3 un balazo cuando intervino en un asalto a una tienda Oxxo, en la colonia Lomas de San Miguel. La ma\u00f1ana de este jueves, al n\u00famero de \u00a0emergencias 911, se report\u00f3 que una mujer estaba herida de bala entre las calles Cuitl\u00e1huac&#8230;<\/p>\n","protected":false},"author":15,"featured_media":14243,"comment_status":"open","ping_status":"open","sticky":false,"template":"","format":"standard","meta":[],"categories":[20],"tags":[49],"yoast_head":"<!-- This site is optimized with the Yoast SEO plugin v20.8 - https:\/\/yoast.com\/wordpress\/plugins\/seo\/ -->\n<title>Balean a mujer polic\u00eda en asalto a Oxxo en Puebla capital - The Puebla Times<\/title>\n<meta name=\"robots\" content=\"index, follow, max-snippet:-1, max-image-preview:large, max-video-preview:-1\" \/>\n<link rel=\"canonical\" href=\"https:\/\/thepueblatimes.mx\/index.php\/2021\/07\/01\/balean-a-mujer-policia-en-asalto-a-oxxo-en-puebla-capital\/\" \/>\n<meta property=\"og:locale\" content=\"es_ES\" \/>\n<meta property=\"og:type\" content=\"article\" \/>\n<meta property=\"og:title\" content=\"Balean a mujer polic\u00eda en asalto a Oxxo en Puebla capital - The Puebla Times\" \/>\n<meta property=\"og:description\" content=\"Puebla, Pue.- Una oficial de la Secretar\u00eda de Seguridad Ciudadana (SSC) de Puebla, recibi\u00f3 un balazo cuando intervino en un asalto a una tienda Oxxo, en la colonia Lomas de San Miguel. La ma\u00f1ana de este jueves, al n\u00famero de \u00a0emergencias 911, se report\u00f3 que una mujer estaba herida de bala entre las calles Cuitl\u00e1huac...\" \/>\n<meta property=\"og:url\" content=\"https:\/\/thepueblatimes.mx\/index.php\/2021\/07\/01\/balean-a-mujer-policia-en-asalto-a-oxxo-en-puebla-capital\/\" \/>\n<meta property=\"og:site_name\" content=\"The Puebla Times\" \/>\n<meta property=\"article:published_time\" content=\"2021-07-01T18:45:25+00:00\" \/>\n<meta property=\"og:image\" content=\"https:\/\/thepueblatimes.mx\/wp-content\/uploads\/2021\/07\/0A18E3FD-8301-4C1F-94BE-92D52B4C48CF.jpeg\" \/>\n\t<meta property=\"og:image:width\" content=\"702\" \/>\n\t<meta property=\"og:image:height\" content=\"437\" \/>\n\t<meta property=\"og:image:type\" content=\"image\/jpeg\" \/>\n<meta name=\"author\" content=\"Francisco S\u00e1nchez Nolasco\" \/>\n<meta name=\"twitter:card\" content=\"summary_large_image\" \/>\n<meta name=\"twitter:label1\" content=\"Escrito por\" \/>\n\t<meta name=\"twitter:data1\" content=\"Francisco S\u00e1nchez Nolasco\" \/>\n\t<meta name=\"twitter:label2\" content=\"Tiempo de lectura\" \/>\n\t<meta name=\"twitter:data2\" content=\"1 minuto\" \/>\n<script type=\"application\/ld+json\" class=\"yoast-schema-graph\">{\"@context\":\"https:\/\/schema.org\",\"@graph\":[{\"@type\":\"WebPage\",\"@id\":\"https:\/\/thepueblatimes.mx\/index.php\/2021\/07\/01\/balean-a-mujer-policia-en-asalto-a-oxxo-en-puebla-capital\/\",\"url\":\"https:\/\/thepueblatimes.mx\/index.php\/2021\/07\/01\/balean-a-mujer-policia-en-asalto-a-oxxo-en-puebla-capital\/\",\"name\":\"Balean a mujer polic\u00eda en asalto a Oxxo en Puebla capital - The Puebla Times\",\"isPartOf\":{\"@id\":\"https:\/\/thepueblatimes.mx\/#website\"},\"datePublished\":\"2021-07-01T18:45:25+00:00\",\"dateModified\":\"2021-07-01T18:45:25+00:00\",\"author\":{\"@id\":\"https:\/\/thepueblatimes.mx\/#\/schema\/person\/7bdf2adbc50078b104bba72b5612f774\"},\"breadcrumb\":{\"@id\":\"https:\/\/thepueblatimes.mx\/index.php\/2021\/07\/01\/balean-a-mujer-policia-en-asalto-a-oxxo-en-puebla-capital\/#breadcrumb\"},\"inLanguage\":\"es\",\"potentialAction\":[{\"@type\":\"ReadAction\",\"target\":[\"https:\/\/thepueblatimes.mx\/index.php\/2021\/07\/01\/balean-a-mujer-policia-en-asalto-a-oxxo-en-puebla-capital\/\"]}]},{\"@type\":\"BreadcrumbList\",\"@id\":\"https:\/\/thepueblatimes.mx\/index.php\/2021\/07\/01\/balean-a-mujer-policia-en-asalto-a-oxxo-en-puebla-capital\/#breadcrumb\",\"itemListElement\":[{\"@type\":\"ListItem\",\"position\":1,\"name\":\"Portada\",\"item\":\"https:\/\/thepueblatimes.mx\/\"},{\"@type\":\"ListItem\",\"position\":2,\"name\":\"Balean a mujer polic\u00eda en asalto a Oxxo en Puebla capital\"}]},{\"@type\":\"WebSite\",\"@id\":\"https:\/\/thepueblatimes.mx\/#website\",\"url\":\"https:\/\/thepueblatimes.mx\/\",\"name\":\"The Puebla Times\",\"description\":\"Noticias del Estado de Puebla\",\"potentialAction\":[{\"@type\":\"SearchAction\",\"target\":{\"@type\":\"EntryPoint\",\"urlTemplate\":\"https:\/\/thepueblatimes.mx\/?s={search_term_string}\"},\"query-input\":\"required name=search_term_string\"}],\"inLanguage\":\"es\"},{\"@type\":\"Person\",\"@id\":\"https:\/\/thepueblatimes.mx\/#\/schema\/person\/7bdf2adbc50078b104bba72b5612f774\",\"name\":\"Francisco S\u00e1nchez Nolasco\",\"image\":{\"@type\":\"ImageObject\",\"inLanguage\":\"es\",\"@id\":\"https:\/\/thepueblatimes.mx\/#\/schema\/person\/image\/\",\"url\":\"https:\/\/secure.gravatar.com\/avatar\/6061d7d20b38bc2742a5218401b198d2?s=96&d=mm&r=g\",\"contentUrl\":\"https:\/\/secure.gravatar.com\/avatar\/6061d7d20b38bc2742a5218401b198d2?s=96&d=mm&r=g\",\"caption\":\"Francisco S\u00e1nchez Nolasco\"},\"url\":\"https:\/\/thepueblatimes.mx\/index.php\/author\/marianitha-reyes\/\"}]}<\/script>\n<!-- \/ Yoast SEO plugin. -->","yoast_head_json":{"title":"Balean a mujer polic\u00eda en asalto a Oxxo en Puebla capital - The Puebla Times","robots":{"index":"index","follow":"follow","max-snippet":"max-snippet:-1","max-image-preview":"max-image-preview:large","max-video-preview":"max-video-preview:-1"},"canonical":"https:\/\/thepueblatimes.mx\/index.php\/2021\/07\/01\/balean-a-mujer-policia-en-asalto-a-oxxo-en-puebla-capital\/","og_locale":"es_ES","og_type":"article","og_title":"Balean a mujer polic\u00eda en asalto a Oxxo en Puebla capital - The Puebla Times","og_description":"Puebla, Pue.- Una oficial de la Secretar\u00eda de Seguridad Ciudadana (SSC) de Puebla, recibi\u00f3 un balazo cuando intervino en un asalto a una tienda Oxxo, en la colonia Lomas de San Miguel. La ma\u00f1ana de este jueves, al n\u00famero de \u00a0emergencias 911, se report\u00f3 que una mujer estaba herida de bala entre las calles Cuitl\u00e1huac...","og_url":"https:\/\/thepueblatimes.mx\/index.php\/2021\/07\/01\/balean-a-mujer-policia-en-asalto-a-oxxo-en-puebla-capital\/","og_site_name":"The Puebla Times","article_published_time":"2021-07-01T18:45:25+00:00","og_image":[{"width":702,"height":437,"url":"https:\/\/thepueblatimes.mx\/wp-content\/uploads\/2021\/07\/0A18E3FD-8301-4C1F-94BE-92D52B4C48CF.jpeg","type":"image\/jpeg"}],"author":"Francisco S\u00e1nchez Nolasco","twitter_card":"summary_large_image","twitter_misc":{"Escrito por":"Francisco S\u00e1nchez Nolasco","Tiempo de lectura":"1 minuto"},"schema":{"@context":"https:\/\/schema.org","@graph":[{"@type":"WebPage","@id":"https:\/\/thepueblatimes.mx\/index.php\/2021\/07\/01\/balean-a-mujer-policia-en-asalto-a-oxxo-en-puebla-capital\/","url":"https:\/\/thepueblatimes.mx\/index.php\/2021\/07\/01\/balean-a-mujer-policia-en-asalto-a-oxxo-en-puebla-capital\/","name":"Balean a mujer polic\u00eda en asalto a Oxxo en Puebla capital - The Puebla Times","isPartOf":{"@id":"https:\/\/thepueblatimes.mx\/#website"},"datePublished":"2021-07-01T18:45:25+00:00","dateModified":"2021-07-01T18:45:25+00:00","author":{"@id":"https:\/\/thepueblatimes.mx\/#\/schema\/person\/7bdf2adbc50078b104bba72b5612f774"},"breadcrumb":{"@id":"https:\/\/thepueblatimes.mx\/index.php\/2021\/07\/01\/balean-a-mujer-policia-en-asalto-a-oxxo-en-puebla-capital\/#breadcrumb"},"inLanguage":"es","potentialAction":[{"@type":"ReadAction","target":["https:\/\/thepueblatimes.mx\/index.php\/2021\/07\/01\/balean-a-mujer-policia-en-asalto-a-oxxo-en-puebla-capital\/"]}]},{"@type":"BreadcrumbList","@id":"https:\/\/thepueblatimes.mx\/index.php\/2021\/07\/01\/balean-a-mujer-policia-en-asalto-a-oxxo-en-puebla-capital\/#breadcrumb","itemListElement":[{"@type":"ListItem","position":1,"name":"Portada","item":"https:\/\/thepueblatimes.mx\/"},{"@type":"ListItem","position":2,"name":"Balean a mujer polic\u00eda en asalto a Oxxo en Puebla capital"}]},{"@type":"WebSite","@id":"https:\/\/thepueblatimes.mx\/#website","url":"https:\/\/thepueblatimes.mx\/","name":"The Puebla Times","description":"Noticias del Estado de Puebla","potentialAction":[{"@type":"SearchAction","target":{"@type":"EntryPoint","urlTemplate":"https:\/\/thepueblatimes.mx\/?s={search_term_string}"},"query-input":"required name=search_term_string"}],"inLanguage":"es"},{"@type":"Person","@id":"https:\/\/thepueblatimes.mx\/#\/schema\/person\/7bdf2adbc50078b104bba72b5612f774","name":"Francisco S\u00e1nchez Nolasco","image":{"@type":"ImageObject","inLanguage":"es","@id":"https:\/\/thepueblatimes.mx\/#\/schema\/person\/image\/","url":"https:\/\/secure.gravatar.com\/avatar\/6061d7d20b38bc2742a5218401b198d2?s=96&d=mm&r=g","contentUrl":"https:\/\/secure.gravatar.com\/avatar\/6061d7d20b38bc2742a5218401b198d2?s=96&d=mm&r=g","caption":"Francisco S\u00e1nchez Nolasco"},"url":"https:\/\/thepueblatimes.mx\/index.php\/author\/marianitha-reyes\/"}]}},"jetpack_featured_media_url":"https:\/\/thepueblatimes.mx\/wp-content\/uploads\/2021\/07\/0A18E3FD-8301-4C1F-94BE-92D52B4C48CF.jpeg","_links":{"self":[{"href":"https:\/\/thepueblatimes.mx\/index.php\/wp-json\/wp\/v2\/posts\/14242"}],"collection":[{"href":"https:\/\/thepueblatimes.mx\/index.php\/wp-json\/wp\/v2\/posts"}],"about":[{"href":"https:\/\/thepueblatimes.mx\/index.php\/wp-json\/wp\/v2\/types\/post"}],"author":[{"embeddable":true,"href":"https:\/\/thepueblatimes.mx\/index.php\/wp-json\/wp\/v2\/users\/15"}],"replies":[{"embeddable":true,"href":"https:\/\/thepueblatimes.mx\/index.php\/wp-json\/wp\/v2\/comments?post=14242"}],"version-history":[{"count":1,"href":"https:\/\/thepueblatimes.mx\/index.php\/wp-json\/wp\/v2\/posts\/14242\/revisions"}],"predecessor-version":[{"id":14244,"href":"https:\/\/thepueblatimes.mx\/index.php\/wp-json\/wp\/v2\/posts\/14242\/revisions\/14244"}],"wp:featuredmedia":[{"embeddable":true,"href":"https:\/\/thepueblatimes.mx\/index.php\/wp-json\/wp\/v2\/media\/14243"}],"wp:attachment":[{"href":"https:\/\/thepueblatimes.mx\/index.php\/wp-json\/wp\/v2\/media?parent=14242"}],"wp:term":[{"taxonomy":"category","embeddable":true,"href":"https:\/\/thepueblatimes.mx\/index.php\/wp-json\/wp\/v2\/categories?post=14242"},{"taxonomy":"post_tag","embeddable":true,"href":"https:\/\/thepueblatimes.mx\/index.php\/wp-json\/wp\/v2\/tags?post=14242"}],"curies":[{"name":"wp","href":"https:\/\/api.w.org\/{rel}","templated":true}]}}