{"id":14239,"date":"2021-07-01T13:42:23","date_gmt":"2021-07-01T18:42:23","guid":{"rendered":"https:\/\/thepueblatimes.mx\/?p=14239"},"modified":"2021-07-01T13:42:23","modified_gmt":"2021-07-01T18:42:23","slug":"nayeli-salio-de-su-casa-en-cuetzalan-y-ahora-esta-desaparecida","status":"publish","type":"post","link":"https:\/\/thepueblatimes.mx\/index.php\/2021\/07\/01\/nayeli-salio-de-su-casa-en-cuetzalan-y-ahora-esta-desaparecida\/","title":{"rendered":"Nayeli sali\u00f3 de su casa en Cuetzalan y ahora est\u00e1 desaparecida"},"content":{"rendered":"<p>Cuetzalan, Pue.- <strong>Nayeli Mairyn Guevara Picazo, de 14 a\u00f1os, originaria de Cuetzalan, se encuentra desaparecida desde el d\u00eda \u00a0de aye<\/strong>r, cuando sali\u00f3 de su domicilio a las 5 de la ma\u00f1ana y no ha regresado.<\/p>\n<p><strong>Cualquier informaci\u00f3n que d\u00e9 con su paradero comunicarse a los tel\u00e9fonos 2331174824 \u00f3 2331090190.<\/strong><\/p>\n<p>Como se\u00f1as particulares mide 1.66 m., y tiene cabello casta\u00f1o y ojos caf\u00e9.<\/p>\n","protected":false},"excerpt":{"rendered":"<p>Cuetzalan, Pue.- Nayeli Mairyn Guevara Picazo, de 14 a\u00f1os, originaria de Cuetzalan, se encuentra desaparecida desde el d\u00eda \u00a0de ayer, cuando sali\u00f3 de su domicilio a las 5 de la ma\u00f1ana y no ha regresado. Cualquier informaci\u00f3n que d\u00e9 con su paradero comunicarse a los tel\u00e9fonos 2331174824 \u00f3 2331090190. Como se\u00f1as particulares mide 1.66 m.,&#8230;<\/p>\n","protected":false},"author":15,"featured_media":14240,"comment_status":"open","ping_status":"open","sticky":false,"template":"","format":"standard","meta":[],"categories":[20],"tags":[49],"yoast_head":"<!-- This site is optimized with the Yoast SEO plugin v20.8 - https:\/\/yoast.com\/wordpress\/plugins\/seo\/ -->\n<title>Nayeli sali\u00f3 de su casa en Cuetzalan y ahora est\u00e1 desaparecida - The Puebla Times<\/title>\n<meta name=\"robots\" content=\"index, follow, max-snippet:-1, max-image-preview:large, max-video-preview:-1\" \/>\n<link rel=\"canonical\" href=\"https:\/\/thepueblatimes.mx\/index.php\/2021\/07\/01\/nayeli-salio-de-su-casa-en-cuetzalan-y-ahora-esta-desaparecida\/\" \/>\n<meta property=\"og:locale\" content=\"es_ES\" \/>\n<meta property=\"og:type\" content=\"article\" \/>\n<meta property=\"og:title\" content=\"Nayeli sali\u00f3 de su casa en Cuetzalan y ahora est\u00e1 desaparecida - The Puebla Times\" \/>\n<meta property=\"og:description\" content=\"Cuetzalan, Pue.- Nayeli Mairyn Guevara Picazo, de 14 a\u00f1os, originaria de Cuetzalan, se encuentra desaparecida desde el d\u00eda \u00a0de ayer, cuando sali\u00f3 de su domicilio a las 5 de la ma\u00f1ana y no ha regresado. Cualquier informaci\u00f3n que d\u00e9 con su paradero comunicarse a los tel\u00e9fonos 2331174824 \u00f3 2331090190. Como se\u00f1as particulares mide 1.66 m.,...\" \/>\n<meta property=\"og:url\" content=\"https:\/\/thepueblatimes.mx\/index.php\/2021\/07\/01\/nayeli-salio-de-su-casa-en-cuetzalan-y-ahora-esta-desaparecida\/\" \/>\n<meta property=\"og:site_name\" content=\"The Puebla Times\" \/>\n<meta property=\"article:published_time\" content=\"2021-07-01T18:42:23+00:00\" \/>\n<meta property=\"og:image\" content=\"https:\/\/thepueblatimes.mx\/wp-content\/uploads\/2021\/07\/AF12ABF8-509B-4A4E-B8BD-EA8CAADB4769.jpeg\" \/>\n\t<meta property=\"og:image:width\" content=\"650\" \/>\n\t<meta property=\"og:image:height\" content=\"442\" \/>\n\t<meta property=\"og:image:type\" content=\"image\/jpeg\" \/>\n<meta name=\"author\" content=\"Francisco S\u00e1nchez Nolasco\" \/>\n<meta name=\"twitter:card\" content=\"summary_large_image\" \/>\n<meta name=\"twitter:label1\" content=\"Escrito por\" \/>\n\t<meta name=\"twitter:data1\" content=\"Francisco S\u00e1nchez Nolasco\" \/>\n<script type=\"application\/ld+json\" class=\"yoast-schema-graph\">{\"@context\":\"https:\/\/schema.org\",\"@graph\":[{\"@type\":\"WebPage\",\"@id\":\"https:\/\/thepueblatimes.mx\/index.php\/2021\/07\/01\/nayeli-salio-de-su-casa-en-cuetzalan-y-ahora-esta-desaparecida\/\",\"url\":\"https:\/\/thepueblatimes.mx\/index.php\/2021\/07\/01\/nayeli-salio-de-su-casa-en-cuetzalan-y-ahora-esta-desaparecida\/\",\"name\":\"Nayeli sali\u00f3 de su casa en Cuetzalan y ahora est\u00e1 desaparecida - The Puebla Times\",\"isPartOf\":{\"@id\":\"https:\/\/thepueblatimes.mx\/#website\"},\"datePublished\":\"2021-07-01T18:42:23+00:00\",\"dateModified\":\"2021-07-01T18:42:23+00:00\",\"author\":{\"@id\":\"https:\/\/thepueblatimes.mx\/#\/schema\/person\/7bdf2adbc50078b104bba72b5612f774\"},\"breadcrumb\":{\"@id\":\"https:\/\/thepueblatimes.mx\/index.php\/2021\/07\/01\/nayeli-salio-de-su-casa-en-cuetzalan-y-ahora-esta-desaparecida\/#breadcrumb\"},\"inLanguage\":\"es\",\"potentialAction\":[{\"@type\":\"ReadAction\",\"target\":[\"https:\/\/thepueblatimes.mx\/index.php\/2021\/07\/01\/nayeli-salio-de-su-casa-en-cuetzalan-y-ahora-esta-desaparecida\/\"]}]},{\"@type\":\"BreadcrumbList\",\"@id\":\"https:\/\/thepueblatimes.mx\/index.php\/2021\/07\/01\/nayeli-salio-de-su-casa-en-cuetzalan-y-ahora-esta-desaparecida\/#breadcrumb\",\"itemListElement\":[{\"@type\":\"ListItem\",\"position\":1,\"name\":\"Portada\",\"item\":\"https:\/\/thepueblatimes.mx\/\"},{\"@type\":\"ListItem\",\"position\":2,\"name\":\"Nayeli sali\u00f3 de su casa en Cuetzalan y ahora est\u00e1 desaparecida\"}]},{\"@type\":\"WebSite\",\"@id\":\"https:\/\/thepueblatimes.mx\/#website\",\"url\":\"https:\/\/thepueblatimes.mx\/\",\"name\":\"The Puebla Times\",\"description\":\"Noticias del Estado de Puebla\",\"potentialAction\":[{\"@type\":\"SearchAction\",\"target\":{\"@type\":\"EntryPoint\",\"urlTemplate\":\"https:\/\/thepueblatimes.mx\/?s={search_term_string}\"},\"query-input\":\"required name=search_term_string\"}],\"inLanguage\":\"es\"},{\"@type\":\"Person\",\"@id\":\"https:\/\/thepueblatimes.mx\/#\/schema\/person\/7bdf2adbc50078b104bba72b5612f774\",\"name\":\"Francisco S\u00e1nchez Nolasco\",\"image\":{\"@type\":\"ImageObject\",\"inLanguage\":\"es\",\"@id\":\"https:\/\/thepueblatimes.mx\/#\/schema\/person\/image\/\",\"url\":\"https:\/\/secure.gravatar.com\/avatar\/6061d7d20b38bc2742a5218401b198d2?s=96&d=mm&r=g\",\"contentUrl\":\"https:\/\/secure.gravatar.com\/avatar\/6061d7d20b38bc2742a5218401b198d2?s=96&d=mm&r=g\",\"caption\":\"Francisco S\u00e1nchez Nolasco\"},\"url\":\"https:\/\/thepueblatimes.mx\/index.php\/author\/marianitha-reyes\/\"}]}<\/script>\n<!-- \/ Yoast SEO plugin. -->","yoast_head_json":{"title":"Nayeli sali\u00f3 de su casa en Cuetzalan y ahora est\u00e1 desaparecida - The Puebla Times","robots":{"index":"index","follow":"follow","max-snippet":"max-snippet:-1","max-image-preview":"max-image-preview:large","max-video-preview":"max-video-preview:-1"},"canonical":"https:\/\/thepueblatimes.mx\/index.php\/2021\/07\/01\/nayeli-salio-de-su-casa-en-cuetzalan-y-ahora-esta-desaparecida\/","og_locale":"es_ES","og_type":"article","og_title":"Nayeli sali\u00f3 de su casa en Cuetzalan y ahora est\u00e1 desaparecida - The Puebla Times","og_description":"Cuetzalan, Pue.- Nayeli Mairyn Guevara Picazo, de 14 a\u00f1os, originaria de Cuetzalan, se encuentra desaparecida desde el d\u00eda \u00a0de ayer, cuando sali\u00f3 de su domicilio a las 5 de la ma\u00f1ana y no ha regresado. Cualquier informaci\u00f3n que d\u00e9 con su paradero comunicarse a los tel\u00e9fonos 2331174824 \u00f3 2331090190. Como se\u00f1as particulares mide 1.66 m.,...","og_url":"https:\/\/thepueblatimes.mx\/index.php\/2021\/07\/01\/nayeli-salio-de-su-casa-en-cuetzalan-y-ahora-esta-desaparecida\/","og_site_name":"The Puebla Times","article_published_time":"2021-07-01T18:42:23+00:00","og_image":[{"width":650,"height":442,"url":"https:\/\/thepueblatimes.mx\/wp-content\/uploads\/2021\/07\/AF12ABF8-509B-4A4E-B8BD-EA8CAADB4769.jpeg","type":"image\/jpeg"}],"author":"Francisco S\u00e1nchez Nolasco","twitter_card":"summary_large_image","twitter_misc":{"Escrito por":"Francisco S\u00e1nchez Nolasco"},"schema":{"@context":"https:\/\/schema.org","@graph":[{"@type":"WebPage","@id":"https:\/\/thepueblatimes.mx\/index.php\/2021\/07\/01\/nayeli-salio-de-su-casa-en-cuetzalan-y-ahora-esta-desaparecida\/","url":"https:\/\/thepueblatimes.mx\/index.php\/2021\/07\/01\/nayeli-salio-de-su-casa-en-cuetzalan-y-ahora-esta-desaparecida\/","name":"Nayeli sali\u00f3 de su casa en Cuetzalan y ahora est\u00e1 desaparecida - The Puebla Times","isPartOf":{"@id":"https:\/\/thepueblatimes.mx\/#website"},"datePublished":"2021-07-01T18:42:23+00:00","dateModified":"2021-07-01T18:42:23+00:00","author":{"@id":"https:\/\/thepueblatimes.mx\/#\/schema\/person\/7bdf2adbc50078b104bba72b5612f774"},"breadcrumb":{"@id":"https:\/\/thepueblatimes.mx\/index.php\/2021\/07\/01\/nayeli-salio-de-su-casa-en-cuetzalan-y-ahora-esta-desaparecida\/#breadcrumb"},"inLanguage":"es","potentialAction":[{"@type":"ReadAction","target":["https:\/\/thepueblatimes.mx\/index.php\/2021\/07\/01\/nayeli-salio-de-su-casa-en-cuetzalan-y-ahora-esta-desaparecida\/"]}]},{"@type":"BreadcrumbList","@id":"https:\/\/thepueblatimes.mx\/index.php\/2021\/07\/01\/nayeli-salio-de-su-casa-en-cuetzalan-y-ahora-esta-desaparecida\/#breadcrumb","itemListElement":[{"@type":"ListItem","position":1,"name":"Portada","item":"https:\/\/thepueblatimes.mx\/"},{"@type":"ListItem","position":2,"name":"Nayeli sali\u00f3 de su casa en Cuetzalan y ahora est\u00e1 desaparecida"}]},{"@type":"WebSite","@id":"https:\/\/thepueblatimes.mx\/#website","url":"https:\/\/thepueblatimes.mx\/","name":"The Puebla Times","description":"Noticias del Estado de Puebla","potentialAction":[{"@type":"SearchAction","target":{"@type":"EntryPoint","urlTemplate":"https:\/\/thepueblatimes.mx\/?s={search_term_string}"},"query-input":"required name=search_term_string"}],"inLanguage":"es"},{"@type":"Person","@id":"https:\/\/thepueblatimes.mx\/#\/schema\/person\/7bdf2adbc50078b104bba72b5612f774","name":"Francisco S\u00e1nchez Nolasco","image":{"@type":"ImageObject","inLanguage":"es","@id":"https:\/\/thepueblatimes.mx\/#\/schema\/person\/image\/","url":"https:\/\/secure.gravatar.com\/avatar\/6061d7d20b38bc2742a5218401b198d2?s=96&d=mm&r=g","contentUrl":"https:\/\/secure.gravatar.com\/avatar\/6061d7d20b38bc2742a5218401b198d2?s=96&d=mm&r=g","caption":"Francisco S\u00e1nchez Nolasco"},"url":"https:\/\/thepueblatimes.mx\/index.php\/author\/marianitha-reyes\/"}]}},"jetpack_featured_media_url":"https:\/\/thepueblatimes.mx\/wp-content\/uploads\/2021\/07\/AF12ABF8-509B-4A4E-B8BD-EA8CAADB4769.jpeg","_links":{"self":[{"href":"https:\/\/thepueblatimes.mx\/index.php\/wp-json\/wp\/v2\/posts\/14239"}],"collection":[{"href":"https:\/\/thepueblatimes.mx\/index.php\/wp-json\/wp\/v2\/posts"}],"about":[{"href":"https:\/\/thepueblatimes.mx\/index.php\/wp-json\/wp\/v2\/types\/post"}],"author":[{"embeddable":true,"href":"https:\/\/thepueblatimes.mx\/index.php\/wp-json\/wp\/v2\/users\/15"}],"replies":[{"embeddable":true,"href":"https:\/\/thepueblatimes.mx\/index.php\/wp-json\/wp\/v2\/comments?post=14239"}],"version-history":[{"count":1,"href":"https:\/\/thepueblatimes.mx\/index.php\/wp-json\/wp\/v2\/posts\/14239\/revisions"}],"predecessor-version":[{"id":14241,"href":"https:\/\/thepueblatimes.mx\/index.php\/wp-json\/wp\/v2\/posts\/14239\/revisions\/14241"}],"wp:featuredmedia":[{"embeddable":true,"href":"https:\/\/thepueblatimes.mx\/index.php\/wp-json\/wp\/v2\/media\/14240"}],"wp:attachment":[{"href":"https:\/\/thepueblatimes.mx\/index.php\/wp-json\/wp\/v2\/media?parent=14239"}],"wp:term":[{"taxonomy":"category","embeddable":true,"href":"https:\/\/thepueblatimes.mx\/index.php\/wp-json\/wp\/v2\/categories?post=14239"},{"taxonomy":"post_tag","embeddable":true,"href":"https:\/\/thepueblatimes.mx\/index.php\/wp-json\/wp\/v2\/tags?post=14239"}],"curies":[{"name":"wp","href":"https:\/\/api.w.org\/{rel}","templated":true}]}}