{"id":14233,"date":"2021-06-30T19:29:14","date_gmt":"2021-07-01T00:29:14","guid":{"rendered":"https:\/\/thepueblatimes.mx\/?p=14233"},"modified":"2021-06-30T19:29:14","modified_gmt":"2021-07-01T00:29:14","slug":"captan-momento-en-el-motociclista-perdio-el-equilibrio-y-fue-arrollado-por-un-trailer","status":"publish","type":"post","link":"https:\/\/thepueblatimes.mx\/index.php\/2021\/06\/30\/captan-momento-en-el-motociclista-perdio-el-equilibrio-y-fue-arrollado-por-un-trailer\/","title":{"rendered":"Captan momento en el motociclista perdi\u00f3 el equilibrio y fue arrollado por un tr\u00e1iler"},"content":{"rendered":"<p>Un video que circula en redes sociales reafirma que el motociclista que muri\u00f3 la tarde del martes sobre el bulevar Hermanos Serd\u00e1n frente a Galer\u00edas, perdi\u00f3 el equilibrio y al caer fue arrollado por un tr\u00e1iler de la marca Freightliner que no logr\u00f3 frenar a su paso.<\/p>\n<p>La grabaci\u00f3n que dura 32 segundos, muestra c\u00f3mo el tr\u00e1iler blanco con placas del servicio p\u00fablico federal circula sobre le referida vialidad, aparentemente a una velocidad moderada; metros atr\u00e1s pero a un costado, circula el hoy occiso que conduc\u00eda una motocicleta marca Harley Davidson, color negro con caf\u00e9.<\/p>\n<p>Se nota c\u00f3mo al llegar a la altura del tope que est\u00e1 frente a Galer\u00edas Serd\u00e1n, el veh\u00edculo de dos ruedas y la unidad de carga se emparejan, sin embargo, el motociclista de 70 a\u00f1os de edad, pasa sobre un espacio en forma l\u00ednea que divide el tope y en ese momento pierde el control sobre el veh\u00edculo para caer.<\/p>\n<p>El trailero que va en su carril, no logra detenerse y el motociclista cae a la par de la marcha de la unidad color blanco que acaba por atropellarlo.<\/p>\n<p>Aunque desde el principio, durante los peritajes de las autoridades viales del municipio, se tom\u00f3 como afectado al operador de la unidad de carga, el video compartido en redes sociales reafirma c\u00f3mo sucedi\u00f3 el accidente.<\/p>\n<p>Por lo anterior, incluso, el d\u00eda del accidente, el chofer del tr\u00e1iler decidi\u00f3 quedarse en el punto hasta la llegada de peritos<\/p>\n<blockquote class=\"twitter-tweet\" data-width=\"550\" data-dnt=\"true\">\n<p lang=\"es\" dir=\"ltr\">\ud83d\udea8Un video que circula en redes sociales reafirma que el motociclista que muri\u00f3 la tarde del martes sobre el bulevar Hermanos Serd\u00e1n, perdi\u00f3 el equilibrio y al caer fue arrollado por un tr\u00e1iler que no logr\u00f3 frenar a su paso <a href=\"https:\/\/t.co\/beIZdLh4Eu\">pic.twitter.com\/beIZdLh4Eu<\/a><\/p>\n<p>&mdash; Radio Ca\u00f1\u00f3n Puebla (@abcradiopuebla1) <a href=\"https:\/\/twitter.com\/abcradiopuebla1\/status\/1410357089520820233?ref_src=twsrc%5Etfw\">June 30, 2021<\/a><\/p><\/blockquote>\n<p><script async src=\"https:\/\/platform.twitter.com\/widgets.js\" charset=\"utf-8\"><\/script><\/p>\n","protected":false},"excerpt":{"rendered":"<p>Un video que circula en redes sociales reafirma que el motociclista que muri\u00f3 la tarde del martes sobre el bulevar Hermanos Serd\u00e1n frente a Galer\u00edas, perdi\u00f3 el equilibrio y al caer fue arrollado por un tr\u00e1iler de la marca Freightliner que no logr\u00f3 frenar a su paso. La grabaci\u00f3n que dura 32 segundos, muestra c\u00f3mo&#8230;<\/p>\n","protected":false},"author":15,"featured_media":14234,"comment_status":"open","ping_status":"open","sticky":false,"template":"","format":"standard","meta":[],"categories":[20],"tags":[49],"yoast_head":"<!-- This site is optimized with the Yoast SEO plugin v20.8 - https:\/\/yoast.com\/wordpress\/plugins\/seo\/ -->\n<title>Captan momento en el motociclista perdi\u00f3 el equilibrio y fue arrollado por un tr\u00e1iler - The Puebla Times<\/title>\n<meta name=\"robots\" content=\"index, follow, max-snippet:-1, max-image-preview:large, max-video-preview:-1\" \/>\n<link rel=\"canonical\" href=\"https:\/\/thepueblatimes.mx\/index.php\/2021\/06\/30\/captan-momento-en-el-motociclista-perdio-el-equilibrio-y-fue-arrollado-por-un-trailer\/\" \/>\n<meta property=\"og:locale\" content=\"es_ES\" \/>\n<meta property=\"og:type\" content=\"article\" \/>\n<meta property=\"og:title\" content=\"Captan momento en el motociclista perdi\u00f3 el equilibrio y fue arrollado por un tr\u00e1iler - The Puebla Times\" \/>\n<meta property=\"og:description\" content=\"Un video que circula en redes sociales reafirma que el motociclista que muri\u00f3 la tarde del martes sobre el bulevar Hermanos Serd\u00e1n frente a Galer\u00edas, perdi\u00f3 el equilibrio y al caer fue arrollado por un tr\u00e1iler de la marca Freightliner que no logr\u00f3 frenar a su paso. La grabaci\u00f3n que dura 32 segundos, muestra c\u00f3mo...\" \/>\n<meta property=\"og:url\" content=\"https:\/\/thepueblatimes.mx\/index.php\/2021\/06\/30\/captan-momento-en-el-motociclista-perdio-el-equilibrio-y-fue-arrollado-por-un-trailer\/\" \/>\n<meta property=\"og:site_name\" content=\"The Puebla Times\" \/>\n<meta property=\"article:published_time\" content=\"2021-07-01T00:29:14+00:00\" \/>\n<meta property=\"og:image\" content=\"https:\/\/thepueblatimes.mx\/wp-content\/uploads\/2021\/06\/8F45E16C-2F46-42CE-A01E-157091589C77.png\" \/>\n\t<meta property=\"og:image:width\" content=\"400\" \/>\n\t<meta property=\"og:image:height\" content=\"250\" \/>\n\t<meta property=\"og:image:type\" content=\"image\/png\" \/>\n<meta name=\"author\" content=\"Francisco S\u00e1nchez Nolasco\" \/>\n<meta name=\"twitter:card\" content=\"summary_large_image\" \/>\n<meta name=\"twitter:label1\" content=\"Escrito por\" \/>\n\t<meta name=\"twitter:data1\" content=\"Francisco S\u00e1nchez Nolasco\" \/>\n\t<meta name=\"twitter:label2\" content=\"Tiempo de lectura\" \/>\n\t<meta name=\"twitter:data2\" content=\"1 minuto\" \/>\n<script type=\"application\/ld+json\" class=\"yoast-schema-graph\">{\"@context\":\"https:\/\/schema.org\",\"@graph\":[{\"@type\":\"WebPage\",\"@id\":\"https:\/\/thepueblatimes.mx\/index.php\/2021\/06\/30\/captan-momento-en-el-motociclista-perdio-el-equilibrio-y-fue-arrollado-por-un-trailer\/\",\"url\":\"https:\/\/thepueblatimes.mx\/index.php\/2021\/06\/30\/captan-momento-en-el-motociclista-perdio-el-equilibrio-y-fue-arrollado-por-un-trailer\/\",\"name\":\"Captan momento en el motociclista perdi\u00f3 el equilibrio y fue arrollado por un tr\u00e1iler - The Puebla Times\",\"isPartOf\":{\"@id\":\"https:\/\/thepueblatimes.mx\/#website\"},\"datePublished\":\"2021-07-01T00:29:14+00:00\",\"dateModified\":\"2021-07-01T00:29:14+00:00\",\"author\":{\"@id\":\"https:\/\/thepueblatimes.mx\/#\/schema\/person\/7bdf2adbc50078b104bba72b5612f774\"},\"breadcrumb\":{\"@id\":\"https:\/\/thepueblatimes.mx\/index.php\/2021\/06\/30\/captan-momento-en-el-motociclista-perdio-el-equilibrio-y-fue-arrollado-por-un-trailer\/#breadcrumb\"},\"inLanguage\":\"es\",\"potentialAction\":[{\"@type\":\"ReadAction\",\"target\":[\"https:\/\/thepueblatimes.mx\/index.php\/2021\/06\/30\/captan-momento-en-el-motociclista-perdio-el-equilibrio-y-fue-arrollado-por-un-trailer\/\"]}]},{\"@type\":\"BreadcrumbList\",\"@id\":\"https:\/\/thepueblatimes.mx\/index.php\/2021\/06\/30\/captan-momento-en-el-motociclista-perdio-el-equilibrio-y-fue-arrollado-por-un-trailer\/#breadcrumb\",\"itemListElement\":[{\"@type\":\"ListItem\",\"position\":1,\"name\":\"Portada\",\"item\":\"https:\/\/thepueblatimes.mx\/\"},{\"@type\":\"ListItem\",\"position\":2,\"name\":\"Captan momento en el motociclista perdi\u00f3 el equilibrio y fue arrollado por un tr\u00e1iler\"}]},{\"@type\":\"WebSite\",\"@id\":\"https:\/\/thepueblatimes.mx\/#website\",\"url\":\"https:\/\/thepueblatimes.mx\/\",\"name\":\"The Puebla Times\",\"description\":\"Noticias del Estado de Puebla\",\"potentialAction\":[{\"@type\":\"SearchAction\",\"target\":{\"@type\":\"EntryPoint\",\"urlTemplate\":\"https:\/\/thepueblatimes.mx\/?s={search_term_string}\"},\"query-input\":\"required name=search_term_string\"}],\"inLanguage\":\"es\"},{\"@type\":\"Person\",\"@id\":\"https:\/\/thepueblatimes.mx\/#\/schema\/person\/7bdf2adbc50078b104bba72b5612f774\",\"name\":\"Francisco S\u00e1nchez Nolasco\",\"image\":{\"@type\":\"ImageObject\",\"inLanguage\":\"es\",\"@id\":\"https:\/\/thepueblatimes.mx\/#\/schema\/person\/image\/\",\"url\":\"https:\/\/secure.gravatar.com\/avatar\/6061d7d20b38bc2742a5218401b198d2?s=96&d=mm&r=g\",\"contentUrl\":\"https:\/\/secure.gravatar.com\/avatar\/6061d7d20b38bc2742a5218401b198d2?s=96&d=mm&r=g\",\"caption\":\"Francisco S\u00e1nchez Nolasco\"},\"url\":\"https:\/\/thepueblatimes.mx\/index.php\/author\/marianitha-reyes\/\"}]}<\/script>\n<!-- \/ Yoast SEO plugin. -->","yoast_head_json":{"title":"Captan momento en el motociclista perdi\u00f3 el equilibrio y fue arrollado por un tr\u00e1iler - The Puebla Times","robots":{"index":"index","follow":"follow","max-snippet":"max-snippet:-1","max-image-preview":"max-image-preview:large","max-video-preview":"max-video-preview:-1"},"canonical":"https:\/\/thepueblatimes.mx\/index.php\/2021\/06\/30\/captan-momento-en-el-motociclista-perdio-el-equilibrio-y-fue-arrollado-por-un-trailer\/","og_locale":"es_ES","og_type":"article","og_title":"Captan momento en el motociclista perdi\u00f3 el equilibrio y fue arrollado por un tr\u00e1iler - The Puebla Times","og_description":"Un video que circula en redes sociales reafirma que el motociclista que muri\u00f3 la tarde del martes sobre el bulevar Hermanos Serd\u00e1n frente a Galer\u00edas, perdi\u00f3 el equilibrio y al caer fue arrollado por un tr\u00e1iler de la marca Freightliner que no logr\u00f3 frenar a su paso. La grabaci\u00f3n que dura 32 segundos, muestra c\u00f3mo...","og_url":"https:\/\/thepueblatimes.mx\/index.php\/2021\/06\/30\/captan-momento-en-el-motociclista-perdio-el-equilibrio-y-fue-arrollado-por-un-trailer\/","og_site_name":"The Puebla Times","article_published_time":"2021-07-01T00:29:14+00:00","og_image":[{"width":400,"height":250,"url":"https:\/\/thepueblatimes.mx\/wp-content\/uploads\/2021\/06\/8F45E16C-2F46-42CE-A01E-157091589C77.png","type":"image\/png"}],"author":"Francisco S\u00e1nchez Nolasco","twitter_card":"summary_large_image","twitter_misc":{"Escrito por":"Francisco S\u00e1nchez Nolasco","Tiempo de lectura":"1 minuto"},"schema":{"@context":"https:\/\/schema.org","@graph":[{"@type":"WebPage","@id":"https:\/\/thepueblatimes.mx\/index.php\/2021\/06\/30\/captan-momento-en-el-motociclista-perdio-el-equilibrio-y-fue-arrollado-por-un-trailer\/","url":"https:\/\/thepueblatimes.mx\/index.php\/2021\/06\/30\/captan-momento-en-el-motociclista-perdio-el-equilibrio-y-fue-arrollado-por-un-trailer\/","name":"Captan momento en el motociclista perdi\u00f3 el equilibrio y fue arrollado por un tr\u00e1iler - The Puebla Times","isPartOf":{"@id":"https:\/\/thepueblatimes.mx\/#website"},"datePublished":"2021-07-01T00:29:14+00:00","dateModified":"2021-07-01T00:29:14+00:00","author":{"@id":"https:\/\/thepueblatimes.mx\/#\/schema\/person\/7bdf2adbc50078b104bba72b5612f774"},"breadcrumb":{"@id":"https:\/\/thepueblatimes.mx\/index.php\/2021\/06\/30\/captan-momento-en-el-motociclista-perdio-el-equilibrio-y-fue-arrollado-por-un-trailer\/#breadcrumb"},"inLanguage":"es","potentialAction":[{"@type":"ReadAction","target":["https:\/\/thepueblatimes.mx\/index.php\/2021\/06\/30\/captan-momento-en-el-motociclista-perdio-el-equilibrio-y-fue-arrollado-por-un-trailer\/"]}]},{"@type":"BreadcrumbList","@id":"https:\/\/thepueblatimes.mx\/index.php\/2021\/06\/30\/captan-momento-en-el-motociclista-perdio-el-equilibrio-y-fue-arrollado-por-un-trailer\/#breadcrumb","itemListElement":[{"@type":"ListItem","position":1,"name":"Portada","item":"https:\/\/thepueblatimes.mx\/"},{"@type":"ListItem","position":2,"name":"Captan momento en el motociclista perdi\u00f3 el equilibrio y fue arrollado por un tr\u00e1iler"}]},{"@type":"WebSite","@id":"https:\/\/thepueblatimes.mx\/#website","url":"https:\/\/thepueblatimes.mx\/","name":"The Puebla Times","description":"Noticias del Estado de Puebla","potentialAction":[{"@type":"SearchAction","target":{"@type":"EntryPoint","urlTemplate":"https:\/\/thepueblatimes.mx\/?s={search_term_string}"},"query-input":"required name=search_term_string"}],"inLanguage":"es"},{"@type":"Person","@id":"https:\/\/thepueblatimes.mx\/#\/schema\/person\/7bdf2adbc50078b104bba72b5612f774","name":"Francisco S\u00e1nchez Nolasco","image":{"@type":"ImageObject","inLanguage":"es","@id":"https:\/\/thepueblatimes.mx\/#\/schema\/person\/image\/","url":"https:\/\/secure.gravatar.com\/avatar\/6061d7d20b38bc2742a5218401b198d2?s=96&d=mm&r=g","contentUrl":"https:\/\/secure.gravatar.com\/avatar\/6061d7d20b38bc2742a5218401b198d2?s=96&d=mm&r=g","caption":"Francisco S\u00e1nchez Nolasco"},"url":"https:\/\/thepueblatimes.mx\/index.php\/author\/marianitha-reyes\/"}]}},"jetpack_featured_media_url":"https:\/\/thepueblatimes.mx\/wp-content\/uploads\/2021\/06\/8F45E16C-2F46-42CE-A01E-157091589C77.png","_links":{"self":[{"href":"https:\/\/thepueblatimes.mx\/index.php\/wp-json\/wp\/v2\/posts\/14233"}],"collection":[{"href":"https:\/\/thepueblatimes.mx\/index.php\/wp-json\/wp\/v2\/posts"}],"about":[{"href":"https:\/\/thepueblatimes.mx\/index.php\/wp-json\/wp\/v2\/types\/post"}],"author":[{"embeddable":true,"href":"https:\/\/thepueblatimes.mx\/index.php\/wp-json\/wp\/v2\/users\/15"}],"replies":[{"embeddable":true,"href":"https:\/\/thepueblatimes.mx\/index.php\/wp-json\/wp\/v2\/comments?post=14233"}],"version-history":[{"count":2,"href":"https:\/\/thepueblatimes.mx\/index.php\/wp-json\/wp\/v2\/posts\/14233\/revisions"}],"predecessor-version":[{"id":14236,"href":"https:\/\/thepueblatimes.mx\/index.php\/wp-json\/wp\/v2\/posts\/14233\/revisions\/14236"}],"wp:featuredmedia":[{"embeddable":true,"href":"https:\/\/thepueblatimes.mx\/index.php\/wp-json\/wp\/v2\/media\/14234"}],"wp:attachment":[{"href":"https:\/\/thepueblatimes.mx\/index.php\/wp-json\/wp\/v2\/media?parent=14233"}],"wp:term":[{"taxonomy":"category","embeddable":true,"href":"https:\/\/thepueblatimes.mx\/index.php\/wp-json\/wp\/v2\/categories?post=14233"},{"taxonomy":"post_tag","embeddable":true,"href":"https:\/\/thepueblatimes.mx\/index.php\/wp-json\/wp\/v2\/tags?post=14233"}],"curies":[{"name":"wp","href":"https:\/\/api.w.org\/{rel}","templated":true}]}}