{"id":14220,"date":"2021-06-30T19:18:20","date_gmt":"2021-07-01T00:18:20","guid":{"rendered":"https:\/\/thepueblatimes.mx\/?p=14220"},"modified":"2021-06-30T19:18:20","modified_gmt":"2021-07-01T00:18:20","slug":"base-de-la-guardia-nacional-sera-construida-en-junta-auxiliar-de-texmelucan","status":"publish","type":"post","link":"https:\/\/thepueblatimes.mx\/index.php\/2021\/06\/30\/base-de-la-guardia-nacional-sera-construida-en-junta-auxiliar-de-texmelucan\/","title":{"rendered":"Base de la Guardia Nacional ser\u00e1 construida en junta auxiliar de Texmelucan"},"content":{"rendered":"<p>San Mart\u00edn Texmelucan, Pue.- <strong>Habitantes de la junta auxiliar de Santa Mar\u00eda Moyotzingo, aceptaron la construcci\u00f3n de la Base de la Guardia Nacional, l<\/strong>uego de una mesa de trabajo en la que solicitaron apoyos a esta junta auxiliar perteneciente a Texmelucan.<\/p>\n<p>El proyecto hab\u00eda sido planteado para establecerse en la colonia Morelos, pese a esto un grupo de\u00a0 vecinos se opusieron a la obra, aun cuando la zona es considerada foco rojo en materia de seguridad.<\/p>\n<p>Pese a ello, la base de la Guardia Nacional, habr\u00e1 de ser construida en la parcela de la escuela primaria Jos\u00e9 Mar\u00eda Morelos y Pav\u00f3n, la cual fue donada por las autoridades auxiliares.<\/p>\n<p>No obstante, previo a la autorizaci\u00f3n del espacio se presentaron algunas inconformidades por parte de los padres de familia de primaria, hecho que motivo una mesa de trabajo entre el municipio, los vecinos de Moyotzingo y los representantes de la Guardia Nacional.<\/p>\n<p>Derivado de esto y tras aceptar el proyecto, se acord\u00f3 la entrega de apoyos en favor de la comunidad, donde habr\u00e1 de establecerse la Guardia Nacional.<\/p>\n<p>Cabe mencionar que Moyotzingo, es una de las comunidades con altos \u00edndices de inseguridad debido a la operaci\u00f3n de varias bandas delictivas.<\/p>\n<p>Incluso en las \u00faltimas semanas se han dado robos en contra de comerciantes que son captados a trav\u00e9s de redes sociales, qui\u00e9nes\u00a0 tras arribar a la comunidad son atracados.<\/p>\n","protected":false},"excerpt":{"rendered":"<p>San Mart\u00edn Texmelucan, Pue.- Habitantes de la junta auxiliar de Santa Mar\u00eda Moyotzingo, aceptaron la construcci\u00f3n de la Base de la Guardia Nacional, luego de una mesa de trabajo en la que solicitaron apoyos a esta junta auxiliar perteneciente a Texmelucan. El proyecto hab\u00eda sido planteado para establecerse en la colonia Morelos, pese a esto&#8230;<\/p>\n","protected":false},"author":15,"featured_media":14221,"comment_status":"open","ping_status":"open","sticky":false,"template":"","format":"standard","meta":[],"categories":[20],"tags":[49],"yoast_head":"<!-- This site is optimized with the Yoast SEO plugin v20.8 - https:\/\/yoast.com\/wordpress\/plugins\/seo\/ -->\n<title>Base de la Guardia Nacional ser\u00e1 construida en junta auxiliar de Texmelucan - The Puebla Times<\/title>\n<meta name=\"robots\" content=\"index, follow, max-snippet:-1, max-image-preview:large, max-video-preview:-1\" \/>\n<link rel=\"canonical\" href=\"https:\/\/thepueblatimes.mx\/index.php\/2021\/06\/30\/base-de-la-guardia-nacional-sera-construida-en-junta-auxiliar-de-texmelucan\/\" \/>\n<meta property=\"og:locale\" content=\"es_ES\" \/>\n<meta property=\"og:type\" content=\"article\" \/>\n<meta property=\"og:title\" content=\"Base de la Guardia Nacional ser\u00e1 construida en junta auxiliar de Texmelucan - The Puebla Times\" \/>\n<meta property=\"og:description\" content=\"San Mart\u00edn Texmelucan, Pue.- Habitantes de la junta auxiliar de Santa Mar\u00eda Moyotzingo, aceptaron la construcci\u00f3n de la Base de la Guardia Nacional, luego de una mesa de trabajo en la que solicitaron apoyos a esta junta auxiliar perteneciente a Texmelucan. El proyecto hab\u00eda sido planteado para establecerse en la colonia Morelos, pese a esto...\" \/>\n<meta property=\"og:url\" content=\"https:\/\/thepueblatimes.mx\/index.php\/2021\/06\/30\/base-de-la-guardia-nacional-sera-construida-en-junta-auxiliar-de-texmelucan\/\" \/>\n<meta property=\"og:site_name\" content=\"The Puebla Times\" \/>\n<meta property=\"article:published_time\" content=\"2021-07-01T00:18:20+00:00\" \/>\n<meta property=\"og:image\" content=\"https:\/\/thepueblatimes.mx\/wp-content\/uploads\/2021\/06\/9D8BEE0F-6A8B-4291-871B-6041038C8677.jpeg\" \/>\n\t<meta property=\"og:image:width\" content=\"442\" \/>\n\t<meta property=\"og:image:height\" content=\"374\" \/>\n\t<meta property=\"og:image:type\" content=\"image\/jpeg\" \/>\n<meta name=\"author\" content=\"Francisco S\u00e1nchez Nolasco\" \/>\n<meta name=\"twitter:card\" content=\"summary_large_image\" \/>\n<meta name=\"twitter:label1\" content=\"Escrito por\" \/>\n\t<meta name=\"twitter:data1\" content=\"Francisco S\u00e1nchez Nolasco\" \/>\n\t<meta name=\"twitter:label2\" content=\"Tiempo de lectura\" \/>\n\t<meta name=\"twitter:data2\" content=\"1 minuto\" \/>\n<script type=\"application\/ld+json\" class=\"yoast-schema-graph\">{\"@context\":\"https:\/\/schema.org\",\"@graph\":[{\"@type\":\"WebPage\",\"@id\":\"https:\/\/thepueblatimes.mx\/index.php\/2021\/06\/30\/base-de-la-guardia-nacional-sera-construida-en-junta-auxiliar-de-texmelucan\/\",\"url\":\"https:\/\/thepueblatimes.mx\/index.php\/2021\/06\/30\/base-de-la-guardia-nacional-sera-construida-en-junta-auxiliar-de-texmelucan\/\",\"name\":\"Base de la Guardia Nacional ser\u00e1 construida en junta auxiliar de Texmelucan - The Puebla Times\",\"isPartOf\":{\"@id\":\"https:\/\/thepueblatimes.mx\/#website\"},\"datePublished\":\"2021-07-01T00:18:20+00:00\",\"dateModified\":\"2021-07-01T00:18:20+00:00\",\"author\":{\"@id\":\"https:\/\/thepueblatimes.mx\/#\/schema\/person\/7bdf2adbc50078b104bba72b5612f774\"},\"breadcrumb\":{\"@id\":\"https:\/\/thepueblatimes.mx\/index.php\/2021\/06\/30\/base-de-la-guardia-nacional-sera-construida-en-junta-auxiliar-de-texmelucan\/#breadcrumb\"},\"inLanguage\":\"es\",\"potentialAction\":[{\"@type\":\"ReadAction\",\"target\":[\"https:\/\/thepueblatimes.mx\/index.php\/2021\/06\/30\/base-de-la-guardia-nacional-sera-construida-en-junta-auxiliar-de-texmelucan\/\"]}]},{\"@type\":\"BreadcrumbList\",\"@id\":\"https:\/\/thepueblatimes.mx\/index.php\/2021\/06\/30\/base-de-la-guardia-nacional-sera-construida-en-junta-auxiliar-de-texmelucan\/#breadcrumb\",\"itemListElement\":[{\"@type\":\"ListItem\",\"position\":1,\"name\":\"Portada\",\"item\":\"https:\/\/thepueblatimes.mx\/\"},{\"@type\":\"ListItem\",\"position\":2,\"name\":\"Base de la Guardia Nacional ser\u00e1 construida en junta auxiliar de Texmelucan\"}]},{\"@type\":\"WebSite\",\"@id\":\"https:\/\/thepueblatimes.mx\/#website\",\"url\":\"https:\/\/thepueblatimes.mx\/\",\"name\":\"The Puebla Times\",\"description\":\"Noticias del Estado de Puebla\",\"potentialAction\":[{\"@type\":\"SearchAction\",\"target\":{\"@type\":\"EntryPoint\",\"urlTemplate\":\"https:\/\/thepueblatimes.mx\/?s={search_term_string}\"},\"query-input\":\"required name=search_term_string\"}],\"inLanguage\":\"es\"},{\"@type\":\"Person\",\"@id\":\"https:\/\/thepueblatimes.mx\/#\/schema\/person\/7bdf2adbc50078b104bba72b5612f774\",\"name\":\"Francisco S\u00e1nchez Nolasco\",\"image\":{\"@type\":\"ImageObject\",\"inLanguage\":\"es\",\"@id\":\"https:\/\/thepueblatimes.mx\/#\/schema\/person\/image\/\",\"url\":\"https:\/\/secure.gravatar.com\/avatar\/6061d7d20b38bc2742a5218401b198d2?s=96&d=mm&r=g\",\"contentUrl\":\"https:\/\/secure.gravatar.com\/avatar\/6061d7d20b38bc2742a5218401b198d2?s=96&d=mm&r=g\",\"caption\":\"Francisco S\u00e1nchez Nolasco\"},\"url\":\"https:\/\/thepueblatimes.mx\/index.php\/author\/marianitha-reyes\/\"}]}<\/script>\n<!-- \/ Yoast SEO plugin. -->","yoast_head_json":{"title":"Base de la Guardia Nacional ser\u00e1 construida en junta auxiliar de Texmelucan - The Puebla Times","robots":{"index":"index","follow":"follow","max-snippet":"max-snippet:-1","max-image-preview":"max-image-preview:large","max-video-preview":"max-video-preview:-1"},"canonical":"https:\/\/thepueblatimes.mx\/index.php\/2021\/06\/30\/base-de-la-guardia-nacional-sera-construida-en-junta-auxiliar-de-texmelucan\/","og_locale":"es_ES","og_type":"article","og_title":"Base de la Guardia Nacional ser\u00e1 construida en junta auxiliar de Texmelucan - The Puebla Times","og_description":"San Mart\u00edn Texmelucan, Pue.- Habitantes de la junta auxiliar de Santa Mar\u00eda Moyotzingo, aceptaron la construcci\u00f3n de la Base de la Guardia Nacional, luego de una mesa de trabajo en la que solicitaron apoyos a esta junta auxiliar perteneciente a Texmelucan. El proyecto hab\u00eda sido planteado para establecerse en la colonia Morelos, pese a esto...","og_url":"https:\/\/thepueblatimes.mx\/index.php\/2021\/06\/30\/base-de-la-guardia-nacional-sera-construida-en-junta-auxiliar-de-texmelucan\/","og_site_name":"The Puebla Times","article_published_time":"2021-07-01T00:18:20+00:00","og_image":[{"width":442,"height":374,"url":"https:\/\/thepueblatimes.mx\/wp-content\/uploads\/2021\/06\/9D8BEE0F-6A8B-4291-871B-6041038C8677.jpeg","type":"image\/jpeg"}],"author":"Francisco S\u00e1nchez Nolasco","twitter_card":"summary_large_image","twitter_misc":{"Escrito por":"Francisco S\u00e1nchez Nolasco","Tiempo de lectura":"1 minuto"},"schema":{"@context":"https:\/\/schema.org","@graph":[{"@type":"WebPage","@id":"https:\/\/thepueblatimes.mx\/index.php\/2021\/06\/30\/base-de-la-guardia-nacional-sera-construida-en-junta-auxiliar-de-texmelucan\/","url":"https:\/\/thepueblatimes.mx\/index.php\/2021\/06\/30\/base-de-la-guardia-nacional-sera-construida-en-junta-auxiliar-de-texmelucan\/","name":"Base de la Guardia Nacional ser\u00e1 construida en junta auxiliar de Texmelucan - The Puebla Times","isPartOf":{"@id":"https:\/\/thepueblatimes.mx\/#website"},"datePublished":"2021-07-01T00:18:20+00:00","dateModified":"2021-07-01T00:18:20+00:00","author":{"@id":"https:\/\/thepueblatimes.mx\/#\/schema\/person\/7bdf2adbc50078b104bba72b5612f774"},"breadcrumb":{"@id":"https:\/\/thepueblatimes.mx\/index.php\/2021\/06\/30\/base-de-la-guardia-nacional-sera-construida-en-junta-auxiliar-de-texmelucan\/#breadcrumb"},"inLanguage":"es","potentialAction":[{"@type":"ReadAction","target":["https:\/\/thepueblatimes.mx\/index.php\/2021\/06\/30\/base-de-la-guardia-nacional-sera-construida-en-junta-auxiliar-de-texmelucan\/"]}]},{"@type":"BreadcrumbList","@id":"https:\/\/thepueblatimes.mx\/index.php\/2021\/06\/30\/base-de-la-guardia-nacional-sera-construida-en-junta-auxiliar-de-texmelucan\/#breadcrumb","itemListElement":[{"@type":"ListItem","position":1,"name":"Portada","item":"https:\/\/thepueblatimes.mx\/"},{"@type":"ListItem","position":2,"name":"Base de la Guardia Nacional ser\u00e1 construida en junta auxiliar de Texmelucan"}]},{"@type":"WebSite","@id":"https:\/\/thepueblatimes.mx\/#website","url":"https:\/\/thepueblatimes.mx\/","name":"The Puebla Times","description":"Noticias del Estado de Puebla","potentialAction":[{"@type":"SearchAction","target":{"@type":"EntryPoint","urlTemplate":"https:\/\/thepueblatimes.mx\/?s={search_term_string}"},"query-input":"required name=search_term_string"}],"inLanguage":"es"},{"@type":"Person","@id":"https:\/\/thepueblatimes.mx\/#\/schema\/person\/7bdf2adbc50078b104bba72b5612f774","name":"Francisco S\u00e1nchez Nolasco","image":{"@type":"ImageObject","inLanguage":"es","@id":"https:\/\/thepueblatimes.mx\/#\/schema\/person\/image\/","url":"https:\/\/secure.gravatar.com\/avatar\/6061d7d20b38bc2742a5218401b198d2?s=96&d=mm&r=g","contentUrl":"https:\/\/secure.gravatar.com\/avatar\/6061d7d20b38bc2742a5218401b198d2?s=96&d=mm&r=g","caption":"Francisco S\u00e1nchez Nolasco"},"url":"https:\/\/thepueblatimes.mx\/index.php\/author\/marianitha-reyes\/"}]}},"jetpack_featured_media_url":"https:\/\/thepueblatimes.mx\/wp-content\/uploads\/2021\/06\/9D8BEE0F-6A8B-4291-871B-6041038C8677.jpeg","_links":{"self":[{"href":"https:\/\/thepueblatimes.mx\/index.php\/wp-json\/wp\/v2\/posts\/14220"}],"collection":[{"href":"https:\/\/thepueblatimes.mx\/index.php\/wp-json\/wp\/v2\/posts"}],"about":[{"href":"https:\/\/thepueblatimes.mx\/index.php\/wp-json\/wp\/v2\/types\/post"}],"author":[{"embeddable":true,"href":"https:\/\/thepueblatimes.mx\/index.php\/wp-json\/wp\/v2\/users\/15"}],"replies":[{"embeddable":true,"href":"https:\/\/thepueblatimes.mx\/index.php\/wp-json\/wp\/v2\/comments?post=14220"}],"version-history":[{"count":2,"href":"https:\/\/thepueblatimes.mx\/index.php\/wp-json\/wp\/v2\/posts\/14220\/revisions"}],"predecessor-version":[{"id":14223,"href":"https:\/\/thepueblatimes.mx\/index.php\/wp-json\/wp\/v2\/posts\/14220\/revisions\/14223"}],"wp:featuredmedia":[{"embeddable":true,"href":"https:\/\/thepueblatimes.mx\/index.php\/wp-json\/wp\/v2\/media\/14221"}],"wp:attachment":[{"href":"https:\/\/thepueblatimes.mx\/index.php\/wp-json\/wp\/v2\/media?parent=14220"}],"wp:term":[{"taxonomy":"category","embeddable":true,"href":"https:\/\/thepueblatimes.mx\/index.php\/wp-json\/wp\/v2\/categories?post=14220"},{"taxonomy":"post_tag","embeddable":true,"href":"https:\/\/thepueblatimes.mx\/index.php\/wp-json\/wp\/v2\/tags?post=14220"}],"curies":[{"name":"wp","href":"https:\/\/api.w.org\/{rel}","templated":true}]}}