{"id":14214,"date":"2021-06-30T19:13:53","date_gmt":"2021-07-01T00:13:53","guid":{"rendered":"https:\/\/thepueblatimes.mx\/?p=14214"},"modified":"2021-06-30T19:13:53","modified_gmt":"2021-07-01T00:13:53","slug":"cae-joven-por-atacar-sexualmente-a-menor-de-edad-en-calles-de-texmelucan","status":"publish","type":"post","link":"https:\/\/thepueblatimes.mx\/index.php\/2021\/06\/30\/cae-joven-por-atacar-sexualmente-a-menor-de-edad-en-calles-de-texmelucan\/","title":{"rendered":"Cae joven por atacar sexualmente a menor de edad en calles de Texmelucan"},"content":{"rendered":"<p>San Mart\u00edn Texmelucan, Pue.- Ante un llamado de auxilio de una joven menor de edad, <strong>elementos de la polic\u00eda municipal de Texmelucan logr\u00f3 el aseguramiento de un sujeto se\u00f1alado de haber abusado sexualmente de ella.<\/strong><\/p>\n<p>El presunto agresor fue llevado a la direcci\u00f3n de Seguridad P\u00fablica, hasta donde acudieron la denunciante y sus padres.<\/p>\n<p><strong>La detenci\u00f3n de este sujeto ocurri\u00f3 en la calle Guadalupe Victoria, en el centro de Texmelucan<\/strong>, donde una joven de 17 a\u00f1os, pidi\u00f3 el auxilio de los polic\u00edas que realizaban un recorrido de vigilancia.<\/p>\n<p>En este sentido, la joven denunci\u00f3 haber sido atacada sexualmente.<\/p>\n<p>Los oficiales aseguraron al var\u00f3n de aproximadamente 30 a\u00f1os, quien habr\u00e1 de responder por los se\u00f1alamientos en su contra.<\/p>\n","protected":false},"excerpt":{"rendered":"<p>San Mart\u00edn Texmelucan, Pue.- Ante un llamado de auxilio de una joven menor de edad, elementos de la polic\u00eda municipal de Texmelucan logr\u00f3 el aseguramiento de un sujeto se\u00f1alado de haber abusado sexualmente de ella. El presunto agresor fue llevado a la direcci\u00f3n de Seguridad P\u00fablica, hasta donde acudieron la denunciante y sus padres. La&#8230;<\/p>\n","protected":false},"author":15,"featured_media":14215,"comment_status":"open","ping_status":"open","sticky":false,"template":"","format":"standard","meta":[],"categories":[20],"tags":[49],"yoast_head":"<!-- This site is optimized with the Yoast SEO plugin v20.8 - https:\/\/yoast.com\/wordpress\/plugins\/seo\/ -->\n<title>Cae joven por atacar sexualmente a menor de edad en calles de Texmelucan - The Puebla Times<\/title>\n<meta name=\"robots\" content=\"index, follow, max-snippet:-1, max-image-preview:large, max-video-preview:-1\" \/>\n<link rel=\"canonical\" href=\"https:\/\/thepueblatimes.mx\/index.php\/2021\/06\/30\/cae-joven-por-atacar-sexualmente-a-menor-de-edad-en-calles-de-texmelucan\/\" \/>\n<meta property=\"og:locale\" content=\"es_ES\" \/>\n<meta property=\"og:type\" content=\"article\" \/>\n<meta property=\"og:title\" content=\"Cae joven por atacar sexualmente a menor de edad en calles de Texmelucan - The Puebla Times\" \/>\n<meta property=\"og:description\" content=\"San Mart\u00edn Texmelucan, Pue.- Ante un llamado de auxilio de una joven menor de edad, elementos de la polic\u00eda municipal de Texmelucan logr\u00f3 el aseguramiento de un sujeto se\u00f1alado de haber abusado sexualmente de ella. El presunto agresor fue llevado a la direcci\u00f3n de Seguridad P\u00fablica, hasta donde acudieron la denunciante y sus padres. La...\" \/>\n<meta property=\"og:url\" content=\"https:\/\/thepueblatimes.mx\/index.php\/2021\/06\/30\/cae-joven-por-atacar-sexualmente-a-menor-de-edad-en-calles-de-texmelucan\/\" \/>\n<meta property=\"og:site_name\" content=\"The Puebla Times\" \/>\n<meta property=\"article:published_time\" content=\"2021-07-01T00:13:53+00:00\" \/>\n<meta property=\"og:image\" content=\"https:\/\/thepueblatimes.mx\/wp-content\/uploads\/2021\/06\/04AF3048-BB6D-488B-833B-1C76A84FAD84.jpeg\" \/>\n\t<meta property=\"og:image:width\" content=\"1280\" \/>\n\t<meta property=\"og:image:height\" content=\"974\" \/>\n\t<meta property=\"og:image:type\" content=\"image\/jpeg\" \/>\n<meta name=\"author\" content=\"Francisco S\u00e1nchez Nolasco\" \/>\n<meta name=\"twitter:card\" content=\"summary_large_image\" \/>\n<meta name=\"twitter:label1\" content=\"Escrito por\" \/>\n\t<meta name=\"twitter:data1\" content=\"Francisco S\u00e1nchez Nolasco\" \/>\n\t<meta name=\"twitter:label2\" content=\"Tiempo de lectura\" \/>\n\t<meta name=\"twitter:data2\" content=\"1 minuto\" \/>\n<script type=\"application\/ld+json\" class=\"yoast-schema-graph\">{\"@context\":\"https:\/\/schema.org\",\"@graph\":[{\"@type\":\"WebPage\",\"@id\":\"https:\/\/thepueblatimes.mx\/index.php\/2021\/06\/30\/cae-joven-por-atacar-sexualmente-a-menor-de-edad-en-calles-de-texmelucan\/\",\"url\":\"https:\/\/thepueblatimes.mx\/index.php\/2021\/06\/30\/cae-joven-por-atacar-sexualmente-a-menor-de-edad-en-calles-de-texmelucan\/\",\"name\":\"Cae joven por atacar sexualmente a menor de edad en calles de Texmelucan - The Puebla Times\",\"isPartOf\":{\"@id\":\"https:\/\/thepueblatimes.mx\/#website\"},\"datePublished\":\"2021-07-01T00:13:53+00:00\",\"dateModified\":\"2021-07-01T00:13:53+00:00\",\"author\":{\"@id\":\"https:\/\/thepueblatimes.mx\/#\/schema\/person\/7bdf2adbc50078b104bba72b5612f774\"},\"breadcrumb\":{\"@id\":\"https:\/\/thepueblatimes.mx\/index.php\/2021\/06\/30\/cae-joven-por-atacar-sexualmente-a-menor-de-edad-en-calles-de-texmelucan\/#breadcrumb\"},\"inLanguage\":\"es\",\"potentialAction\":[{\"@type\":\"ReadAction\",\"target\":[\"https:\/\/thepueblatimes.mx\/index.php\/2021\/06\/30\/cae-joven-por-atacar-sexualmente-a-menor-de-edad-en-calles-de-texmelucan\/\"]}]},{\"@type\":\"BreadcrumbList\",\"@id\":\"https:\/\/thepueblatimes.mx\/index.php\/2021\/06\/30\/cae-joven-por-atacar-sexualmente-a-menor-de-edad-en-calles-de-texmelucan\/#breadcrumb\",\"itemListElement\":[{\"@type\":\"ListItem\",\"position\":1,\"name\":\"Portada\",\"item\":\"https:\/\/thepueblatimes.mx\/\"},{\"@type\":\"ListItem\",\"position\":2,\"name\":\"Cae joven por atacar sexualmente a menor de edad en calles de Texmelucan\"}]},{\"@type\":\"WebSite\",\"@id\":\"https:\/\/thepueblatimes.mx\/#website\",\"url\":\"https:\/\/thepueblatimes.mx\/\",\"name\":\"The Puebla Times\",\"description\":\"Noticias del Estado de Puebla\",\"potentialAction\":[{\"@type\":\"SearchAction\",\"target\":{\"@type\":\"EntryPoint\",\"urlTemplate\":\"https:\/\/thepueblatimes.mx\/?s={search_term_string}\"},\"query-input\":\"required name=search_term_string\"}],\"inLanguage\":\"es\"},{\"@type\":\"Person\",\"@id\":\"https:\/\/thepueblatimes.mx\/#\/schema\/person\/7bdf2adbc50078b104bba72b5612f774\",\"name\":\"Francisco S\u00e1nchez Nolasco\",\"image\":{\"@type\":\"ImageObject\",\"inLanguage\":\"es\",\"@id\":\"https:\/\/thepueblatimes.mx\/#\/schema\/person\/image\/\",\"url\":\"https:\/\/secure.gravatar.com\/avatar\/6061d7d20b38bc2742a5218401b198d2?s=96&d=mm&r=g\",\"contentUrl\":\"https:\/\/secure.gravatar.com\/avatar\/6061d7d20b38bc2742a5218401b198d2?s=96&d=mm&r=g\",\"caption\":\"Francisco S\u00e1nchez Nolasco\"},\"url\":\"https:\/\/thepueblatimes.mx\/index.php\/author\/marianitha-reyes\/\"}]}<\/script>\n<!-- \/ Yoast SEO plugin. -->","yoast_head_json":{"title":"Cae joven por atacar sexualmente a menor de edad en calles de Texmelucan - The Puebla Times","robots":{"index":"index","follow":"follow","max-snippet":"max-snippet:-1","max-image-preview":"max-image-preview:large","max-video-preview":"max-video-preview:-1"},"canonical":"https:\/\/thepueblatimes.mx\/index.php\/2021\/06\/30\/cae-joven-por-atacar-sexualmente-a-menor-de-edad-en-calles-de-texmelucan\/","og_locale":"es_ES","og_type":"article","og_title":"Cae joven por atacar sexualmente a menor de edad en calles de Texmelucan - The Puebla Times","og_description":"San Mart\u00edn Texmelucan, Pue.- Ante un llamado de auxilio de una joven menor de edad, elementos de la polic\u00eda municipal de Texmelucan logr\u00f3 el aseguramiento de un sujeto se\u00f1alado de haber abusado sexualmente de ella. El presunto agresor fue llevado a la direcci\u00f3n de Seguridad P\u00fablica, hasta donde acudieron la denunciante y sus padres. La...","og_url":"https:\/\/thepueblatimes.mx\/index.php\/2021\/06\/30\/cae-joven-por-atacar-sexualmente-a-menor-de-edad-en-calles-de-texmelucan\/","og_site_name":"The Puebla Times","article_published_time":"2021-07-01T00:13:53+00:00","og_image":[{"width":1280,"height":974,"url":"https:\/\/thepueblatimes.mx\/wp-content\/uploads\/2021\/06\/04AF3048-BB6D-488B-833B-1C76A84FAD84.jpeg","type":"image\/jpeg"}],"author":"Francisco S\u00e1nchez Nolasco","twitter_card":"summary_large_image","twitter_misc":{"Escrito por":"Francisco S\u00e1nchez Nolasco","Tiempo de lectura":"1 minuto"},"schema":{"@context":"https:\/\/schema.org","@graph":[{"@type":"WebPage","@id":"https:\/\/thepueblatimes.mx\/index.php\/2021\/06\/30\/cae-joven-por-atacar-sexualmente-a-menor-de-edad-en-calles-de-texmelucan\/","url":"https:\/\/thepueblatimes.mx\/index.php\/2021\/06\/30\/cae-joven-por-atacar-sexualmente-a-menor-de-edad-en-calles-de-texmelucan\/","name":"Cae joven por atacar sexualmente a menor de edad en calles de Texmelucan - The Puebla Times","isPartOf":{"@id":"https:\/\/thepueblatimes.mx\/#website"},"datePublished":"2021-07-01T00:13:53+00:00","dateModified":"2021-07-01T00:13:53+00:00","author":{"@id":"https:\/\/thepueblatimes.mx\/#\/schema\/person\/7bdf2adbc50078b104bba72b5612f774"},"breadcrumb":{"@id":"https:\/\/thepueblatimes.mx\/index.php\/2021\/06\/30\/cae-joven-por-atacar-sexualmente-a-menor-de-edad-en-calles-de-texmelucan\/#breadcrumb"},"inLanguage":"es","potentialAction":[{"@type":"ReadAction","target":["https:\/\/thepueblatimes.mx\/index.php\/2021\/06\/30\/cae-joven-por-atacar-sexualmente-a-menor-de-edad-en-calles-de-texmelucan\/"]}]},{"@type":"BreadcrumbList","@id":"https:\/\/thepueblatimes.mx\/index.php\/2021\/06\/30\/cae-joven-por-atacar-sexualmente-a-menor-de-edad-en-calles-de-texmelucan\/#breadcrumb","itemListElement":[{"@type":"ListItem","position":1,"name":"Portada","item":"https:\/\/thepueblatimes.mx\/"},{"@type":"ListItem","position":2,"name":"Cae joven por atacar sexualmente a menor de edad en calles de Texmelucan"}]},{"@type":"WebSite","@id":"https:\/\/thepueblatimes.mx\/#website","url":"https:\/\/thepueblatimes.mx\/","name":"The Puebla Times","description":"Noticias del Estado de Puebla","potentialAction":[{"@type":"SearchAction","target":{"@type":"EntryPoint","urlTemplate":"https:\/\/thepueblatimes.mx\/?s={search_term_string}"},"query-input":"required name=search_term_string"}],"inLanguage":"es"},{"@type":"Person","@id":"https:\/\/thepueblatimes.mx\/#\/schema\/person\/7bdf2adbc50078b104bba72b5612f774","name":"Francisco S\u00e1nchez Nolasco","image":{"@type":"ImageObject","inLanguage":"es","@id":"https:\/\/thepueblatimes.mx\/#\/schema\/person\/image\/","url":"https:\/\/secure.gravatar.com\/avatar\/6061d7d20b38bc2742a5218401b198d2?s=96&d=mm&r=g","contentUrl":"https:\/\/secure.gravatar.com\/avatar\/6061d7d20b38bc2742a5218401b198d2?s=96&d=mm&r=g","caption":"Francisco S\u00e1nchez Nolasco"},"url":"https:\/\/thepueblatimes.mx\/index.php\/author\/marianitha-reyes\/"}]}},"jetpack_featured_media_url":"https:\/\/thepueblatimes.mx\/wp-content\/uploads\/2021\/06\/04AF3048-BB6D-488B-833B-1C76A84FAD84.jpeg","_links":{"self":[{"href":"https:\/\/thepueblatimes.mx\/index.php\/wp-json\/wp\/v2\/posts\/14214"}],"collection":[{"href":"https:\/\/thepueblatimes.mx\/index.php\/wp-json\/wp\/v2\/posts"}],"about":[{"href":"https:\/\/thepueblatimes.mx\/index.php\/wp-json\/wp\/v2\/types\/post"}],"author":[{"embeddable":true,"href":"https:\/\/thepueblatimes.mx\/index.php\/wp-json\/wp\/v2\/users\/15"}],"replies":[{"embeddable":true,"href":"https:\/\/thepueblatimes.mx\/index.php\/wp-json\/wp\/v2\/comments?post=14214"}],"version-history":[{"count":1,"href":"https:\/\/thepueblatimes.mx\/index.php\/wp-json\/wp\/v2\/posts\/14214\/revisions"}],"predecessor-version":[{"id":14216,"href":"https:\/\/thepueblatimes.mx\/index.php\/wp-json\/wp\/v2\/posts\/14214\/revisions\/14216"}],"wp:featuredmedia":[{"embeddable":true,"href":"https:\/\/thepueblatimes.mx\/index.php\/wp-json\/wp\/v2\/media\/14215"}],"wp:attachment":[{"href":"https:\/\/thepueblatimes.mx\/index.php\/wp-json\/wp\/v2\/media?parent=14214"}],"wp:term":[{"taxonomy":"category","embeddable":true,"href":"https:\/\/thepueblatimes.mx\/index.php\/wp-json\/wp\/v2\/categories?post=14214"},{"taxonomy":"post_tag","embeddable":true,"href":"https:\/\/thepueblatimes.mx\/index.php\/wp-json\/wp\/v2\/tags?post=14214"}],"curies":[{"name":"wp","href":"https:\/\/api.w.org\/{rel}","templated":true}]}}