{"id":14211,"date":"2021-06-30T11:17:26","date_gmt":"2021-06-30T16:17:26","guid":{"rendered":"https:\/\/thepueblatimes.mx\/?p=14211"},"modified":"2021-06-30T11:17:26","modified_gmt":"2021-06-30T16:17:26","slug":"por-descuidos-en-el-hogar-han-muerto-siete-menores-en-puebla","status":"publish","type":"post","link":"https:\/\/thepueblatimes.mx\/index.php\/2021\/06\/30\/por-descuidos-en-el-hogar-han-muerto-siete-menores-en-puebla\/","title":{"rendered":"Por descuidos en el hogar han muerto siete menores en Puebla"},"content":{"rendered":"<div class=\"content-body clearfix \">\n<div id=\"content-body-225-6902240\">\n<p>Por envenenamiento, ca\u00eddas, manipulaci\u00f3n de armas de fuego o ahogamiento, en lo que va del a\u00f1o, al menos 7 menores de edad han fallecido en el estado de Puebla, situaci\u00f3n por la que madres de familia hacen un llamado para tener mayor vigilancia de los peque\u00f1os en casa, y evitar m\u00e1s situaciones de este tipo.<\/p>\n<p>Cecilia tiene un peque\u00f1o de cuatro a\u00f1os, luego de que este resbalara de las escaleras utilizadas para subir a la azotea de su domicilio, y a sabiendas de los peligros que en el mismo hogar pueden existir para los menores, ha adoptado diversas medidas de seguridad tales como etiquetado de botellas, colocar en alto una estanter\u00eda con detergentes, limpiadores de piso, solventes, ubicar las escaleras met\u00e1licas en otra \u00e1rea de dif\u00edcil acceso para su hijo, y mantener restringido el uso de cuchillos, desarmadores u otras herramientas.<\/p>\n<\/div>\n<\/div>\n<div class=\"advertisment \">\n<div id=\"dfp-nota-1x1s\" data-google-query-id=\"CO7uxbbgv_ECFUosAQodpjQFSA\">\n<div id=\"google_ads_iframe_\/2000002\/elsoldepuebla\/mexico_nota_1x1_0__container__\"><iframe id=\"google_ads_iframe_\/2000002\/elsoldepuebla\/mexico_nota_1x1_0\" title=\"3rd party ad content\" name=\"google_ads_iframe_\/2000002\/elsoldepuebla\/mexico_nota_1x1_0\" width=\"1\" height=\"1\" frameborder=\"0\" marginwidth=\"0\" marginheight=\"0\" scrolling=\"no\" data-load-complete=\"true\" data-google-container-id=\"8\" data-mce-fragment=\"1\"><\/iframe><\/div>\n<\/div>\n<\/div>\n<div><\/div>\n<div id=\"smart-video\"><\/div>\n<div><\/div>\n<div class=\"advertisment \"><\/div>\n<article class=\"content-continued-body clearfix \">\n<div id=\"content-body-5851641-6902240\">\n<p>\u201cLe quitamos las escaleras para subir a la azotea porque en una ocasi\u00f3n se subi\u00f3 y resbal\u00f3, se la alejamos de forma definitiva. De manera general no puede probar nada que est\u00e9 en botellas; evitamos que se acerque al tanque de agua y si no lo escucho que est\u00e9 haciendo ruido mientras yo realizo otras actividades, inmediatamente le pregunto d\u00f3nde est\u00e1 y qu\u00e9 hace, incluso no puede acercarse a los contactos de luz, ya le he explicado que no debe meter los dedos porque le puede casuar da\u00f1o\u201d, explic\u00f3 la entrevistada.<\/p>\n<p>La madre de familia de 38 a\u00f1os de edad, pidi\u00f3 que los padres de familia o quien sea que se encuentre al cuidado de los menores en casa, tengan mayor vigilancia y est\u00e9n al pendiente de los peque\u00f1os.<\/p>\n<p>\u201cSi est\u00e1n haciendo otra actividad, les sugiero que est\u00e9n al pendiente de su hijo, si no lo escuchan, inmediatamente deben preguntar d\u00f3nde est\u00e1, qu\u00e9 est\u00e1n haciendo, explicarles sobre los riesgos que hay, porque ellos ya entienden, y marcar con etiqueta los envases\u201d, pidi\u00f3 la entrevistada.<\/p>\n<p>Por su parte, Daniela, otra ama de casa, confes\u00f3 que, aunque no es contundente en ciertas medidas de seguridad, s\u00ed toma en cuenta algunas cuestiones b\u00e1sicas como mantener cerrada y con candado la cisterna del agua, pero, adem\u00e1s, platica y explica a su hija sobre los riesgos en casa, adem\u00e1s de ense\u00f1arle a bajar escaleras, por lo que consider\u00f3 que la vigilancia es la mejor forma de evitar un accidente en casa.<\/p>\n<p><b>SIETE MENORES HAN MUERTO POR ACCIDENTE EN CASA<\/b><\/p>\n<p>Sobre este asunto, informaci\u00f3n hemerogr\u00e1fica de El Sol de Puebla se\u00f1ala que, de enero a junio de 2021, en el estado se han registrado, al menos, siete decesos de menores de edad por accidentes en casa, que van desde ca\u00eddas de \u00e1rbol, ahogamiento en cisternas, envenenamiento por ingerir productos con sustancias nocivas, y hasta la activaci\u00f3n de armas de fuego que se dejaron al alcance de los menores.<\/p>\n<p>El primer caso de este tipo en el a\u00f1o, se present\u00f3 el 23 de enero, cuando un ni\u00f1o de 8 a\u00f1os muri\u00f3 tras caer del \u00e1rbol donde jugaba, en su vivienda de la junta auxiliar de Santa Mar\u00eda Xonacatepec; el peque\u00f1o se golpe\u00f3 la cabeza y aunque param\u00e9dicos llegaron al lugar, ya nada pudieron hacer por la v\u00edctima, por lo que se dio parte a la Fiscal\u00eda de Puebla.<\/p>\n<p>Para el 27 de enero, una menor de tres a\u00f1os falleci\u00f3 por ahogamiento al caer a la cisterna de su domicilio en San Jos\u00e9 Los Cerritos. Param\u00e9dicos de Protecci\u00f3n Civil Municipal de Puebla fueron los encargados de confirmar el deceso de la peque\u00f1a, mientras que agentes ministeriales encabezaron las diligencias del levantamiento del cuerpo.<\/p>\n<p>Asimismo, el 17 de junio un menor de edad tom\u00f3 un arma de fuego que se encontraba en su casa y al jugar con sus hermanos tambi\u00e9n peque\u00f1os, por accidente dispar\u00f3 contra uno de ellos de 10 a\u00f1os, quien, a pesar de haber sido llevado al Hospital del Ni\u00f1o Poblano, falleci\u00f3.<\/p>\n<p>El festejo del D\u00eda del Padre, el 21 de junio, termin\u00f3 en desgracia para una familia en la poblaci\u00f3n de San Andr\u00e9s Calpan, donde un menor mat\u00f3 de un escopetazo a su prima de solo 6 a\u00f1os de edad. Era el segundo caso en menos de una semana sumando el de la ciudad de Puebla.<\/p>\n<p>Un d\u00eda despu\u00e9s, el 22 de junio, un beb\u00e9 de tan solo 8 meses de nacido falleci\u00f3 al interior del Hospital Integral en Tulcingo del Valle; presuntamente se habr\u00eda envenenado al ingerir semillas de calabaza tras el descuido de su madre en la comunidad de Xixingo de Los Reyes, perteneciente a este municipio. Se tiene conocimiento que el menor se encontraba en su andadera al interior de su domicilio y en un descuido habr\u00eda tomado semillas que estaban envenenadas con el objetivo de acabar con las plagas de insectos y fauna nociva en la vivienda.<\/p>\n<p>El pasado 26 de junio, una ni\u00f1a de 7 a\u00f1os muri\u00f3 ahogada tras caer por accidente a la cisterna sin tapa que se encuentra en su domicilio en la junta auxiliar de Santa Mar\u00eda Xonacatepec; la menor y sus hermanas de 5 y 12 a\u00f1os de edad, aparentemente, se encontraban solas ya que su madre tuvo que salir a trabajar a Cuernavaca, Morelos.<\/p>\n<p>Finalmente, este lunes, un ni\u00f1o de 12 a\u00f1os muri\u00f3 horas despu\u00e9s de haber ca\u00eddo de una barda, cuando persegu\u00eda a un gato. Aunque sus familiares lo auxiliaron y lo trasladaron a un centro hospitalario, poco despu\u00e9s reportaron su deceso.<\/p>\n<p>Fuentes policiacas confirmaron a este medio el deceso del menor que respond\u00eda en vida al nombre de Juan \u00c1ngel, dentro del Hospital General del Sur en la unidad habitacional de Agua Santa, a donde lleg\u00f3 con lesiones de consideraci\u00f3n.<\/p>\n<p>En el hospital, los deudos explicaron a los m\u00e9dicos y tambi\u00e9n a las autoridades ministeriales que Juan \u00c1ngel trataba de atrapar un gato y al corretearlo por una barda de tres metros de altura, en un descuido cay\u00f3 de cabeza.<\/p>\n<p>Tras el deceso, el \u00e1rea de Servicio Social inform\u00f3 a la Fiscal\u00eda General del Estado y as\u00ed agentes ministeriales acudieron para tomar conocimiento y encargarse de las diligencias del levantamiento de cad\u00e1ver.<\/p>\n<p>Los hechos fueron asentados bajo el expediente n\u00famero FGEP\/EAT\/FEIDVGCM\/VF-I\/000536\/2021. (Con informaci\u00f3n de Joel Arcega)<\/p>\n<\/div>\n<\/article>\n","protected":false},"excerpt":{"rendered":"<p>Por envenenamiento, ca\u00eddas, manipulaci\u00f3n de armas de fuego o ahogamiento, en lo que va del a\u00f1o, al menos 7 menores de edad han fallecido en el estado de Puebla, situaci\u00f3n por la que madres de familia hacen un llamado para tener mayor vigilancia de los peque\u00f1os en casa, y evitar m\u00e1s situaciones de este tipo&#8230;.<\/p>\n","protected":false},"author":15,"featured_media":14212,"comment_status":"open","ping_status":"open","sticky":false,"template":"","format":"standard","meta":[],"categories":[20],"tags":[49],"yoast_head":"<!-- This site is optimized with the Yoast SEO plugin v20.8 - https:\/\/yoast.com\/wordpress\/plugins\/seo\/ -->\n<title>Por descuidos en el hogar han muerto siete menores en Puebla - The Puebla Times<\/title>\n<meta name=\"robots\" content=\"index, follow, max-snippet:-1, max-image-preview:large, max-video-preview:-1\" \/>\n<link rel=\"canonical\" href=\"https:\/\/thepueblatimes.mx\/index.php\/2021\/06\/30\/por-descuidos-en-el-hogar-han-muerto-siete-menores-en-puebla\/\" \/>\n<meta property=\"og:locale\" content=\"es_ES\" \/>\n<meta property=\"og:type\" content=\"article\" \/>\n<meta property=\"og:title\" content=\"Por descuidos en el hogar han muerto siete menores en Puebla - The Puebla Times\" \/>\n<meta property=\"og:description\" content=\"Por envenenamiento, ca\u00eddas, manipulaci\u00f3n de armas de fuego o ahogamiento, en lo que va del a\u00f1o, al menos 7 menores de edad han fallecido en el estado de Puebla, situaci\u00f3n por la que madres de familia hacen un llamado para tener mayor vigilancia de los peque\u00f1os en casa, y evitar m\u00e1s situaciones de este tipo....\" \/>\n<meta property=\"og:url\" content=\"https:\/\/thepueblatimes.mx\/index.php\/2021\/06\/30\/por-descuidos-en-el-hogar-han-muerto-siete-menores-en-puebla\/\" \/>\n<meta property=\"og:site_name\" content=\"The Puebla Times\" \/>\n<meta property=\"article:published_time\" content=\"2021-06-30T16:17:26+00:00\" \/>\n<meta property=\"og:image\" content=\"https:\/\/thepueblatimes.mx\/wp-content\/uploads\/2021\/06\/A79C12F3-D815-4A06-A1FC-41695421CED8.jpeg\" \/>\n\t<meta property=\"og:image:width\" content=\"400\" \/>\n\t<meta property=\"og:image:height\" content=\"250\" \/>\n\t<meta property=\"og:image:type\" content=\"image\/jpeg\" \/>\n<meta name=\"author\" content=\"Francisco S\u00e1nchez Nolasco\" \/>\n<meta name=\"twitter:card\" content=\"summary_large_image\" \/>\n<meta name=\"twitter:label1\" content=\"Escrito por\" \/>\n\t<meta name=\"twitter:data1\" content=\"Francisco S\u00e1nchez Nolasco\" \/>\n\t<meta name=\"twitter:label2\" content=\"Tiempo de lectura\" \/>\n\t<meta name=\"twitter:data2\" content=\"5 minutos\" \/>\n<script type=\"application\/ld+json\" class=\"yoast-schema-graph\">{\"@context\":\"https:\/\/schema.org\",\"@graph\":[{\"@type\":\"WebPage\",\"@id\":\"https:\/\/thepueblatimes.mx\/index.php\/2021\/06\/30\/por-descuidos-en-el-hogar-han-muerto-siete-menores-en-puebla\/\",\"url\":\"https:\/\/thepueblatimes.mx\/index.php\/2021\/06\/30\/por-descuidos-en-el-hogar-han-muerto-siete-menores-en-puebla\/\",\"name\":\"Por descuidos en el hogar han muerto siete menores en Puebla - The Puebla Times\",\"isPartOf\":{\"@id\":\"https:\/\/thepueblatimes.mx\/#website\"},\"datePublished\":\"2021-06-30T16:17:26+00:00\",\"dateModified\":\"2021-06-30T16:17:26+00:00\",\"author\":{\"@id\":\"https:\/\/thepueblatimes.mx\/#\/schema\/person\/7bdf2adbc50078b104bba72b5612f774\"},\"breadcrumb\":{\"@id\":\"https:\/\/thepueblatimes.mx\/index.php\/2021\/06\/30\/por-descuidos-en-el-hogar-han-muerto-siete-menores-en-puebla\/#breadcrumb\"},\"inLanguage\":\"es\",\"potentialAction\":[{\"@type\":\"ReadAction\",\"target\":[\"https:\/\/thepueblatimes.mx\/index.php\/2021\/06\/30\/por-descuidos-en-el-hogar-han-muerto-siete-menores-en-puebla\/\"]}]},{\"@type\":\"BreadcrumbList\",\"@id\":\"https:\/\/thepueblatimes.mx\/index.php\/2021\/06\/30\/por-descuidos-en-el-hogar-han-muerto-siete-menores-en-puebla\/#breadcrumb\",\"itemListElement\":[{\"@type\":\"ListItem\",\"position\":1,\"name\":\"Portada\",\"item\":\"https:\/\/thepueblatimes.mx\/\"},{\"@type\":\"ListItem\",\"position\":2,\"name\":\"Por descuidos en el hogar han muerto siete menores en Puebla\"}]},{\"@type\":\"WebSite\",\"@id\":\"https:\/\/thepueblatimes.mx\/#website\",\"url\":\"https:\/\/thepueblatimes.mx\/\",\"name\":\"The Puebla Times\",\"description\":\"Noticias del Estado de Puebla\",\"potentialAction\":[{\"@type\":\"SearchAction\",\"target\":{\"@type\":\"EntryPoint\",\"urlTemplate\":\"https:\/\/thepueblatimes.mx\/?s={search_term_string}\"},\"query-input\":\"required name=search_term_string\"}],\"inLanguage\":\"es\"},{\"@type\":\"Person\",\"@id\":\"https:\/\/thepueblatimes.mx\/#\/schema\/person\/7bdf2adbc50078b104bba72b5612f774\",\"name\":\"Francisco S\u00e1nchez Nolasco\",\"image\":{\"@type\":\"ImageObject\",\"inLanguage\":\"es\",\"@id\":\"https:\/\/thepueblatimes.mx\/#\/schema\/person\/image\/\",\"url\":\"https:\/\/secure.gravatar.com\/avatar\/6061d7d20b38bc2742a5218401b198d2?s=96&d=mm&r=g\",\"contentUrl\":\"https:\/\/secure.gravatar.com\/avatar\/6061d7d20b38bc2742a5218401b198d2?s=96&d=mm&r=g\",\"caption\":\"Francisco S\u00e1nchez Nolasco\"},\"url\":\"https:\/\/thepueblatimes.mx\/index.php\/author\/marianitha-reyes\/\"}]}<\/script>\n<!-- \/ Yoast SEO plugin. -->","yoast_head_json":{"title":"Por descuidos en el hogar han muerto siete menores en Puebla - The Puebla Times","robots":{"index":"index","follow":"follow","max-snippet":"max-snippet:-1","max-image-preview":"max-image-preview:large","max-video-preview":"max-video-preview:-1"},"canonical":"https:\/\/thepueblatimes.mx\/index.php\/2021\/06\/30\/por-descuidos-en-el-hogar-han-muerto-siete-menores-en-puebla\/","og_locale":"es_ES","og_type":"article","og_title":"Por descuidos en el hogar han muerto siete menores en Puebla - The Puebla Times","og_description":"Por envenenamiento, ca\u00eddas, manipulaci\u00f3n de armas de fuego o ahogamiento, en lo que va del a\u00f1o, al menos 7 menores de edad han fallecido en el estado de Puebla, situaci\u00f3n por la que madres de familia hacen un llamado para tener mayor vigilancia de los peque\u00f1os en casa, y evitar m\u00e1s situaciones de este tipo....","og_url":"https:\/\/thepueblatimes.mx\/index.php\/2021\/06\/30\/por-descuidos-en-el-hogar-han-muerto-siete-menores-en-puebla\/","og_site_name":"The Puebla Times","article_published_time":"2021-06-30T16:17:26+00:00","og_image":[{"width":400,"height":250,"url":"https:\/\/thepueblatimes.mx\/wp-content\/uploads\/2021\/06\/A79C12F3-D815-4A06-A1FC-41695421CED8.jpeg","type":"image\/jpeg"}],"author":"Francisco S\u00e1nchez Nolasco","twitter_card":"summary_large_image","twitter_misc":{"Escrito por":"Francisco S\u00e1nchez Nolasco","Tiempo de lectura":"5 minutos"},"schema":{"@context":"https:\/\/schema.org","@graph":[{"@type":"WebPage","@id":"https:\/\/thepueblatimes.mx\/index.php\/2021\/06\/30\/por-descuidos-en-el-hogar-han-muerto-siete-menores-en-puebla\/","url":"https:\/\/thepueblatimes.mx\/index.php\/2021\/06\/30\/por-descuidos-en-el-hogar-han-muerto-siete-menores-en-puebla\/","name":"Por descuidos en el hogar han muerto siete menores en Puebla - The Puebla Times","isPartOf":{"@id":"https:\/\/thepueblatimes.mx\/#website"},"datePublished":"2021-06-30T16:17:26+00:00","dateModified":"2021-06-30T16:17:26+00:00","author":{"@id":"https:\/\/thepueblatimes.mx\/#\/schema\/person\/7bdf2adbc50078b104bba72b5612f774"},"breadcrumb":{"@id":"https:\/\/thepueblatimes.mx\/index.php\/2021\/06\/30\/por-descuidos-en-el-hogar-han-muerto-siete-menores-en-puebla\/#breadcrumb"},"inLanguage":"es","potentialAction":[{"@type":"ReadAction","target":["https:\/\/thepueblatimes.mx\/index.php\/2021\/06\/30\/por-descuidos-en-el-hogar-han-muerto-siete-menores-en-puebla\/"]}]},{"@type":"BreadcrumbList","@id":"https:\/\/thepueblatimes.mx\/index.php\/2021\/06\/30\/por-descuidos-en-el-hogar-han-muerto-siete-menores-en-puebla\/#breadcrumb","itemListElement":[{"@type":"ListItem","position":1,"name":"Portada","item":"https:\/\/thepueblatimes.mx\/"},{"@type":"ListItem","position":2,"name":"Por descuidos en el hogar han muerto siete menores en Puebla"}]},{"@type":"WebSite","@id":"https:\/\/thepueblatimes.mx\/#website","url":"https:\/\/thepueblatimes.mx\/","name":"The Puebla Times","description":"Noticias del Estado de Puebla","potentialAction":[{"@type":"SearchAction","target":{"@type":"EntryPoint","urlTemplate":"https:\/\/thepueblatimes.mx\/?s={search_term_string}"},"query-input":"required name=search_term_string"}],"inLanguage":"es"},{"@type":"Person","@id":"https:\/\/thepueblatimes.mx\/#\/schema\/person\/7bdf2adbc50078b104bba72b5612f774","name":"Francisco S\u00e1nchez Nolasco","image":{"@type":"ImageObject","inLanguage":"es","@id":"https:\/\/thepueblatimes.mx\/#\/schema\/person\/image\/","url":"https:\/\/secure.gravatar.com\/avatar\/6061d7d20b38bc2742a5218401b198d2?s=96&d=mm&r=g","contentUrl":"https:\/\/secure.gravatar.com\/avatar\/6061d7d20b38bc2742a5218401b198d2?s=96&d=mm&r=g","caption":"Francisco S\u00e1nchez Nolasco"},"url":"https:\/\/thepueblatimes.mx\/index.php\/author\/marianitha-reyes\/"}]}},"jetpack_featured_media_url":"https:\/\/thepueblatimes.mx\/wp-content\/uploads\/2021\/06\/A79C12F3-D815-4A06-A1FC-41695421CED8.jpeg","_links":{"self":[{"href":"https:\/\/thepueblatimes.mx\/index.php\/wp-json\/wp\/v2\/posts\/14211"}],"collection":[{"href":"https:\/\/thepueblatimes.mx\/index.php\/wp-json\/wp\/v2\/posts"}],"about":[{"href":"https:\/\/thepueblatimes.mx\/index.php\/wp-json\/wp\/v2\/types\/post"}],"author":[{"embeddable":true,"href":"https:\/\/thepueblatimes.mx\/index.php\/wp-json\/wp\/v2\/users\/15"}],"replies":[{"embeddable":true,"href":"https:\/\/thepueblatimes.mx\/index.php\/wp-json\/wp\/v2\/comments?post=14211"}],"version-history":[{"count":1,"href":"https:\/\/thepueblatimes.mx\/index.php\/wp-json\/wp\/v2\/posts\/14211\/revisions"}],"predecessor-version":[{"id":14213,"href":"https:\/\/thepueblatimes.mx\/index.php\/wp-json\/wp\/v2\/posts\/14211\/revisions\/14213"}],"wp:featuredmedia":[{"embeddable":true,"href":"https:\/\/thepueblatimes.mx\/index.php\/wp-json\/wp\/v2\/media\/14212"}],"wp:attachment":[{"href":"https:\/\/thepueblatimes.mx\/index.php\/wp-json\/wp\/v2\/media?parent=14211"}],"wp:term":[{"taxonomy":"category","embeddable":true,"href":"https:\/\/thepueblatimes.mx\/index.php\/wp-json\/wp\/v2\/categories?post=14211"},{"taxonomy":"post_tag","embeddable":true,"href":"https:\/\/thepueblatimes.mx\/index.php\/wp-json\/wp\/v2\/tags?post=14211"}],"curies":[{"name":"wp","href":"https:\/\/api.w.org\/{rel}","templated":true}]}}