{"id":14208,"date":"2021-06-30T11:14:58","date_gmt":"2021-06-30T16:14:58","guid":{"rendered":"https:\/\/thepueblatimes.mx\/?p=14208"},"modified":"2021-06-30T11:14:58","modified_gmt":"2021-06-30T16:14:58","slug":"derrapa-con-su-harley-davidson-y-muere-frente-a-galerias-serdan","status":"publish","type":"post","link":"https:\/\/thepueblatimes.mx\/index.php\/2021\/06\/30\/derrapa-con-su-harley-davidson-y-muere-frente-a-galerias-serdan\/","title":{"rendered":"Derrapa con su Harley Davidson y muere frente a Galer\u00edas Serd\u00e1n"},"content":{"rendered":"<p>Un motociclista de la tercera edad muri\u00f3 al derrapar con las boyas de un tope ubicado frente a la plaza Galer\u00edas Serd\u00e1n, este martes por la tarde.<\/p>\n<p>El fatal accidente fue reportado a las 13:10 horas, sobre bulevar Hermanos Serd\u00e1n casi esquina con calle Centenario con direcci\u00f3n al Poniente.<\/p>\n<p>El hoy occiso de 70 a\u00f1os de edad, conduc\u00eda una motocicleta de la marca Harley Davidson, color negro con caf\u00e9; al llegar a la citada ubicaci\u00f3n y pasar las boyas del tope que ah\u00ed se ubica, seg\u00fan los peritajes viales, el septuagenario perdi\u00f3 el control sobre la motocicleta para luego derrapar.<\/p>\n<article class=\"policiaca\nmedia col-md-4 inline-story \"><\/p>\n<div class=\"teaser \">\n<p>Al instante, pas\u00f3 un veh\u00edculo tipo tractor de la marca Freightliner, color blanco con placas del servicio p\u00fablico federal, que no pudo detenerse a tiempo y acab\u00f3 por arrollarlo.<\/p>\n<p>Las lesiones que sufri\u00f3 el motociclista terminaron con su vida de forma inmediata, pues a la llega de las asistencias m\u00e9dicas s\u00f3lo se confirm\u00f3 que carec\u00eda de signos vitales.<\/p>\n<p>El conductor de la unidad de carga decidi\u00f3 quedarse hasta el arribo de los peritos de Tr\u00e1nsito y Vialidad Municipal de Puebla que encabezaron las pesquisas de ley para el levantamiento del cuerpo y ordenar su traslado al Semefo; las indagatorias del caso continuar\u00e1n por parte de la Fiscal\u00eda de Puebla.<\/p>\n<\/div>\n<\/article>\n","protected":false},"excerpt":{"rendered":"<p>Un motociclista de la tercera edad muri\u00f3 al derrapar con las boyas de un tope ubicado frente a la plaza Galer\u00edas Serd\u00e1n, este martes por la tarde. El fatal accidente fue reportado a las 13:10 horas, sobre bulevar Hermanos Serd\u00e1n casi esquina con calle Centenario con direcci\u00f3n al Poniente. El hoy occiso de 70 a\u00f1os&#8230;<\/p>\n","protected":false},"author":15,"featured_media":14209,"comment_status":"open","ping_status":"open","sticky":false,"template":"","format":"standard","meta":[],"categories":[20],"tags":[49],"yoast_head":"<!-- This site is optimized with the Yoast SEO plugin v20.8 - https:\/\/yoast.com\/wordpress\/plugins\/seo\/ -->\n<title>Derrapa con su Harley Davidson y muere frente a Galer\u00edas Serd\u00e1n - The Puebla Times<\/title>\n<meta name=\"robots\" content=\"index, follow, max-snippet:-1, max-image-preview:large, max-video-preview:-1\" \/>\n<link rel=\"canonical\" href=\"https:\/\/thepueblatimes.mx\/index.php\/2021\/06\/30\/derrapa-con-su-harley-davidson-y-muere-frente-a-galerias-serdan\/\" \/>\n<meta property=\"og:locale\" content=\"es_ES\" \/>\n<meta property=\"og:type\" content=\"article\" \/>\n<meta property=\"og:title\" content=\"Derrapa con su Harley Davidson y muere frente a Galer\u00edas Serd\u00e1n - The Puebla Times\" \/>\n<meta property=\"og:description\" content=\"Un motociclista de la tercera edad muri\u00f3 al derrapar con las boyas de un tope ubicado frente a la plaza Galer\u00edas Serd\u00e1n, este martes por la tarde. El fatal accidente fue reportado a las 13:10 horas, sobre bulevar Hermanos Serd\u00e1n casi esquina con calle Centenario con direcci\u00f3n al Poniente. El hoy occiso de 70 a\u00f1os...\" \/>\n<meta property=\"og:url\" content=\"https:\/\/thepueblatimes.mx\/index.php\/2021\/06\/30\/derrapa-con-su-harley-davidson-y-muere-frente-a-galerias-serdan\/\" \/>\n<meta property=\"og:site_name\" content=\"The Puebla Times\" \/>\n<meta property=\"article:published_time\" content=\"2021-06-30T16:14:58+00:00\" \/>\n<meta property=\"og:image\" content=\"https:\/\/thepueblatimes.mx\/wp-content\/uploads\/2021\/06\/8CAD4DB0-BF82-404D-9381-8716A4C21152.png\" \/>\n\t<meta property=\"og:image:width\" content=\"400\" \/>\n\t<meta property=\"og:image:height\" content=\"250\" \/>\n\t<meta property=\"og:image:type\" content=\"image\/png\" \/>\n<meta name=\"author\" content=\"Francisco S\u00e1nchez Nolasco\" \/>\n<meta name=\"twitter:card\" content=\"summary_large_image\" \/>\n<meta name=\"twitter:label1\" content=\"Escrito por\" \/>\n\t<meta name=\"twitter:data1\" content=\"Francisco S\u00e1nchez Nolasco\" \/>\n\t<meta name=\"twitter:label2\" content=\"Tiempo de lectura\" \/>\n\t<meta name=\"twitter:data2\" content=\"1 minuto\" \/>\n<script type=\"application\/ld+json\" class=\"yoast-schema-graph\">{\"@context\":\"https:\/\/schema.org\",\"@graph\":[{\"@type\":\"WebPage\",\"@id\":\"https:\/\/thepueblatimes.mx\/index.php\/2021\/06\/30\/derrapa-con-su-harley-davidson-y-muere-frente-a-galerias-serdan\/\",\"url\":\"https:\/\/thepueblatimes.mx\/index.php\/2021\/06\/30\/derrapa-con-su-harley-davidson-y-muere-frente-a-galerias-serdan\/\",\"name\":\"Derrapa con su Harley Davidson y muere frente a Galer\u00edas Serd\u00e1n - The Puebla Times\",\"isPartOf\":{\"@id\":\"https:\/\/thepueblatimes.mx\/#website\"},\"datePublished\":\"2021-06-30T16:14:58+00:00\",\"dateModified\":\"2021-06-30T16:14:58+00:00\",\"author\":{\"@id\":\"https:\/\/thepueblatimes.mx\/#\/schema\/person\/7bdf2adbc50078b104bba72b5612f774\"},\"breadcrumb\":{\"@id\":\"https:\/\/thepueblatimes.mx\/index.php\/2021\/06\/30\/derrapa-con-su-harley-davidson-y-muere-frente-a-galerias-serdan\/#breadcrumb\"},\"inLanguage\":\"es\",\"potentialAction\":[{\"@type\":\"ReadAction\",\"target\":[\"https:\/\/thepueblatimes.mx\/index.php\/2021\/06\/30\/derrapa-con-su-harley-davidson-y-muere-frente-a-galerias-serdan\/\"]}]},{\"@type\":\"BreadcrumbList\",\"@id\":\"https:\/\/thepueblatimes.mx\/index.php\/2021\/06\/30\/derrapa-con-su-harley-davidson-y-muere-frente-a-galerias-serdan\/#breadcrumb\",\"itemListElement\":[{\"@type\":\"ListItem\",\"position\":1,\"name\":\"Portada\",\"item\":\"https:\/\/thepueblatimes.mx\/\"},{\"@type\":\"ListItem\",\"position\":2,\"name\":\"Derrapa con su Harley Davidson y muere frente a Galer\u00edas Serd\u00e1n\"}]},{\"@type\":\"WebSite\",\"@id\":\"https:\/\/thepueblatimes.mx\/#website\",\"url\":\"https:\/\/thepueblatimes.mx\/\",\"name\":\"The Puebla Times\",\"description\":\"Noticias del Estado de Puebla\",\"potentialAction\":[{\"@type\":\"SearchAction\",\"target\":{\"@type\":\"EntryPoint\",\"urlTemplate\":\"https:\/\/thepueblatimes.mx\/?s={search_term_string}\"},\"query-input\":\"required name=search_term_string\"}],\"inLanguage\":\"es\"},{\"@type\":\"Person\",\"@id\":\"https:\/\/thepueblatimes.mx\/#\/schema\/person\/7bdf2adbc50078b104bba72b5612f774\",\"name\":\"Francisco S\u00e1nchez Nolasco\",\"image\":{\"@type\":\"ImageObject\",\"inLanguage\":\"es\",\"@id\":\"https:\/\/thepueblatimes.mx\/#\/schema\/person\/image\/\",\"url\":\"https:\/\/secure.gravatar.com\/avatar\/6061d7d20b38bc2742a5218401b198d2?s=96&d=mm&r=g\",\"contentUrl\":\"https:\/\/secure.gravatar.com\/avatar\/6061d7d20b38bc2742a5218401b198d2?s=96&d=mm&r=g\",\"caption\":\"Francisco S\u00e1nchez Nolasco\"},\"url\":\"https:\/\/thepueblatimes.mx\/index.php\/author\/marianitha-reyes\/\"}]}<\/script>\n<!-- \/ Yoast SEO plugin. -->","yoast_head_json":{"title":"Derrapa con su Harley Davidson y muere frente a Galer\u00edas Serd\u00e1n - The Puebla Times","robots":{"index":"index","follow":"follow","max-snippet":"max-snippet:-1","max-image-preview":"max-image-preview:large","max-video-preview":"max-video-preview:-1"},"canonical":"https:\/\/thepueblatimes.mx\/index.php\/2021\/06\/30\/derrapa-con-su-harley-davidson-y-muere-frente-a-galerias-serdan\/","og_locale":"es_ES","og_type":"article","og_title":"Derrapa con su Harley Davidson y muere frente a Galer\u00edas Serd\u00e1n - The Puebla Times","og_description":"Un motociclista de la tercera edad muri\u00f3 al derrapar con las boyas de un tope ubicado frente a la plaza Galer\u00edas Serd\u00e1n, este martes por la tarde. El fatal accidente fue reportado a las 13:10 horas, sobre bulevar Hermanos Serd\u00e1n casi esquina con calle Centenario con direcci\u00f3n al Poniente. El hoy occiso de 70 a\u00f1os...","og_url":"https:\/\/thepueblatimes.mx\/index.php\/2021\/06\/30\/derrapa-con-su-harley-davidson-y-muere-frente-a-galerias-serdan\/","og_site_name":"The Puebla Times","article_published_time":"2021-06-30T16:14:58+00:00","og_image":[{"width":400,"height":250,"url":"https:\/\/thepueblatimes.mx\/wp-content\/uploads\/2021\/06\/8CAD4DB0-BF82-404D-9381-8716A4C21152.png","type":"image\/png"}],"author":"Francisco S\u00e1nchez Nolasco","twitter_card":"summary_large_image","twitter_misc":{"Escrito por":"Francisco S\u00e1nchez Nolasco","Tiempo de lectura":"1 minuto"},"schema":{"@context":"https:\/\/schema.org","@graph":[{"@type":"WebPage","@id":"https:\/\/thepueblatimes.mx\/index.php\/2021\/06\/30\/derrapa-con-su-harley-davidson-y-muere-frente-a-galerias-serdan\/","url":"https:\/\/thepueblatimes.mx\/index.php\/2021\/06\/30\/derrapa-con-su-harley-davidson-y-muere-frente-a-galerias-serdan\/","name":"Derrapa con su Harley Davidson y muere frente a Galer\u00edas Serd\u00e1n - The Puebla Times","isPartOf":{"@id":"https:\/\/thepueblatimes.mx\/#website"},"datePublished":"2021-06-30T16:14:58+00:00","dateModified":"2021-06-30T16:14:58+00:00","author":{"@id":"https:\/\/thepueblatimes.mx\/#\/schema\/person\/7bdf2adbc50078b104bba72b5612f774"},"breadcrumb":{"@id":"https:\/\/thepueblatimes.mx\/index.php\/2021\/06\/30\/derrapa-con-su-harley-davidson-y-muere-frente-a-galerias-serdan\/#breadcrumb"},"inLanguage":"es","potentialAction":[{"@type":"ReadAction","target":["https:\/\/thepueblatimes.mx\/index.php\/2021\/06\/30\/derrapa-con-su-harley-davidson-y-muere-frente-a-galerias-serdan\/"]}]},{"@type":"BreadcrumbList","@id":"https:\/\/thepueblatimes.mx\/index.php\/2021\/06\/30\/derrapa-con-su-harley-davidson-y-muere-frente-a-galerias-serdan\/#breadcrumb","itemListElement":[{"@type":"ListItem","position":1,"name":"Portada","item":"https:\/\/thepueblatimes.mx\/"},{"@type":"ListItem","position":2,"name":"Derrapa con su Harley Davidson y muere frente a Galer\u00edas Serd\u00e1n"}]},{"@type":"WebSite","@id":"https:\/\/thepueblatimes.mx\/#website","url":"https:\/\/thepueblatimes.mx\/","name":"The Puebla Times","description":"Noticias del Estado de Puebla","potentialAction":[{"@type":"SearchAction","target":{"@type":"EntryPoint","urlTemplate":"https:\/\/thepueblatimes.mx\/?s={search_term_string}"},"query-input":"required name=search_term_string"}],"inLanguage":"es"},{"@type":"Person","@id":"https:\/\/thepueblatimes.mx\/#\/schema\/person\/7bdf2adbc50078b104bba72b5612f774","name":"Francisco S\u00e1nchez Nolasco","image":{"@type":"ImageObject","inLanguage":"es","@id":"https:\/\/thepueblatimes.mx\/#\/schema\/person\/image\/","url":"https:\/\/secure.gravatar.com\/avatar\/6061d7d20b38bc2742a5218401b198d2?s=96&d=mm&r=g","contentUrl":"https:\/\/secure.gravatar.com\/avatar\/6061d7d20b38bc2742a5218401b198d2?s=96&d=mm&r=g","caption":"Francisco S\u00e1nchez Nolasco"},"url":"https:\/\/thepueblatimes.mx\/index.php\/author\/marianitha-reyes\/"}]}},"jetpack_featured_media_url":"https:\/\/thepueblatimes.mx\/wp-content\/uploads\/2021\/06\/8CAD4DB0-BF82-404D-9381-8716A4C21152.png","_links":{"self":[{"href":"https:\/\/thepueblatimes.mx\/index.php\/wp-json\/wp\/v2\/posts\/14208"}],"collection":[{"href":"https:\/\/thepueblatimes.mx\/index.php\/wp-json\/wp\/v2\/posts"}],"about":[{"href":"https:\/\/thepueblatimes.mx\/index.php\/wp-json\/wp\/v2\/types\/post"}],"author":[{"embeddable":true,"href":"https:\/\/thepueblatimes.mx\/index.php\/wp-json\/wp\/v2\/users\/15"}],"replies":[{"embeddable":true,"href":"https:\/\/thepueblatimes.mx\/index.php\/wp-json\/wp\/v2\/comments?post=14208"}],"version-history":[{"count":1,"href":"https:\/\/thepueblatimes.mx\/index.php\/wp-json\/wp\/v2\/posts\/14208\/revisions"}],"predecessor-version":[{"id":14210,"href":"https:\/\/thepueblatimes.mx\/index.php\/wp-json\/wp\/v2\/posts\/14208\/revisions\/14210"}],"wp:featuredmedia":[{"embeddable":true,"href":"https:\/\/thepueblatimes.mx\/index.php\/wp-json\/wp\/v2\/media\/14209"}],"wp:attachment":[{"href":"https:\/\/thepueblatimes.mx\/index.php\/wp-json\/wp\/v2\/media?parent=14208"}],"wp:term":[{"taxonomy":"category","embeddable":true,"href":"https:\/\/thepueblatimes.mx\/index.php\/wp-json\/wp\/v2\/categories?post=14208"},{"taxonomy":"post_tag","embeddable":true,"href":"https:\/\/thepueblatimes.mx\/index.php\/wp-json\/wp\/v2\/tags?post=14208"}],"curies":[{"name":"wp","href":"https:\/\/api.w.org\/{rel}","templated":true}]}}