{"id":14200,"date":"2021-06-30T11:09:59","date_gmt":"2021-06-30T16:09:59","guid":{"rendered":"https:\/\/thepueblatimes.mx\/?p=14200"},"modified":"2021-06-30T11:09:59","modified_gmt":"2021-06-30T16:09:59","slug":"desaparece-karla-de-13-anos-en-la-colonia-fundadores-de-chapultepec-en-puebla","status":"publish","type":"post","link":"https:\/\/thepueblatimes.mx\/index.php\/2021\/06\/30\/desaparece-karla-de-13-anos-en-la-colonia-fundadores-de-chapultepec-en-puebla\/","title":{"rendered":"Desaparece Karla de 13 a\u00f1os en la colonia Fundadores de Chapultepec en Puebla"},"content":{"rendered":"<p>Puebla, Pue.- La Fiscal\u00eda General de Puebla dio a conocer la <strong>desaparici\u00f3n de Karla Fernanda Su\u00e1rez S\u00e1nchez de 13 a\u00f1os de edad.<\/strong><\/p>\n<p><strong>Fue vista por \u00faltima vez ayer 29 de junio en la colonia Fundadores de Chapultepec, en la capital poblana.<\/strong><\/p>\n<p>Como se\u00f1a particular tiene una cicatriz en la ceja derecha. Vest\u00eda playera manga corta azul cielo, bermuda y tenis blancos.<\/p>\n<p>Cualquier informe de su paradero comunicarse al tel\u00e9fono 2212838142.<\/p>\n","protected":false},"excerpt":{"rendered":"<p>Puebla, Pue.- La Fiscal\u00eda General de Puebla dio a conocer la desaparici\u00f3n de Karla Fernanda Su\u00e1rez S\u00e1nchez de 13 a\u00f1os de edad. Fue vista por \u00faltima vez ayer 29 de junio en la colonia Fundadores de Chapultepec, en la capital poblana. Como se\u00f1a particular tiene una cicatriz en la ceja derecha. Vest\u00eda playera manga corta&#8230;<\/p>\n","protected":false},"author":15,"featured_media":14202,"comment_status":"open","ping_status":"open","sticky":false,"template":"","format":"standard","meta":[],"categories":[20],"tags":[49],"yoast_head":"<!-- This site is optimized with the Yoast SEO plugin v20.8 - https:\/\/yoast.com\/wordpress\/plugins\/seo\/ -->\n<title>Desaparece Karla de 13 a\u00f1os en la colonia Fundadores de Chapultepec en Puebla - The Puebla Times<\/title>\n<meta name=\"robots\" content=\"index, follow, max-snippet:-1, max-image-preview:large, max-video-preview:-1\" \/>\n<link rel=\"canonical\" href=\"https:\/\/thepueblatimes.mx\/index.php\/2021\/06\/30\/desaparece-karla-de-13-anos-en-la-colonia-fundadores-de-chapultepec-en-puebla\/\" \/>\n<meta property=\"og:locale\" content=\"es_ES\" \/>\n<meta property=\"og:type\" content=\"article\" \/>\n<meta property=\"og:title\" content=\"Desaparece Karla de 13 a\u00f1os en la colonia Fundadores de Chapultepec en Puebla - The Puebla Times\" \/>\n<meta property=\"og:description\" content=\"Puebla, Pue.- La Fiscal\u00eda General de Puebla dio a conocer la desaparici\u00f3n de Karla Fernanda Su\u00e1rez S\u00e1nchez de 13 a\u00f1os de edad. Fue vista por \u00faltima vez ayer 29 de junio en la colonia Fundadores de Chapultepec, en la capital poblana. Como se\u00f1a particular tiene una cicatriz en la ceja derecha. Vest\u00eda playera manga corta...\" \/>\n<meta property=\"og:url\" content=\"https:\/\/thepueblatimes.mx\/index.php\/2021\/06\/30\/desaparece-karla-de-13-anos-en-la-colonia-fundadores-de-chapultepec-en-puebla\/\" \/>\n<meta property=\"og:site_name\" content=\"The Puebla Times\" \/>\n<meta property=\"article:published_time\" content=\"2021-06-30T16:09:59+00:00\" \/>\n<meta property=\"og:image\" content=\"https:\/\/thepueblatimes.mx\/wp-content\/uploads\/2021\/06\/37CDD0CB-F26F-46BE-9868-BDF70E27406D.jpeg\" \/>\n\t<meta property=\"og:image:width\" content=\"650\" \/>\n\t<meta property=\"og:image:height\" content=\"416\" \/>\n\t<meta property=\"og:image:type\" content=\"image\/jpeg\" \/>\n<meta name=\"author\" content=\"Francisco S\u00e1nchez Nolasco\" \/>\n<meta name=\"twitter:card\" content=\"summary_large_image\" \/>\n<meta name=\"twitter:label1\" content=\"Escrito por\" \/>\n\t<meta name=\"twitter:data1\" content=\"Francisco S\u00e1nchez Nolasco\" \/>\n<script type=\"application\/ld+json\" class=\"yoast-schema-graph\">{\"@context\":\"https:\/\/schema.org\",\"@graph\":[{\"@type\":\"WebPage\",\"@id\":\"https:\/\/thepueblatimes.mx\/index.php\/2021\/06\/30\/desaparece-karla-de-13-anos-en-la-colonia-fundadores-de-chapultepec-en-puebla\/\",\"url\":\"https:\/\/thepueblatimes.mx\/index.php\/2021\/06\/30\/desaparece-karla-de-13-anos-en-la-colonia-fundadores-de-chapultepec-en-puebla\/\",\"name\":\"Desaparece Karla de 13 a\u00f1os en la colonia Fundadores de Chapultepec en Puebla - The Puebla Times\",\"isPartOf\":{\"@id\":\"https:\/\/thepueblatimes.mx\/#website\"},\"datePublished\":\"2021-06-30T16:09:59+00:00\",\"dateModified\":\"2021-06-30T16:09:59+00:00\",\"author\":{\"@id\":\"https:\/\/thepueblatimes.mx\/#\/schema\/person\/7bdf2adbc50078b104bba72b5612f774\"},\"breadcrumb\":{\"@id\":\"https:\/\/thepueblatimes.mx\/index.php\/2021\/06\/30\/desaparece-karla-de-13-anos-en-la-colonia-fundadores-de-chapultepec-en-puebla\/#breadcrumb\"},\"inLanguage\":\"es\",\"potentialAction\":[{\"@type\":\"ReadAction\",\"target\":[\"https:\/\/thepueblatimes.mx\/index.php\/2021\/06\/30\/desaparece-karla-de-13-anos-en-la-colonia-fundadores-de-chapultepec-en-puebla\/\"]}]},{\"@type\":\"BreadcrumbList\",\"@id\":\"https:\/\/thepueblatimes.mx\/index.php\/2021\/06\/30\/desaparece-karla-de-13-anos-en-la-colonia-fundadores-de-chapultepec-en-puebla\/#breadcrumb\",\"itemListElement\":[{\"@type\":\"ListItem\",\"position\":1,\"name\":\"Portada\",\"item\":\"https:\/\/thepueblatimes.mx\/\"},{\"@type\":\"ListItem\",\"position\":2,\"name\":\"Desaparece Karla de 13 a\u00f1os en la colonia Fundadores de Chapultepec en Puebla\"}]},{\"@type\":\"WebSite\",\"@id\":\"https:\/\/thepueblatimes.mx\/#website\",\"url\":\"https:\/\/thepueblatimes.mx\/\",\"name\":\"The Puebla Times\",\"description\":\"Noticias del Estado de Puebla\",\"potentialAction\":[{\"@type\":\"SearchAction\",\"target\":{\"@type\":\"EntryPoint\",\"urlTemplate\":\"https:\/\/thepueblatimes.mx\/?s={search_term_string}\"},\"query-input\":\"required name=search_term_string\"}],\"inLanguage\":\"es\"},{\"@type\":\"Person\",\"@id\":\"https:\/\/thepueblatimes.mx\/#\/schema\/person\/7bdf2adbc50078b104bba72b5612f774\",\"name\":\"Francisco S\u00e1nchez Nolasco\",\"image\":{\"@type\":\"ImageObject\",\"inLanguage\":\"es\",\"@id\":\"https:\/\/thepueblatimes.mx\/#\/schema\/person\/image\/\",\"url\":\"https:\/\/secure.gravatar.com\/avatar\/6061d7d20b38bc2742a5218401b198d2?s=96&d=mm&r=g\",\"contentUrl\":\"https:\/\/secure.gravatar.com\/avatar\/6061d7d20b38bc2742a5218401b198d2?s=96&d=mm&r=g\",\"caption\":\"Francisco S\u00e1nchez Nolasco\"},\"url\":\"https:\/\/thepueblatimes.mx\/index.php\/author\/marianitha-reyes\/\"}]}<\/script>\n<!-- \/ Yoast SEO plugin. -->","yoast_head_json":{"title":"Desaparece Karla de 13 a\u00f1os en la colonia Fundadores de Chapultepec en Puebla - The Puebla Times","robots":{"index":"index","follow":"follow","max-snippet":"max-snippet:-1","max-image-preview":"max-image-preview:large","max-video-preview":"max-video-preview:-1"},"canonical":"https:\/\/thepueblatimes.mx\/index.php\/2021\/06\/30\/desaparece-karla-de-13-anos-en-la-colonia-fundadores-de-chapultepec-en-puebla\/","og_locale":"es_ES","og_type":"article","og_title":"Desaparece Karla de 13 a\u00f1os en la colonia Fundadores de Chapultepec en Puebla - The Puebla Times","og_description":"Puebla, Pue.- La Fiscal\u00eda General de Puebla dio a conocer la desaparici\u00f3n de Karla Fernanda Su\u00e1rez S\u00e1nchez de 13 a\u00f1os de edad. Fue vista por \u00faltima vez ayer 29 de junio en la colonia Fundadores de Chapultepec, en la capital poblana. Como se\u00f1a particular tiene una cicatriz en la ceja derecha. Vest\u00eda playera manga corta...","og_url":"https:\/\/thepueblatimes.mx\/index.php\/2021\/06\/30\/desaparece-karla-de-13-anos-en-la-colonia-fundadores-de-chapultepec-en-puebla\/","og_site_name":"The Puebla Times","article_published_time":"2021-06-30T16:09:59+00:00","og_image":[{"width":650,"height":416,"url":"https:\/\/thepueblatimes.mx\/wp-content\/uploads\/2021\/06\/37CDD0CB-F26F-46BE-9868-BDF70E27406D.jpeg","type":"image\/jpeg"}],"author":"Francisco S\u00e1nchez Nolasco","twitter_card":"summary_large_image","twitter_misc":{"Escrito por":"Francisco S\u00e1nchez Nolasco"},"schema":{"@context":"https:\/\/schema.org","@graph":[{"@type":"WebPage","@id":"https:\/\/thepueblatimes.mx\/index.php\/2021\/06\/30\/desaparece-karla-de-13-anos-en-la-colonia-fundadores-de-chapultepec-en-puebla\/","url":"https:\/\/thepueblatimes.mx\/index.php\/2021\/06\/30\/desaparece-karla-de-13-anos-en-la-colonia-fundadores-de-chapultepec-en-puebla\/","name":"Desaparece Karla de 13 a\u00f1os en la colonia Fundadores de Chapultepec en Puebla - The Puebla Times","isPartOf":{"@id":"https:\/\/thepueblatimes.mx\/#website"},"datePublished":"2021-06-30T16:09:59+00:00","dateModified":"2021-06-30T16:09:59+00:00","author":{"@id":"https:\/\/thepueblatimes.mx\/#\/schema\/person\/7bdf2adbc50078b104bba72b5612f774"},"breadcrumb":{"@id":"https:\/\/thepueblatimes.mx\/index.php\/2021\/06\/30\/desaparece-karla-de-13-anos-en-la-colonia-fundadores-de-chapultepec-en-puebla\/#breadcrumb"},"inLanguage":"es","potentialAction":[{"@type":"ReadAction","target":["https:\/\/thepueblatimes.mx\/index.php\/2021\/06\/30\/desaparece-karla-de-13-anos-en-la-colonia-fundadores-de-chapultepec-en-puebla\/"]}]},{"@type":"BreadcrumbList","@id":"https:\/\/thepueblatimes.mx\/index.php\/2021\/06\/30\/desaparece-karla-de-13-anos-en-la-colonia-fundadores-de-chapultepec-en-puebla\/#breadcrumb","itemListElement":[{"@type":"ListItem","position":1,"name":"Portada","item":"https:\/\/thepueblatimes.mx\/"},{"@type":"ListItem","position":2,"name":"Desaparece Karla de 13 a\u00f1os en la colonia Fundadores de Chapultepec en Puebla"}]},{"@type":"WebSite","@id":"https:\/\/thepueblatimes.mx\/#website","url":"https:\/\/thepueblatimes.mx\/","name":"The Puebla Times","description":"Noticias del Estado de Puebla","potentialAction":[{"@type":"SearchAction","target":{"@type":"EntryPoint","urlTemplate":"https:\/\/thepueblatimes.mx\/?s={search_term_string}"},"query-input":"required name=search_term_string"}],"inLanguage":"es"},{"@type":"Person","@id":"https:\/\/thepueblatimes.mx\/#\/schema\/person\/7bdf2adbc50078b104bba72b5612f774","name":"Francisco S\u00e1nchez Nolasco","image":{"@type":"ImageObject","inLanguage":"es","@id":"https:\/\/thepueblatimes.mx\/#\/schema\/person\/image\/","url":"https:\/\/secure.gravatar.com\/avatar\/6061d7d20b38bc2742a5218401b198d2?s=96&d=mm&r=g","contentUrl":"https:\/\/secure.gravatar.com\/avatar\/6061d7d20b38bc2742a5218401b198d2?s=96&d=mm&r=g","caption":"Francisco S\u00e1nchez Nolasco"},"url":"https:\/\/thepueblatimes.mx\/index.php\/author\/marianitha-reyes\/"}]}},"jetpack_featured_media_url":"https:\/\/thepueblatimes.mx\/wp-content\/uploads\/2021\/06\/37CDD0CB-F26F-46BE-9868-BDF70E27406D.jpeg","_links":{"self":[{"href":"https:\/\/thepueblatimes.mx\/index.php\/wp-json\/wp\/v2\/posts\/14200"}],"collection":[{"href":"https:\/\/thepueblatimes.mx\/index.php\/wp-json\/wp\/v2\/posts"}],"about":[{"href":"https:\/\/thepueblatimes.mx\/index.php\/wp-json\/wp\/v2\/types\/post"}],"author":[{"embeddable":true,"href":"https:\/\/thepueblatimes.mx\/index.php\/wp-json\/wp\/v2\/users\/15"}],"replies":[{"embeddable":true,"href":"https:\/\/thepueblatimes.mx\/index.php\/wp-json\/wp\/v2\/comments?post=14200"}],"version-history":[{"count":1,"href":"https:\/\/thepueblatimes.mx\/index.php\/wp-json\/wp\/v2\/posts\/14200\/revisions"}],"predecessor-version":[{"id":14203,"href":"https:\/\/thepueblatimes.mx\/index.php\/wp-json\/wp\/v2\/posts\/14200\/revisions\/14203"}],"wp:featuredmedia":[{"embeddable":true,"href":"https:\/\/thepueblatimes.mx\/index.php\/wp-json\/wp\/v2\/media\/14202"}],"wp:attachment":[{"href":"https:\/\/thepueblatimes.mx\/index.php\/wp-json\/wp\/v2\/media?parent=14200"}],"wp:term":[{"taxonomy":"category","embeddable":true,"href":"https:\/\/thepueblatimes.mx\/index.php\/wp-json\/wp\/v2\/categories?post=14200"},{"taxonomy":"post_tag","embeddable":true,"href":"https:\/\/thepueblatimes.mx\/index.php\/wp-json\/wp\/v2\/tags?post=14200"}],"curies":[{"name":"wp","href":"https:\/\/api.w.org\/{rel}","templated":true}]}}