{"id":14197,"date":"2021-06-30T11:06:53","date_gmt":"2021-06-30T16:06:53","guid":{"rendered":"https:\/\/thepueblatimes.mx\/?p=14197"},"modified":"2021-06-30T11:06:53","modified_gmt":"2021-06-30T16:06:53","slug":"tio-si-asesino-a-nino-de-13-anos-en-totimehuacan-senala-fge","status":"publish","type":"post","link":"https:\/\/thepueblatimes.mx\/index.php\/2021\/06\/30\/tio-si-asesino-a-nino-de-13-anos-en-totimehuacan-senala-fge\/","title":{"rendered":"T\u00edo s\u00ed asesin\u00f3 a ni\u00f1o de 13 a\u00f1os en Totimehuac\u00e1n, se\u00f1ala FGE"},"content":{"rendered":"<p>La <strong>Fiscal\u00eda General del Estado<\/strong> de Puebla aprehendi\u00f3 y obtuvo la vinculaci\u00f3n a proceso de <strong>Gabriel N.<\/strong> de 20 a\u00f1os de edad, por el delito de <strong>homicidio calificado<\/strong>presuntamente cometido en agravio de Jes\u00fas, su <strong>sobrino<\/strong> menor de edad.<\/p>\n<p>Se desprende de las diligencias que, el 17 de mayo de 2021 el adolescente de 13 a\u00f1os y su t\u00edo se dirigieron al domicilio del menor en la colonia <strong>Guadalupe Tlatelpa<\/strong> de la junta auxiliar de <strong>San Francisco Totimehuac\u00e1n<\/strong>.<\/p>\n<p>Con base en la investigaci\u00f3n se establece que Gabriel N. agredi\u00f3 f\u00edsicamente a su sobrino ocasion\u00e1ndole <strong>m\u00faltiples heridas<\/strong> que provocaron su muerte.<\/p>\n<p>Gabriel N. habr\u00eda privado de la vida a su sobrino por <strong>presuntos problemas familiares<\/strong>. La <strong>concubina<\/strong> de Gabriel, quien adem\u00e1s es menor de edad, fue <strong>compa\u00f1era de escuela<\/strong> del occiso quien la apoyaba ante presunta <strong>violencia familiar<\/strong> de la que ella era v\u00edctima y que tambi\u00e9n se investiga, seg\u00fan se indic\u00f3 en un comunicado.<\/p>\n<p>La Fiscal\u00eda de Puebla al realizar diversos an\u00e1lisis determin\u00f3 que luego de que el menor de edad perdi\u00f3 la vida, <strong>su t\u00edo env\u00edo mensajes<\/strong> simulando ser el occiso pidiendo ayuda porque supuestamente sujetos lo persegu\u00edan.<\/p>\n","protected":false},"excerpt":{"rendered":"<p>La Fiscal\u00eda General del Estado de Puebla aprehendi\u00f3 y obtuvo la vinculaci\u00f3n a proceso de Gabriel N. de 20 a\u00f1os de edad, por el delito de homicidio calificadopresuntamente cometido en agravio de Jes\u00fas, su sobrino menor de edad. Se desprende de las diligencias que, el 17 de mayo de 2021 el adolescente de 13 a\u00f1os&#8230;<\/p>\n","protected":false},"author":15,"featured_media":14198,"comment_status":"open","ping_status":"open","sticky":false,"template":"","format":"standard","meta":[],"categories":[20],"tags":[49],"yoast_head":"<!-- This site is optimized with the Yoast SEO plugin v20.8 - https:\/\/yoast.com\/wordpress\/plugins\/seo\/ -->\n<title>T\u00edo s\u00ed asesin\u00f3 a ni\u00f1o de 13 a\u00f1os en Totimehuac\u00e1n, se\u00f1ala FGE - The Puebla Times<\/title>\n<meta name=\"robots\" content=\"index, follow, max-snippet:-1, max-image-preview:large, max-video-preview:-1\" \/>\n<link rel=\"canonical\" href=\"https:\/\/thepueblatimes.mx\/index.php\/2021\/06\/30\/tio-si-asesino-a-nino-de-13-anos-en-totimehuacan-senala-fge\/\" \/>\n<meta property=\"og:locale\" content=\"es_ES\" \/>\n<meta property=\"og:type\" content=\"article\" \/>\n<meta property=\"og:title\" content=\"T\u00edo s\u00ed asesin\u00f3 a ni\u00f1o de 13 a\u00f1os en Totimehuac\u00e1n, se\u00f1ala FGE - The Puebla Times\" \/>\n<meta property=\"og:description\" content=\"La Fiscal\u00eda General del Estado de Puebla aprehendi\u00f3 y obtuvo la vinculaci\u00f3n a proceso de Gabriel N. de 20 a\u00f1os de edad, por el delito de homicidio calificadopresuntamente cometido en agravio de Jes\u00fas, su sobrino menor de edad. Se desprende de las diligencias que, el 17 de mayo de 2021 el adolescente de 13 a\u00f1os...\" \/>\n<meta property=\"og:url\" content=\"https:\/\/thepueblatimes.mx\/index.php\/2021\/06\/30\/tio-si-asesino-a-nino-de-13-anos-en-totimehuacan-senala-fge\/\" \/>\n<meta property=\"og:site_name\" content=\"The Puebla Times\" \/>\n<meta property=\"article:published_time\" content=\"2021-06-30T16:06:53+00:00\" \/>\n<meta property=\"og:image\" content=\"https:\/\/thepueblatimes.mx\/wp-content\/uploads\/2021\/06\/695516AF-5AB3-4C58-93A4-C9AE47007738.jpeg\" \/>\n\t<meta property=\"og:image:width\" content=\"1920\" \/>\n\t<meta property=\"og:image:height\" content=\"1080\" \/>\n\t<meta property=\"og:image:type\" content=\"image\/jpeg\" \/>\n<meta name=\"author\" content=\"Francisco S\u00e1nchez Nolasco\" \/>\n<meta name=\"twitter:card\" content=\"summary_large_image\" \/>\n<meta name=\"twitter:label1\" content=\"Escrito por\" \/>\n\t<meta name=\"twitter:data1\" content=\"Francisco S\u00e1nchez Nolasco\" \/>\n\t<meta name=\"twitter:label2\" content=\"Tiempo de lectura\" \/>\n\t<meta name=\"twitter:data2\" content=\"1 minuto\" \/>\n<script type=\"application\/ld+json\" class=\"yoast-schema-graph\">{\"@context\":\"https:\/\/schema.org\",\"@graph\":[{\"@type\":\"WebPage\",\"@id\":\"https:\/\/thepueblatimes.mx\/index.php\/2021\/06\/30\/tio-si-asesino-a-nino-de-13-anos-en-totimehuacan-senala-fge\/\",\"url\":\"https:\/\/thepueblatimes.mx\/index.php\/2021\/06\/30\/tio-si-asesino-a-nino-de-13-anos-en-totimehuacan-senala-fge\/\",\"name\":\"T\u00edo s\u00ed asesin\u00f3 a ni\u00f1o de 13 a\u00f1os en Totimehuac\u00e1n, se\u00f1ala FGE - The Puebla Times\",\"isPartOf\":{\"@id\":\"https:\/\/thepueblatimes.mx\/#website\"},\"datePublished\":\"2021-06-30T16:06:53+00:00\",\"dateModified\":\"2021-06-30T16:06:53+00:00\",\"author\":{\"@id\":\"https:\/\/thepueblatimes.mx\/#\/schema\/person\/7bdf2adbc50078b104bba72b5612f774\"},\"breadcrumb\":{\"@id\":\"https:\/\/thepueblatimes.mx\/index.php\/2021\/06\/30\/tio-si-asesino-a-nino-de-13-anos-en-totimehuacan-senala-fge\/#breadcrumb\"},\"inLanguage\":\"es\",\"potentialAction\":[{\"@type\":\"ReadAction\",\"target\":[\"https:\/\/thepueblatimes.mx\/index.php\/2021\/06\/30\/tio-si-asesino-a-nino-de-13-anos-en-totimehuacan-senala-fge\/\"]}]},{\"@type\":\"BreadcrumbList\",\"@id\":\"https:\/\/thepueblatimes.mx\/index.php\/2021\/06\/30\/tio-si-asesino-a-nino-de-13-anos-en-totimehuacan-senala-fge\/#breadcrumb\",\"itemListElement\":[{\"@type\":\"ListItem\",\"position\":1,\"name\":\"Portada\",\"item\":\"https:\/\/thepueblatimes.mx\/\"},{\"@type\":\"ListItem\",\"position\":2,\"name\":\"T\u00edo s\u00ed asesin\u00f3 a ni\u00f1o de 13 a\u00f1os en Totimehuac\u00e1n, se\u00f1ala FGE\"}]},{\"@type\":\"WebSite\",\"@id\":\"https:\/\/thepueblatimes.mx\/#website\",\"url\":\"https:\/\/thepueblatimes.mx\/\",\"name\":\"The Puebla Times\",\"description\":\"Noticias del Estado de Puebla\",\"potentialAction\":[{\"@type\":\"SearchAction\",\"target\":{\"@type\":\"EntryPoint\",\"urlTemplate\":\"https:\/\/thepueblatimes.mx\/?s={search_term_string}\"},\"query-input\":\"required name=search_term_string\"}],\"inLanguage\":\"es\"},{\"@type\":\"Person\",\"@id\":\"https:\/\/thepueblatimes.mx\/#\/schema\/person\/7bdf2adbc50078b104bba72b5612f774\",\"name\":\"Francisco S\u00e1nchez Nolasco\",\"image\":{\"@type\":\"ImageObject\",\"inLanguage\":\"es\",\"@id\":\"https:\/\/thepueblatimes.mx\/#\/schema\/person\/image\/\",\"url\":\"https:\/\/secure.gravatar.com\/avatar\/6061d7d20b38bc2742a5218401b198d2?s=96&d=mm&r=g\",\"contentUrl\":\"https:\/\/secure.gravatar.com\/avatar\/6061d7d20b38bc2742a5218401b198d2?s=96&d=mm&r=g\",\"caption\":\"Francisco S\u00e1nchez Nolasco\"},\"url\":\"https:\/\/thepueblatimes.mx\/index.php\/author\/marianitha-reyes\/\"}]}<\/script>\n<!-- \/ Yoast SEO plugin. -->","yoast_head_json":{"title":"T\u00edo s\u00ed asesin\u00f3 a ni\u00f1o de 13 a\u00f1os en Totimehuac\u00e1n, se\u00f1ala FGE - The Puebla Times","robots":{"index":"index","follow":"follow","max-snippet":"max-snippet:-1","max-image-preview":"max-image-preview:large","max-video-preview":"max-video-preview:-1"},"canonical":"https:\/\/thepueblatimes.mx\/index.php\/2021\/06\/30\/tio-si-asesino-a-nino-de-13-anos-en-totimehuacan-senala-fge\/","og_locale":"es_ES","og_type":"article","og_title":"T\u00edo s\u00ed asesin\u00f3 a ni\u00f1o de 13 a\u00f1os en Totimehuac\u00e1n, se\u00f1ala FGE - The Puebla Times","og_description":"La Fiscal\u00eda General del Estado de Puebla aprehendi\u00f3 y obtuvo la vinculaci\u00f3n a proceso de Gabriel N. de 20 a\u00f1os de edad, por el delito de homicidio calificadopresuntamente cometido en agravio de Jes\u00fas, su sobrino menor de edad. Se desprende de las diligencias que, el 17 de mayo de 2021 el adolescente de 13 a\u00f1os...","og_url":"https:\/\/thepueblatimes.mx\/index.php\/2021\/06\/30\/tio-si-asesino-a-nino-de-13-anos-en-totimehuacan-senala-fge\/","og_site_name":"The Puebla Times","article_published_time":"2021-06-30T16:06:53+00:00","og_image":[{"width":1920,"height":1080,"url":"https:\/\/thepueblatimes.mx\/wp-content\/uploads\/2021\/06\/695516AF-5AB3-4C58-93A4-C9AE47007738.jpeg","type":"image\/jpeg"}],"author":"Francisco S\u00e1nchez Nolasco","twitter_card":"summary_large_image","twitter_misc":{"Escrito por":"Francisco S\u00e1nchez Nolasco","Tiempo de lectura":"1 minuto"},"schema":{"@context":"https:\/\/schema.org","@graph":[{"@type":"WebPage","@id":"https:\/\/thepueblatimes.mx\/index.php\/2021\/06\/30\/tio-si-asesino-a-nino-de-13-anos-en-totimehuacan-senala-fge\/","url":"https:\/\/thepueblatimes.mx\/index.php\/2021\/06\/30\/tio-si-asesino-a-nino-de-13-anos-en-totimehuacan-senala-fge\/","name":"T\u00edo s\u00ed asesin\u00f3 a ni\u00f1o de 13 a\u00f1os en Totimehuac\u00e1n, se\u00f1ala FGE - The Puebla Times","isPartOf":{"@id":"https:\/\/thepueblatimes.mx\/#website"},"datePublished":"2021-06-30T16:06:53+00:00","dateModified":"2021-06-30T16:06:53+00:00","author":{"@id":"https:\/\/thepueblatimes.mx\/#\/schema\/person\/7bdf2adbc50078b104bba72b5612f774"},"breadcrumb":{"@id":"https:\/\/thepueblatimes.mx\/index.php\/2021\/06\/30\/tio-si-asesino-a-nino-de-13-anos-en-totimehuacan-senala-fge\/#breadcrumb"},"inLanguage":"es","potentialAction":[{"@type":"ReadAction","target":["https:\/\/thepueblatimes.mx\/index.php\/2021\/06\/30\/tio-si-asesino-a-nino-de-13-anos-en-totimehuacan-senala-fge\/"]}]},{"@type":"BreadcrumbList","@id":"https:\/\/thepueblatimes.mx\/index.php\/2021\/06\/30\/tio-si-asesino-a-nino-de-13-anos-en-totimehuacan-senala-fge\/#breadcrumb","itemListElement":[{"@type":"ListItem","position":1,"name":"Portada","item":"https:\/\/thepueblatimes.mx\/"},{"@type":"ListItem","position":2,"name":"T\u00edo s\u00ed asesin\u00f3 a ni\u00f1o de 13 a\u00f1os en Totimehuac\u00e1n, se\u00f1ala FGE"}]},{"@type":"WebSite","@id":"https:\/\/thepueblatimes.mx\/#website","url":"https:\/\/thepueblatimes.mx\/","name":"The Puebla Times","description":"Noticias del Estado de Puebla","potentialAction":[{"@type":"SearchAction","target":{"@type":"EntryPoint","urlTemplate":"https:\/\/thepueblatimes.mx\/?s={search_term_string}"},"query-input":"required name=search_term_string"}],"inLanguage":"es"},{"@type":"Person","@id":"https:\/\/thepueblatimes.mx\/#\/schema\/person\/7bdf2adbc50078b104bba72b5612f774","name":"Francisco S\u00e1nchez Nolasco","image":{"@type":"ImageObject","inLanguage":"es","@id":"https:\/\/thepueblatimes.mx\/#\/schema\/person\/image\/","url":"https:\/\/secure.gravatar.com\/avatar\/6061d7d20b38bc2742a5218401b198d2?s=96&d=mm&r=g","contentUrl":"https:\/\/secure.gravatar.com\/avatar\/6061d7d20b38bc2742a5218401b198d2?s=96&d=mm&r=g","caption":"Francisco S\u00e1nchez Nolasco"},"url":"https:\/\/thepueblatimes.mx\/index.php\/author\/marianitha-reyes\/"}]}},"jetpack_featured_media_url":"https:\/\/thepueblatimes.mx\/wp-content\/uploads\/2021\/06\/695516AF-5AB3-4C58-93A4-C9AE47007738.jpeg","_links":{"self":[{"href":"https:\/\/thepueblatimes.mx\/index.php\/wp-json\/wp\/v2\/posts\/14197"}],"collection":[{"href":"https:\/\/thepueblatimes.mx\/index.php\/wp-json\/wp\/v2\/posts"}],"about":[{"href":"https:\/\/thepueblatimes.mx\/index.php\/wp-json\/wp\/v2\/types\/post"}],"author":[{"embeddable":true,"href":"https:\/\/thepueblatimes.mx\/index.php\/wp-json\/wp\/v2\/users\/15"}],"replies":[{"embeddable":true,"href":"https:\/\/thepueblatimes.mx\/index.php\/wp-json\/wp\/v2\/comments?post=14197"}],"version-history":[{"count":1,"href":"https:\/\/thepueblatimes.mx\/index.php\/wp-json\/wp\/v2\/posts\/14197\/revisions"}],"predecessor-version":[{"id":14199,"href":"https:\/\/thepueblatimes.mx\/index.php\/wp-json\/wp\/v2\/posts\/14197\/revisions\/14199"}],"wp:featuredmedia":[{"embeddable":true,"href":"https:\/\/thepueblatimes.mx\/index.php\/wp-json\/wp\/v2\/media\/14198"}],"wp:attachment":[{"href":"https:\/\/thepueblatimes.mx\/index.php\/wp-json\/wp\/v2\/media?parent=14197"}],"wp:term":[{"taxonomy":"category","embeddable":true,"href":"https:\/\/thepueblatimes.mx\/index.php\/wp-json\/wp\/v2\/categories?post=14197"},{"taxonomy":"post_tag","embeddable":true,"href":"https:\/\/thepueblatimes.mx\/index.php\/wp-json\/wp\/v2\/tags?post=14197"}],"curies":[{"name":"wp","href":"https:\/\/api.w.org\/{rel}","templated":true}]}}