{"id":14193,"date":"2021-06-30T11:05:07","date_gmt":"2021-06-30T16:05:07","guid":{"rendered":"https:\/\/thepueblatimes.mx\/?p=14193"},"modified":"2021-06-30T11:05:07","modified_gmt":"2021-06-30T16:05:07","slug":"se-nego-a-tomar-una-cerveza-y-lo-asesinan-en-pahuatlan","status":"publish","type":"post","link":"https:\/\/thepueblatimes.mx\/index.php\/2021\/06\/30\/se-nego-a-tomar-una-cerveza-y-lo-asesinan-en-pahuatlan\/","title":{"rendered":"Se neg\u00f3 a tomar una cerveza y lo asesinan en Pahuatl\u00e1n"},"content":{"rendered":"<p>La Fiscal\u00eda General del Estado de Puebla obtuvo la vinculaci\u00f3n a proceso de <strong>Esteban<\/strong> N. de 42 a\u00f1os de edad, imputado por el delito de <strong>homicidio calificado<\/strong> presuntamente cometido en el municipio de <strong>Pahuatl\u00e1n<\/strong>.<\/p>\n<p>El 20 de junio de 2021 el hoy occiso se encontraba conviviendo con <strong>Esteban<\/strong> N. cerca de una miscel\u00e1nea en la junta auxiliar de <strong>Tlalcruz de Libres<\/strong>, lugar en el que fue privado de la vida mediante un disparo de <strong>arma de fuego<\/strong>, al parecer porque no acept\u00f3 tomar una cerveza con su agresor.<\/p>\n<p>Elementos de la Polic\u00eda Estatal lo detuvieron en flagrancia delictiva para ser puesto a disposici\u00f3n de la autoridad ministerial.<\/p>\n<p>Derivado de las pruebas presentadas por la Fiscal\u00eda de Investigaci\u00f3n Regional, el Juez de Control vincul\u00f3 a proceso a Esteban N., adem\u00e1s recibi\u00f3 prisi\u00f3n preventiva oficiosa como medida cautelar, por todo el tiempo que dure el procedimiento.<\/p>\n","protected":false},"excerpt":{"rendered":"<p>La Fiscal\u00eda General del Estado de Puebla obtuvo la vinculaci\u00f3n a proceso de Esteban N. de 42 a\u00f1os de edad, imputado por el delito de homicidio calificado presuntamente cometido en el municipio de Pahuatl\u00e1n. El 20 de junio de 2021 el hoy occiso se encontraba conviviendo con Esteban N. cerca de una miscel\u00e1nea en la&#8230;<\/p>\n","protected":false},"author":15,"featured_media":14194,"comment_status":"open","ping_status":"open","sticky":false,"template":"","format":"standard","meta":[],"categories":[20],"tags":[49],"yoast_head":"<!-- This site is optimized with the Yoast SEO plugin v20.8 - https:\/\/yoast.com\/wordpress\/plugins\/seo\/ -->\n<title>Se neg\u00f3 a tomar una cerveza y lo asesinan en Pahuatl\u00e1n - The Puebla Times<\/title>\n<meta name=\"robots\" content=\"index, follow, max-snippet:-1, max-image-preview:large, max-video-preview:-1\" \/>\n<link rel=\"canonical\" href=\"https:\/\/thepueblatimes.mx\/index.php\/2021\/06\/30\/se-nego-a-tomar-una-cerveza-y-lo-asesinan-en-pahuatlan\/\" \/>\n<meta property=\"og:locale\" content=\"es_ES\" \/>\n<meta property=\"og:type\" content=\"article\" \/>\n<meta property=\"og:title\" content=\"Se neg\u00f3 a tomar una cerveza y lo asesinan en Pahuatl\u00e1n - The Puebla Times\" \/>\n<meta property=\"og:description\" content=\"La Fiscal\u00eda General del Estado de Puebla obtuvo la vinculaci\u00f3n a proceso de Esteban N. de 42 a\u00f1os de edad, imputado por el delito de homicidio calificado presuntamente cometido en el municipio de Pahuatl\u00e1n. El 20 de junio de 2021 el hoy occiso se encontraba conviviendo con Esteban N. cerca de una miscel\u00e1nea en la...\" \/>\n<meta property=\"og:url\" content=\"https:\/\/thepueblatimes.mx\/index.php\/2021\/06\/30\/se-nego-a-tomar-una-cerveza-y-lo-asesinan-en-pahuatlan\/\" \/>\n<meta property=\"og:site_name\" content=\"The Puebla Times\" \/>\n<meta property=\"article:published_time\" content=\"2021-06-30T16:05:07+00:00\" \/>\n<meta property=\"og:image\" content=\"https:\/\/thepueblatimes.mx\/wp-content\/uploads\/2021\/06\/15BAAB33-3095-47F2-B221-6C3689ADC524.jpeg\" \/>\n\t<meta property=\"og:image:width\" content=\"1920\" \/>\n\t<meta property=\"og:image:height\" content=\"1080\" \/>\n\t<meta property=\"og:image:type\" content=\"image\/jpeg\" \/>\n<meta name=\"author\" content=\"Francisco S\u00e1nchez Nolasco\" \/>\n<meta name=\"twitter:card\" content=\"summary_large_image\" \/>\n<meta name=\"twitter:label1\" content=\"Escrito por\" \/>\n\t<meta name=\"twitter:data1\" content=\"Francisco S\u00e1nchez Nolasco\" \/>\n\t<meta name=\"twitter:label2\" content=\"Tiempo de lectura\" \/>\n\t<meta name=\"twitter:data2\" content=\"1 minuto\" \/>\n<script type=\"application\/ld+json\" class=\"yoast-schema-graph\">{\"@context\":\"https:\/\/schema.org\",\"@graph\":[{\"@type\":\"WebPage\",\"@id\":\"https:\/\/thepueblatimes.mx\/index.php\/2021\/06\/30\/se-nego-a-tomar-una-cerveza-y-lo-asesinan-en-pahuatlan\/\",\"url\":\"https:\/\/thepueblatimes.mx\/index.php\/2021\/06\/30\/se-nego-a-tomar-una-cerveza-y-lo-asesinan-en-pahuatlan\/\",\"name\":\"Se neg\u00f3 a tomar una cerveza y lo asesinan en Pahuatl\u00e1n - The Puebla Times\",\"isPartOf\":{\"@id\":\"https:\/\/thepueblatimes.mx\/#website\"},\"datePublished\":\"2021-06-30T16:05:07+00:00\",\"dateModified\":\"2021-06-30T16:05:07+00:00\",\"author\":{\"@id\":\"https:\/\/thepueblatimes.mx\/#\/schema\/person\/7bdf2adbc50078b104bba72b5612f774\"},\"breadcrumb\":{\"@id\":\"https:\/\/thepueblatimes.mx\/index.php\/2021\/06\/30\/se-nego-a-tomar-una-cerveza-y-lo-asesinan-en-pahuatlan\/#breadcrumb\"},\"inLanguage\":\"es\",\"potentialAction\":[{\"@type\":\"ReadAction\",\"target\":[\"https:\/\/thepueblatimes.mx\/index.php\/2021\/06\/30\/se-nego-a-tomar-una-cerveza-y-lo-asesinan-en-pahuatlan\/\"]}]},{\"@type\":\"BreadcrumbList\",\"@id\":\"https:\/\/thepueblatimes.mx\/index.php\/2021\/06\/30\/se-nego-a-tomar-una-cerveza-y-lo-asesinan-en-pahuatlan\/#breadcrumb\",\"itemListElement\":[{\"@type\":\"ListItem\",\"position\":1,\"name\":\"Portada\",\"item\":\"https:\/\/thepueblatimes.mx\/\"},{\"@type\":\"ListItem\",\"position\":2,\"name\":\"Se neg\u00f3 a tomar una cerveza y lo asesinan en Pahuatl\u00e1n\"}]},{\"@type\":\"WebSite\",\"@id\":\"https:\/\/thepueblatimes.mx\/#website\",\"url\":\"https:\/\/thepueblatimes.mx\/\",\"name\":\"The Puebla Times\",\"description\":\"Noticias del Estado de Puebla\",\"potentialAction\":[{\"@type\":\"SearchAction\",\"target\":{\"@type\":\"EntryPoint\",\"urlTemplate\":\"https:\/\/thepueblatimes.mx\/?s={search_term_string}\"},\"query-input\":\"required name=search_term_string\"}],\"inLanguage\":\"es\"},{\"@type\":\"Person\",\"@id\":\"https:\/\/thepueblatimes.mx\/#\/schema\/person\/7bdf2adbc50078b104bba72b5612f774\",\"name\":\"Francisco S\u00e1nchez Nolasco\",\"image\":{\"@type\":\"ImageObject\",\"inLanguage\":\"es\",\"@id\":\"https:\/\/thepueblatimes.mx\/#\/schema\/person\/image\/\",\"url\":\"https:\/\/secure.gravatar.com\/avatar\/6061d7d20b38bc2742a5218401b198d2?s=96&d=mm&r=g\",\"contentUrl\":\"https:\/\/secure.gravatar.com\/avatar\/6061d7d20b38bc2742a5218401b198d2?s=96&d=mm&r=g\",\"caption\":\"Francisco S\u00e1nchez Nolasco\"},\"url\":\"https:\/\/thepueblatimes.mx\/index.php\/author\/marianitha-reyes\/\"}]}<\/script>\n<!-- \/ Yoast SEO plugin. -->","yoast_head_json":{"title":"Se neg\u00f3 a tomar una cerveza y lo asesinan en Pahuatl\u00e1n - The Puebla Times","robots":{"index":"index","follow":"follow","max-snippet":"max-snippet:-1","max-image-preview":"max-image-preview:large","max-video-preview":"max-video-preview:-1"},"canonical":"https:\/\/thepueblatimes.mx\/index.php\/2021\/06\/30\/se-nego-a-tomar-una-cerveza-y-lo-asesinan-en-pahuatlan\/","og_locale":"es_ES","og_type":"article","og_title":"Se neg\u00f3 a tomar una cerveza y lo asesinan en Pahuatl\u00e1n - The Puebla Times","og_description":"La Fiscal\u00eda General del Estado de Puebla obtuvo la vinculaci\u00f3n a proceso de Esteban N. de 42 a\u00f1os de edad, imputado por el delito de homicidio calificado presuntamente cometido en el municipio de Pahuatl\u00e1n. El 20 de junio de 2021 el hoy occiso se encontraba conviviendo con Esteban N. cerca de una miscel\u00e1nea en la...","og_url":"https:\/\/thepueblatimes.mx\/index.php\/2021\/06\/30\/se-nego-a-tomar-una-cerveza-y-lo-asesinan-en-pahuatlan\/","og_site_name":"The Puebla Times","article_published_time":"2021-06-30T16:05:07+00:00","og_image":[{"width":1920,"height":1080,"url":"https:\/\/thepueblatimes.mx\/wp-content\/uploads\/2021\/06\/15BAAB33-3095-47F2-B221-6C3689ADC524.jpeg","type":"image\/jpeg"}],"author":"Francisco S\u00e1nchez Nolasco","twitter_card":"summary_large_image","twitter_misc":{"Escrito por":"Francisco S\u00e1nchez Nolasco","Tiempo de lectura":"1 minuto"},"schema":{"@context":"https:\/\/schema.org","@graph":[{"@type":"WebPage","@id":"https:\/\/thepueblatimes.mx\/index.php\/2021\/06\/30\/se-nego-a-tomar-una-cerveza-y-lo-asesinan-en-pahuatlan\/","url":"https:\/\/thepueblatimes.mx\/index.php\/2021\/06\/30\/se-nego-a-tomar-una-cerveza-y-lo-asesinan-en-pahuatlan\/","name":"Se neg\u00f3 a tomar una cerveza y lo asesinan en Pahuatl\u00e1n - The Puebla Times","isPartOf":{"@id":"https:\/\/thepueblatimes.mx\/#website"},"datePublished":"2021-06-30T16:05:07+00:00","dateModified":"2021-06-30T16:05:07+00:00","author":{"@id":"https:\/\/thepueblatimes.mx\/#\/schema\/person\/7bdf2adbc50078b104bba72b5612f774"},"breadcrumb":{"@id":"https:\/\/thepueblatimes.mx\/index.php\/2021\/06\/30\/se-nego-a-tomar-una-cerveza-y-lo-asesinan-en-pahuatlan\/#breadcrumb"},"inLanguage":"es","potentialAction":[{"@type":"ReadAction","target":["https:\/\/thepueblatimes.mx\/index.php\/2021\/06\/30\/se-nego-a-tomar-una-cerveza-y-lo-asesinan-en-pahuatlan\/"]}]},{"@type":"BreadcrumbList","@id":"https:\/\/thepueblatimes.mx\/index.php\/2021\/06\/30\/se-nego-a-tomar-una-cerveza-y-lo-asesinan-en-pahuatlan\/#breadcrumb","itemListElement":[{"@type":"ListItem","position":1,"name":"Portada","item":"https:\/\/thepueblatimes.mx\/"},{"@type":"ListItem","position":2,"name":"Se neg\u00f3 a tomar una cerveza y lo asesinan en Pahuatl\u00e1n"}]},{"@type":"WebSite","@id":"https:\/\/thepueblatimes.mx\/#website","url":"https:\/\/thepueblatimes.mx\/","name":"The Puebla Times","description":"Noticias del Estado de Puebla","potentialAction":[{"@type":"SearchAction","target":{"@type":"EntryPoint","urlTemplate":"https:\/\/thepueblatimes.mx\/?s={search_term_string}"},"query-input":"required name=search_term_string"}],"inLanguage":"es"},{"@type":"Person","@id":"https:\/\/thepueblatimes.mx\/#\/schema\/person\/7bdf2adbc50078b104bba72b5612f774","name":"Francisco S\u00e1nchez Nolasco","image":{"@type":"ImageObject","inLanguage":"es","@id":"https:\/\/thepueblatimes.mx\/#\/schema\/person\/image\/","url":"https:\/\/secure.gravatar.com\/avatar\/6061d7d20b38bc2742a5218401b198d2?s=96&d=mm&r=g","contentUrl":"https:\/\/secure.gravatar.com\/avatar\/6061d7d20b38bc2742a5218401b198d2?s=96&d=mm&r=g","caption":"Francisco S\u00e1nchez Nolasco"},"url":"https:\/\/thepueblatimes.mx\/index.php\/author\/marianitha-reyes\/"}]}},"jetpack_featured_media_url":"https:\/\/thepueblatimes.mx\/wp-content\/uploads\/2021\/06\/15BAAB33-3095-47F2-B221-6C3689ADC524.jpeg","_links":{"self":[{"href":"https:\/\/thepueblatimes.mx\/index.php\/wp-json\/wp\/v2\/posts\/14193"}],"collection":[{"href":"https:\/\/thepueblatimes.mx\/index.php\/wp-json\/wp\/v2\/posts"}],"about":[{"href":"https:\/\/thepueblatimes.mx\/index.php\/wp-json\/wp\/v2\/types\/post"}],"author":[{"embeddable":true,"href":"https:\/\/thepueblatimes.mx\/index.php\/wp-json\/wp\/v2\/users\/15"}],"replies":[{"embeddable":true,"href":"https:\/\/thepueblatimes.mx\/index.php\/wp-json\/wp\/v2\/comments?post=14193"}],"version-history":[{"count":1,"href":"https:\/\/thepueblatimes.mx\/index.php\/wp-json\/wp\/v2\/posts\/14193\/revisions"}],"predecessor-version":[{"id":14195,"href":"https:\/\/thepueblatimes.mx\/index.php\/wp-json\/wp\/v2\/posts\/14193\/revisions\/14195"}],"wp:featuredmedia":[{"embeddable":true,"href":"https:\/\/thepueblatimes.mx\/index.php\/wp-json\/wp\/v2\/media\/14194"}],"wp:attachment":[{"href":"https:\/\/thepueblatimes.mx\/index.php\/wp-json\/wp\/v2\/media?parent=14193"}],"wp:term":[{"taxonomy":"category","embeddable":true,"href":"https:\/\/thepueblatimes.mx\/index.php\/wp-json\/wp\/v2\/categories?post=14193"},{"taxonomy":"post_tag","embeddable":true,"href":"https:\/\/thepueblatimes.mx\/index.php\/wp-json\/wp\/v2\/tags?post=14193"}],"curies":[{"name":"wp","href":"https:\/\/api.w.org\/{rel}","templated":true}]}}