{"id":14190,"date":"2021-06-30T11:03:06","date_gmt":"2021-06-30T16:03:06","guid":{"rendered":"https:\/\/thepueblatimes.mx\/?p=14190"},"modified":"2021-06-30T11:03:06","modified_gmt":"2021-06-30T16:03:06","slug":"camioneta-jepp-embiste-y-mata-a-abuelito-en-la-colonia-la-loma","status":"publish","type":"post","link":"https:\/\/thepueblatimes.mx\/index.php\/2021\/06\/30\/camioneta-jepp-embiste-y-mata-a-abuelito-en-la-colonia-la-loma\/","title":{"rendered":"Camioneta Jepp embiste y mata a abuelito en la colonia La Loma"},"content":{"rendered":"<p>Puebla, Pue.- <strong>Un hombre de la tercera edad muri\u00f3 al ser atropellado por una camioneta que era conducida por una mujer,<\/strong> en inmediaciones de la colonia La Loma, en la ciudad de Puebla.<\/p>\n<p><strong>La ma\u00f1ana de este mi\u00e9rcoles, un var\u00f3n intentaba cruzar la calle 9 norte a la altura del bulevar Norte y la 64 Poniente,\u00a0cuando fue arrollado por una camioneta Jeep Patriot, color vino, con placas de circulaci\u00f3n UAY-4587.\u00a0<\/strong><\/p>\n<p>Los vecinos de la zona reportaron el hecho al 911 para solicitar una ambulancia, y al sitio acudieron\u00a0t\u00e9cnicos en urgencias m\u00e9dicas del Sistema de Urgencias M\u00e9dicas Avanzadas (SUMA).<\/p>\n<p>Los param\u00e9dicos revisaron al adulto y realizaron maniobras de reanimaci\u00f3n cardiopulmonar, sin embargo, finalmente muri\u00f3 por las m\u00faltiples heridas que sufri\u00f3 por el atropellamiento.<\/p>\n<p>Por su parte, personal de la Secretar\u00eda de Seguridad Ciudadana de Puebla (SSC) asegur\u00f3 a la mujer que conduc\u00eda la camioneta para ponerla a disposici\u00f3n de la autoridad correspondiente para deslindar responsabilidades.<br \/>\nEl personal de Tr\u00e1nsito Municipal encabez\u00f3 las diligencias de levantamiento de cad\u00e1ver. La identidad del occiso se desconoce, s\u00f3lo se dijo que se trat\u00f3 de una persona de la tercera edad.<\/p>\n","protected":false},"excerpt":{"rendered":"<p>Puebla, Pue.- Un hombre de la tercera edad muri\u00f3 al ser atropellado por una camioneta que era conducida por una mujer, en inmediaciones de la colonia La Loma, en la ciudad de Puebla. La ma\u00f1ana de este mi\u00e9rcoles, un var\u00f3n intentaba cruzar la calle 9 norte a la altura del bulevar Norte y la 64&#8230;<\/p>\n","protected":false},"author":15,"featured_media":14191,"comment_status":"open","ping_status":"open","sticky":false,"template":"","format":"standard","meta":[],"categories":[20],"tags":[49],"yoast_head":"<!-- This site is optimized with the Yoast SEO plugin v20.8 - https:\/\/yoast.com\/wordpress\/plugins\/seo\/ -->\n<title>Camioneta Jepp embiste y mata a abuelito en la colonia La Loma - The Puebla Times<\/title>\n<meta name=\"robots\" content=\"index, follow, max-snippet:-1, max-image-preview:large, max-video-preview:-1\" \/>\n<link rel=\"canonical\" href=\"https:\/\/thepueblatimes.mx\/index.php\/2021\/06\/30\/camioneta-jepp-embiste-y-mata-a-abuelito-en-la-colonia-la-loma\/\" \/>\n<meta property=\"og:locale\" content=\"es_ES\" \/>\n<meta property=\"og:type\" content=\"article\" \/>\n<meta property=\"og:title\" content=\"Camioneta Jepp embiste y mata a abuelito en la colonia La Loma - The Puebla Times\" \/>\n<meta property=\"og:description\" content=\"Puebla, Pue.- Un hombre de la tercera edad muri\u00f3 al ser atropellado por una camioneta que era conducida por una mujer, en inmediaciones de la colonia La Loma, en la ciudad de Puebla. La ma\u00f1ana de este mi\u00e9rcoles, un var\u00f3n intentaba cruzar la calle 9 norte a la altura del bulevar Norte y la 64...\" \/>\n<meta property=\"og:url\" content=\"https:\/\/thepueblatimes.mx\/index.php\/2021\/06\/30\/camioneta-jepp-embiste-y-mata-a-abuelito-en-la-colonia-la-loma\/\" \/>\n<meta property=\"og:site_name\" content=\"The Puebla Times\" \/>\n<meta property=\"article:published_time\" content=\"2021-06-30T16:03:06+00:00\" \/>\n<meta property=\"og:image\" content=\"https:\/\/thepueblatimes.mx\/wp-content\/uploads\/2021\/06\/0703E114-7F36-4955-AC14-1FFA87F529CC.jpeg\" \/>\n\t<meta property=\"og:image:width\" content=\"400\" \/>\n\t<meta property=\"og:image:height\" content=\"225\" \/>\n\t<meta property=\"og:image:type\" content=\"image\/jpeg\" \/>\n<meta name=\"author\" content=\"Francisco S\u00e1nchez Nolasco\" \/>\n<meta name=\"twitter:card\" content=\"summary_large_image\" \/>\n<meta name=\"twitter:label1\" content=\"Escrito por\" \/>\n\t<meta name=\"twitter:data1\" content=\"Francisco S\u00e1nchez Nolasco\" \/>\n\t<meta name=\"twitter:label2\" content=\"Tiempo de lectura\" \/>\n\t<meta name=\"twitter:data2\" content=\"1 minuto\" \/>\n<script type=\"application\/ld+json\" class=\"yoast-schema-graph\">{\"@context\":\"https:\/\/schema.org\",\"@graph\":[{\"@type\":\"WebPage\",\"@id\":\"https:\/\/thepueblatimes.mx\/index.php\/2021\/06\/30\/camioneta-jepp-embiste-y-mata-a-abuelito-en-la-colonia-la-loma\/\",\"url\":\"https:\/\/thepueblatimes.mx\/index.php\/2021\/06\/30\/camioneta-jepp-embiste-y-mata-a-abuelito-en-la-colonia-la-loma\/\",\"name\":\"Camioneta Jepp embiste y mata a abuelito en la colonia La Loma - The Puebla Times\",\"isPartOf\":{\"@id\":\"https:\/\/thepueblatimes.mx\/#website\"},\"datePublished\":\"2021-06-30T16:03:06+00:00\",\"dateModified\":\"2021-06-30T16:03:06+00:00\",\"author\":{\"@id\":\"https:\/\/thepueblatimes.mx\/#\/schema\/person\/7bdf2adbc50078b104bba72b5612f774\"},\"breadcrumb\":{\"@id\":\"https:\/\/thepueblatimes.mx\/index.php\/2021\/06\/30\/camioneta-jepp-embiste-y-mata-a-abuelito-en-la-colonia-la-loma\/#breadcrumb\"},\"inLanguage\":\"es\",\"potentialAction\":[{\"@type\":\"ReadAction\",\"target\":[\"https:\/\/thepueblatimes.mx\/index.php\/2021\/06\/30\/camioneta-jepp-embiste-y-mata-a-abuelito-en-la-colonia-la-loma\/\"]}]},{\"@type\":\"BreadcrumbList\",\"@id\":\"https:\/\/thepueblatimes.mx\/index.php\/2021\/06\/30\/camioneta-jepp-embiste-y-mata-a-abuelito-en-la-colonia-la-loma\/#breadcrumb\",\"itemListElement\":[{\"@type\":\"ListItem\",\"position\":1,\"name\":\"Portada\",\"item\":\"https:\/\/thepueblatimes.mx\/\"},{\"@type\":\"ListItem\",\"position\":2,\"name\":\"Camioneta Jepp embiste y mata a abuelito en la colonia La Loma\"}]},{\"@type\":\"WebSite\",\"@id\":\"https:\/\/thepueblatimes.mx\/#website\",\"url\":\"https:\/\/thepueblatimes.mx\/\",\"name\":\"The Puebla Times\",\"description\":\"Noticias del Estado de Puebla\",\"potentialAction\":[{\"@type\":\"SearchAction\",\"target\":{\"@type\":\"EntryPoint\",\"urlTemplate\":\"https:\/\/thepueblatimes.mx\/?s={search_term_string}\"},\"query-input\":\"required name=search_term_string\"}],\"inLanguage\":\"es\"},{\"@type\":\"Person\",\"@id\":\"https:\/\/thepueblatimes.mx\/#\/schema\/person\/7bdf2adbc50078b104bba72b5612f774\",\"name\":\"Francisco S\u00e1nchez Nolasco\",\"image\":{\"@type\":\"ImageObject\",\"inLanguage\":\"es\",\"@id\":\"https:\/\/thepueblatimes.mx\/#\/schema\/person\/image\/\",\"url\":\"https:\/\/secure.gravatar.com\/avatar\/6061d7d20b38bc2742a5218401b198d2?s=96&d=mm&r=g\",\"contentUrl\":\"https:\/\/secure.gravatar.com\/avatar\/6061d7d20b38bc2742a5218401b198d2?s=96&d=mm&r=g\",\"caption\":\"Francisco S\u00e1nchez Nolasco\"},\"url\":\"https:\/\/thepueblatimes.mx\/index.php\/author\/marianitha-reyes\/\"}]}<\/script>\n<!-- \/ Yoast SEO plugin. -->","yoast_head_json":{"title":"Camioneta Jepp embiste y mata a abuelito en la colonia La Loma - The Puebla Times","robots":{"index":"index","follow":"follow","max-snippet":"max-snippet:-1","max-image-preview":"max-image-preview:large","max-video-preview":"max-video-preview:-1"},"canonical":"https:\/\/thepueblatimes.mx\/index.php\/2021\/06\/30\/camioneta-jepp-embiste-y-mata-a-abuelito-en-la-colonia-la-loma\/","og_locale":"es_ES","og_type":"article","og_title":"Camioneta Jepp embiste y mata a abuelito en la colonia La Loma - The Puebla Times","og_description":"Puebla, Pue.- Un hombre de la tercera edad muri\u00f3 al ser atropellado por una camioneta que era conducida por una mujer, en inmediaciones de la colonia La Loma, en la ciudad de Puebla. La ma\u00f1ana de este mi\u00e9rcoles, un var\u00f3n intentaba cruzar la calle 9 norte a la altura del bulevar Norte y la 64...","og_url":"https:\/\/thepueblatimes.mx\/index.php\/2021\/06\/30\/camioneta-jepp-embiste-y-mata-a-abuelito-en-la-colonia-la-loma\/","og_site_name":"The Puebla Times","article_published_time":"2021-06-30T16:03:06+00:00","og_image":[{"width":400,"height":225,"url":"https:\/\/thepueblatimes.mx\/wp-content\/uploads\/2021\/06\/0703E114-7F36-4955-AC14-1FFA87F529CC.jpeg","type":"image\/jpeg"}],"author":"Francisco S\u00e1nchez Nolasco","twitter_card":"summary_large_image","twitter_misc":{"Escrito por":"Francisco S\u00e1nchez Nolasco","Tiempo de lectura":"1 minuto"},"schema":{"@context":"https:\/\/schema.org","@graph":[{"@type":"WebPage","@id":"https:\/\/thepueblatimes.mx\/index.php\/2021\/06\/30\/camioneta-jepp-embiste-y-mata-a-abuelito-en-la-colonia-la-loma\/","url":"https:\/\/thepueblatimes.mx\/index.php\/2021\/06\/30\/camioneta-jepp-embiste-y-mata-a-abuelito-en-la-colonia-la-loma\/","name":"Camioneta Jepp embiste y mata a abuelito en la colonia La Loma - The Puebla Times","isPartOf":{"@id":"https:\/\/thepueblatimes.mx\/#website"},"datePublished":"2021-06-30T16:03:06+00:00","dateModified":"2021-06-30T16:03:06+00:00","author":{"@id":"https:\/\/thepueblatimes.mx\/#\/schema\/person\/7bdf2adbc50078b104bba72b5612f774"},"breadcrumb":{"@id":"https:\/\/thepueblatimes.mx\/index.php\/2021\/06\/30\/camioneta-jepp-embiste-y-mata-a-abuelito-en-la-colonia-la-loma\/#breadcrumb"},"inLanguage":"es","potentialAction":[{"@type":"ReadAction","target":["https:\/\/thepueblatimes.mx\/index.php\/2021\/06\/30\/camioneta-jepp-embiste-y-mata-a-abuelito-en-la-colonia-la-loma\/"]}]},{"@type":"BreadcrumbList","@id":"https:\/\/thepueblatimes.mx\/index.php\/2021\/06\/30\/camioneta-jepp-embiste-y-mata-a-abuelito-en-la-colonia-la-loma\/#breadcrumb","itemListElement":[{"@type":"ListItem","position":1,"name":"Portada","item":"https:\/\/thepueblatimes.mx\/"},{"@type":"ListItem","position":2,"name":"Camioneta Jepp embiste y mata a abuelito en la colonia La Loma"}]},{"@type":"WebSite","@id":"https:\/\/thepueblatimes.mx\/#website","url":"https:\/\/thepueblatimes.mx\/","name":"The Puebla Times","description":"Noticias del Estado de Puebla","potentialAction":[{"@type":"SearchAction","target":{"@type":"EntryPoint","urlTemplate":"https:\/\/thepueblatimes.mx\/?s={search_term_string}"},"query-input":"required name=search_term_string"}],"inLanguage":"es"},{"@type":"Person","@id":"https:\/\/thepueblatimes.mx\/#\/schema\/person\/7bdf2adbc50078b104bba72b5612f774","name":"Francisco S\u00e1nchez Nolasco","image":{"@type":"ImageObject","inLanguage":"es","@id":"https:\/\/thepueblatimes.mx\/#\/schema\/person\/image\/","url":"https:\/\/secure.gravatar.com\/avatar\/6061d7d20b38bc2742a5218401b198d2?s=96&d=mm&r=g","contentUrl":"https:\/\/secure.gravatar.com\/avatar\/6061d7d20b38bc2742a5218401b198d2?s=96&d=mm&r=g","caption":"Francisco S\u00e1nchez Nolasco"},"url":"https:\/\/thepueblatimes.mx\/index.php\/author\/marianitha-reyes\/"}]}},"jetpack_featured_media_url":"https:\/\/thepueblatimes.mx\/wp-content\/uploads\/2021\/06\/0703E114-7F36-4955-AC14-1FFA87F529CC.jpeg","_links":{"self":[{"href":"https:\/\/thepueblatimes.mx\/index.php\/wp-json\/wp\/v2\/posts\/14190"}],"collection":[{"href":"https:\/\/thepueblatimes.mx\/index.php\/wp-json\/wp\/v2\/posts"}],"about":[{"href":"https:\/\/thepueblatimes.mx\/index.php\/wp-json\/wp\/v2\/types\/post"}],"author":[{"embeddable":true,"href":"https:\/\/thepueblatimes.mx\/index.php\/wp-json\/wp\/v2\/users\/15"}],"replies":[{"embeddable":true,"href":"https:\/\/thepueblatimes.mx\/index.php\/wp-json\/wp\/v2\/comments?post=14190"}],"version-history":[{"count":1,"href":"https:\/\/thepueblatimes.mx\/index.php\/wp-json\/wp\/v2\/posts\/14190\/revisions"}],"predecessor-version":[{"id":14192,"href":"https:\/\/thepueblatimes.mx\/index.php\/wp-json\/wp\/v2\/posts\/14190\/revisions\/14192"}],"wp:featuredmedia":[{"embeddable":true,"href":"https:\/\/thepueblatimes.mx\/index.php\/wp-json\/wp\/v2\/media\/14191"}],"wp:attachment":[{"href":"https:\/\/thepueblatimes.mx\/index.php\/wp-json\/wp\/v2\/media?parent=14190"}],"wp:term":[{"taxonomy":"category","embeddable":true,"href":"https:\/\/thepueblatimes.mx\/index.php\/wp-json\/wp\/v2\/categories?post=14190"},{"taxonomy":"post_tag","embeddable":true,"href":"https:\/\/thepueblatimes.mx\/index.php\/wp-json\/wp\/v2\/tags?post=14190"}],"curies":[{"name":"wp","href":"https:\/\/api.w.org\/{rel}","templated":true}]}}