{"id":14187,"date":"2021-06-29T23:59:20","date_gmt":"2021-06-30T04:59:20","guid":{"rendered":"https:\/\/thepueblatimes.mx\/?p=14187"},"modified":"2021-06-29T23:59:20","modified_gmt":"2021-06-30T04:59:20","slug":"doble-atraco-en-puebla-le-cuesta-la-vida-a-un-hombre","status":"publish","type":"post","link":"https:\/\/thepueblatimes.mx\/index.php\/2021\/06\/29\/doble-atraco-en-puebla-le-cuesta-la-vida-a-un-hombre\/","title":{"rendered":"Doble atraco en Puebla le cuesta la vida a un hombre"},"content":{"rendered":"<p>Dos violentos asaltos acabaron con la vida de un hombre y otro result\u00f3 herido, este d\u00eda en la ciudad. A la persona que mataron le intentaron robar su veh\u00edculo y al herido no pudieron arrebatarle el dinero que reci\u00e9n hab\u00eda sacado de un banco.<\/p>\n<p><b>Sobre el primer caso se sabe que por la ma\u00f1ana sujetos desconocidos interceptaron a un hombre de 51 a\u00f1os de edad en la calle 5 de Febrero de la junta auxiliar de San Felipe Hueyotlipan para robarle su veh\u00edculo.<\/b><\/p>\n<p>La v\u00edctima de nombre Jos\u00e9 Fernando se opuso y recibi\u00f3 un disparo por lo que mientras los delincuentes huyeron con el veh\u00edculo de caracter\u00edsticas desconocidas, el quincuagenario fue llevado al hospital de Traumatolog\u00eda y Ortopedia del Sector Salud, donde m\u00e1s tarde muri\u00f3.<\/p>\n","protected":false},"excerpt":{"rendered":"<p>Dos violentos asaltos acabaron con la vida de un hombre y otro result\u00f3 herido, este d\u00eda en la ciudad. A la persona que mataron le intentaron robar su veh\u00edculo y al herido no pudieron arrebatarle el dinero que reci\u00e9n hab\u00eda sacado de un banco. Sobre el primer caso se sabe que por la ma\u00f1ana sujetos&#8230;<\/p>\n","protected":false},"author":15,"featured_media":14188,"comment_status":"open","ping_status":"open","sticky":false,"template":"","format":"standard","meta":[],"categories":[20],"tags":[49],"yoast_head":"<!-- This site is optimized with the Yoast SEO plugin v20.8 - https:\/\/yoast.com\/wordpress\/plugins\/seo\/ -->\n<title>Doble atraco en Puebla le cuesta la vida a un hombre - The Puebla Times<\/title>\n<meta name=\"robots\" content=\"index, follow, max-snippet:-1, max-image-preview:large, max-video-preview:-1\" \/>\n<link rel=\"canonical\" href=\"https:\/\/thepueblatimes.mx\/index.php\/2021\/06\/29\/doble-atraco-en-puebla-le-cuesta-la-vida-a-un-hombre\/\" \/>\n<meta property=\"og:locale\" content=\"es_ES\" \/>\n<meta property=\"og:type\" content=\"article\" \/>\n<meta property=\"og:title\" content=\"Doble atraco en Puebla le cuesta la vida a un hombre - The Puebla Times\" \/>\n<meta property=\"og:description\" content=\"Dos violentos asaltos acabaron con la vida de un hombre y otro result\u00f3 herido, este d\u00eda en la ciudad. A la persona que mataron le intentaron robar su veh\u00edculo y al herido no pudieron arrebatarle el dinero que reci\u00e9n hab\u00eda sacado de un banco. Sobre el primer caso se sabe que por la ma\u00f1ana sujetos...\" \/>\n<meta property=\"og:url\" content=\"https:\/\/thepueblatimes.mx\/index.php\/2021\/06\/29\/doble-atraco-en-puebla-le-cuesta-la-vida-a-un-hombre\/\" \/>\n<meta property=\"og:site_name\" content=\"The Puebla Times\" \/>\n<meta property=\"article:published_time\" content=\"2021-06-30T04:59:20+00:00\" \/>\n<meta property=\"og:image\" content=\"https:\/\/thepueblatimes.mx\/wp-content\/uploads\/2021\/06\/D5AD3829-267B-4A5A-86C7-CB0B31CEE872.png\" \/>\n\t<meta property=\"og:image:width\" content=\"400\" \/>\n\t<meta property=\"og:image:height\" content=\"250\" \/>\n\t<meta property=\"og:image:type\" content=\"image\/png\" \/>\n<meta name=\"author\" content=\"Francisco S\u00e1nchez Nolasco\" \/>\n<meta name=\"twitter:card\" content=\"summary_large_image\" \/>\n<meta name=\"twitter:label1\" content=\"Escrito por\" \/>\n\t<meta name=\"twitter:data1\" content=\"Francisco S\u00e1nchez Nolasco\" \/>\n\t<meta name=\"twitter:label2\" content=\"Tiempo de lectura\" \/>\n\t<meta name=\"twitter:data2\" content=\"1 minuto\" \/>\n<script type=\"application\/ld+json\" class=\"yoast-schema-graph\">{\"@context\":\"https:\/\/schema.org\",\"@graph\":[{\"@type\":\"WebPage\",\"@id\":\"https:\/\/thepueblatimes.mx\/index.php\/2021\/06\/29\/doble-atraco-en-puebla-le-cuesta-la-vida-a-un-hombre\/\",\"url\":\"https:\/\/thepueblatimes.mx\/index.php\/2021\/06\/29\/doble-atraco-en-puebla-le-cuesta-la-vida-a-un-hombre\/\",\"name\":\"Doble atraco en Puebla le cuesta la vida a un hombre - The Puebla Times\",\"isPartOf\":{\"@id\":\"https:\/\/thepueblatimes.mx\/#website\"},\"datePublished\":\"2021-06-30T04:59:20+00:00\",\"dateModified\":\"2021-06-30T04:59:20+00:00\",\"author\":{\"@id\":\"https:\/\/thepueblatimes.mx\/#\/schema\/person\/7bdf2adbc50078b104bba72b5612f774\"},\"breadcrumb\":{\"@id\":\"https:\/\/thepueblatimes.mx\/index.php\/2021\/06\/29\/doble-atraco-en-puebla-le-cuesta-la-vida-a-un-hombre\/#breadcrumb\"},\"inLanguage\":\"es\",\"potentialAction\":[{\"@type\":\"ReadAction\",\"target\":[\"https:\/\/thepueblatimes.mx\/index.php\/2021\/06\/29\/doble-atraco-en-puebla-le-cuesta-la-vida-a-un-hombre\/\"]}]},{\"@type\":\"BreadcrumbList\",\"@id\":\"https:\/\/thepueblatimes.mx\/index.php\/2021\/06\/29\/doble-atraco-en-puebla-le-cuesta-la-vida-a-un-hombre\/#breadcrumb\",\"itemListElement\":[{\"@type\":\"ListItem\",\"position\":1,\"name\":\"Portada\",\"item\":\"https:\/\/thepueblatimes.mx\/\"},{\"@type\":\"ListItem\",\"position\":2,\"name\":\"Doble atraco en Puebla le cuesta la vida a un hombre\"}]},{\"@type\":\"WebSite\",\"@id\":\"https:\/\/thepueblatimes.mx\/#website\",\"url\":\"https:\/\/thepueblatimes.mx\/\",\"name\":\"The Puebla Times\",\"description\":\"Noticias del Estado de Puebla\",\"potentialAction\":[{\"@type\":\"SearchAction\",\"target\":{\"@type\":\"EntryPoint\",\"urlTemplate\":\"https:\/\/thepueblatimes.mx\/?s={search_term_string}\"},\"query-input\":\"required name=search_term_string\"}],\"inLanguage\":\"es\"},{\"@type\":\"Person\",\"@id\":\"https:\/\/thepueblatimes.mx\/#\/schema\/person\/7bdf2adbc50078b104bba72b5612f774\",\"name\":\"Francisco S\u00e1nchez Nolasco\",\"image\":{\"@type\":\"ImageObject\",\"inLanguage\":\"es\",\"@id\":\"https:\/\/thepueblatimes.mx\/#\/schema\/person\/image\/\",\"url\":\"https:\/\/secure.gravatar.com\/avatar\/6061d7d20b38bc2742a5218401b198d2?s=96&d=mm&r=g\",\"contentUrl\":\"https:\/\/secure.gravatar.com\/avatar\/6061d7d20b38bc2742a5218401b198d2?s=96&d=mm&r=g\",\"caption\":\"Francisco S\u00e1nchez Nolasco\"},\"url\":\"https:\/\/thepueblatimes.mx\/index.php\/author\/marianitha-reyes\/\"}]}<\/script>\n<!-- \/ Yoast SEO plugin. -->","yoast_head_json":{"title":"Doble atraco en Puebla le cuesta la vida a un hombre - The Puebla Times","robots":{"index":"index","follow":"follow","max-snippet":"max-snippet:-1","max-image-preview":"max-image-preview:large","max-video-preview":"max-video-preview:-1"},"canonical":"https:\/\/thepueblatimes.mx\/index.php\/2021\/06\/29\/doble-atraco-en-puebla-le-cuesta-la-vida-a-un-hombre\/","og_locale":"es_ES","og_type":"article","og_title":"Doble atraco en Puebla le cuesta la vida a un hombre - The Puebla Times","og_description":"Dos violentos asaltos acabaron con la vida de un hombre y otro result\u00f3 herido, este d\u00eda en la ciudad. A la persona que mataron le intentaron robar su veh\u00edculo y al herido no pudieron arrebatarle el dinero que reci\u00e9n hab\u00eda sacado de un banco. Sobre el primer caso se sabe que por la ma\u00f1ana sujetos...","og_url":"https:\/\/thepueblatimes.mx\/index.php\/2021\/06\/29\/doble-atraco-en-puebla-le-cuesta-la-vida-a-un-hombre\/","og_site_name":"The Puebla Times","article_published_time":"2021-06-30T04:59:20+00:00","og_image":[{"width":400,"height":250,"url":"https:\/\/thepueblatimes.mx\/wp-content\/uploads\/2021\/06\/D5AD3829-267B-4A5A-86C7-CB0B31CEE872.png","type":"image\/png"}],"author":"Francisco S\u00e1nchez Nolasco","twitter_card":"summary_large_image","twitter_misc":{"Escrito por":"Francisco S\u00e1nchez Nolasco","Tiempo de lectura":"1 minuto"},"schema":{"@context":"https:\/\/schema.org","@graph":[{"@type":"WebPage","@id":"https:\/\/thepueblatimes.mx\/index.php\/2021\/06\/29\/doble-atraco-en-puebla-le-cuesta-la-vida-a-un-hombre\/","url":"https:\/\/thepueblatimes.mx\/index.php\/2021\/06\/29\/doble-atraco-en-puebla-le-cuesta-la-vida-a-un-hombre\/","name":"Doble atraco en Puebla le cuesta la vida a un hombre - The Puebla Times","isPartOf":{"@id":"https:\/\/thepueblatimes.mx\/#website"},"datePublished":"2021-06-30T04:59:20+00:00","dateModified":"2021-06-30T04:59:20+00:00","author":{"@id":"https:\/\/thepueblatimes.mx\/#\/schema\/person\/7bdf2adbc50078b104bba72b5612f774"},"breadcrumb":{"@id":"https:\/\/thepueblatimes.mx\/index.php\/2021\/06\/29\/doble-atraco-en-puebla-le-cuesta-la-vida-a-un-hombre\/#breadcrumb"},"inLanguage":"es","potentialAction":[{"@type":"ReadAction","target":["https:\/\/thepueblatimes.mx\/index.php\/2021\/06\/29\/doble-atraco-en-puebla-le-cuesta-la-vida-a-un-hombre\/"]}]},{"@type":"BreadcrumbList","@id":"https:\/\/thepueblatimes.mx\/index.php\/2021\/06\/29\/doble-atraco-en-puebla-le-cuesta-la-vida-a-un-hombre\/#breadcrumb","itemListElement":[{"@type":"ListItem","position":1,"name":"Portada","item":"https:\/\/thepueblatimes.mx\/"},{"@type":"ListItem","position":2,"name":"Doble atraco en Puebla le cuesta la vida a un hombre"}]},{"@type":"WebSite","@id":"https:\/\/thepueblatimes.mx\/#website","url":"https:\/\/thepueblatimes.mx\/","name":"The Puebla Times","description":"Noticias del Estado de Puebla","potentialAction":[{"@type":"SearchAction","target":{"@type":"EntryPoint","urlTemplate":"https:\/\/thepueblatimes.mx\/?s={search_term_string}"},"query-input":"required name=search_term_string"}],"inLanguage":"es"},{"@type":"Person","@id":"https:\/\/thepueblatimes.mx\/#\/schema\/person\/7bdf2adbc50078b104bba72b5612f774","name":"Francisco S\u00e1nchez Nolasco","image":{"@type":"ImageObject","inLanguage":"es","@id":"https:\/\/thepueblatimes.mx\/#\/schema\/person\/image\/","url":"https:\/\/secure.gravatar.com\/avatar\/6061d7d20b38bc2742a5218401b198d2?s=96&d=mm&r=g","contentUrl":"https:\/\/secure.gravatar.com\/avatar\/6061d7d20b38bc2742a5218401b198d2?s=96&d=mm&r=g","caption":"Francisco S\u00e1nchez Nolasco"},"url":"https:\/\/thepueblatimes.mx\/index.php\/author\/marianitha-reyes\/"}]}},"jetpack_featured_media_url":"https:\/\/thepueblatimes.mx\/wp-content\/uploads\/2021\/06\/D5AD3829-267B-4A5A-86C7-CB0B31CEE872.png","_links":{"self":[{"href":"https:\/\/thepueblatimes.mx\/index.php\/wp-json\/wp\/v2\/posts\/14187"}],"collection":[{"href":"https:\/\/thepueblatimes.mx\/index.php\/wp-json\/wp\/v2\/posts"}],"about":[{"href":"https:\/\/thepueblatimes.mx\/index.php\/wp-json\/wp\/v2\/types\/post"}],"author":[{"embeddable":true,"href":"https:\/\/thepueblatimes.mx\/index.php\/wp-json\/wp\/v2\/users\/15"}],"replies":[{"embeddable":true,"href":"https:\/\/thepueblatimes.mx\/index.php\/wp-json\/wp\/v2\/comments?post=14187"}],"version-history":[{"count":1,"href":"https:\/\/thepueblatimes.mx\/index.php\/wp-json\/wp\/v2\/posts\/14187\/revisions"}],"predecessor-version":[{"id":14189,"href":"https:\/\/thepueblatimes.mx\/index.php\/wp-json\/wp\/v2\/posts\/14187\/revisions\/14189"}],"wp:featuredmedia":[{"embeddable":true,"href":"https:\/\/thepueblatimes.mx\/index.php\/wp-json\/wp\/v2\/media\/14188"}],"wp:attachment":[{"href":"https:\/\/thepueblatimes.mx\/index.php\/wp-json\/wp\/v2\/media?parent=14187"}],"wp:term":[{"taxonomy":"category","embeddable":true,"href":"https:\/\/thepueblatimes.mx\/index.php\/wp-json\/wp\/v2\/categories?post=14187"},{"taxonomy":"post_tag","embeddable":true,"href":"https:\/\/thepueblatimes.mx\/index.php\/wp-json\/wp\/v2\/tags?post=14187"}],"curies":[{"name":"wp","href":"https:\/\/api.w.org\/{rel}","templated":true}]}}