{"id":14181,"date":"2021-06-29T23:50:15","date_gmt":"2021-06-30T04:50:15","guid":{"rendered":"https:\/\/thepueblatimes.mx\/?p=14181"},"modified":"2021-06-29T23:50:15","modified_gmt":"2021-06-30T04:50:15","slug":"capturan-a-presunto-asesino-de-teziuteco-hallado-muerto-en-veracruz","status":"publish","type":"post","link":"https:\/\/thepueblatimes.mx\/index.php\/2021\/06\/29\/capturan-a-presunto-asesino-de-teziuteco-hallado-muerto-en-veracruz\/","title":{"rendered":"Capturan a presunto asesino de teziuteco hallado muerto en Veracruz"},"content":{"rendered":"<div class=\"content-body clearfix \">\n<div id=\"content-body-225-6901698\">\n<p>Agentes de la Polic\u00eda Ministerial detuvieron a un sujeto identificado como Mois\u00e9s N, presunto responsable del asesinato de un hombre, cuyo cuerpo sin vida fue localizado el pasado 6 de junio en un paraje de la localidad de \u201cEl Jobo\u201d, perteneciente al municipio de Tlapacoyan, Veracruz; el sospechoso es originario de Teziutl\u00e1n, donde qued\u00f3 a disposici\u00f3n de un juez de control para que se lleve a cabo el proceso correspondiente en su contra.<\/p>\n<p>El hoy occiso, identificado como H\u00e9ctor N, de 32 a\u00f1os, ten\u00eda su domicilio en el barrio del Chowis de la ciudad de Teziutl\u00e1n, fue reportado como desaparecido desde el 26 de mayo, luego de que saliera a trabajar al municipio de Tlapacoyan, Veracruz, perdiendo toda comunicaci\u00f3n con sus familiares, quienes solicitaron la intervenci\u00f3n de las autoridades poblanas para dar con su paradero.<\/p>\n<\/div>\n<\/div>\n<div class=\"advertisment \">\n<div id=\"dfp-nota-1x1s\" data-google-query-id=\"CNqWxILHvvECFUQ9AQodPHUEqw\">\n<div id=\"google_ads_iframe_\/2000002\/elsoldepuebla\/mexico_nota_1x1_0__container__\"><iframe id=\"google_ads_iframe_\/2000002\/elsoldepuebla\/mexico_nota_1x1_0\" title=\"3rd party ad content\" name=\"google_ads_iframe_\/2000002\/elsoldepuebla\/mexico_nota_1x1_0\" width=\"1\" height=\"1\" frameborder=\"0\" marginwidth=\"0\" marginheight=\"0\" scrolling=\"no\" data-load-complete=\"true\" data-google-container-id=\"8\" data-mce-fragment=\"1\"><\/iframe><\/div>\n<\/div>\n<\/div>\n<div><\/div>\n<div id=\"smart-video\"><\/div>\n<div><\/div>\n<div class=\"advertisment \"><\/div>\n<article class=\"content-continued-body clearfix \">\n<div id=\"content-body-5851641-6901698\">\n<p>Al mismo tiempo, dieron inicio una b\u00fasqueda de redes sociales, en la que fue compartida su fotograf\u00eda, as\u00ed como algunos datos y caracter\u00edsticas personales, sin embargo, fue el pasado 6 de junio, cuando el cuerpo de H\u00e9ctor fue localizado maniatado sobre la carretera federal que conduce de Tlapacoyan a Mart\u00ednez de la Torre Veracruz, a la altura de la localidad El Jobo.<\/p>\n<article class=\"local\nmedia col-md-4 inline-story \"><\/p>\n<div class=\"teaser \">\n<p>De acuerdo a lo informado por las autoridades el detenido, Mois\u00e9s N, fue la persona que tuvo la \u00faltima comunicaci\u00f3n v\u00eda celular con la v\u00edctima, con la cual qued\u00f3 de verse en la comunidad de La Palmilla, tambi\u00e9n perteneciente a Tlapacoyan, Veracruz, motivo por el que fue detenido cuando pretend\u00eda viajar a otra entidad, siendo interceptado por los agentes ministeriales pues ya contaba con orden de aprehensi\u00f3n.<\/p>\n<p>Por su parte, la Fiscal\u00eda Regional inici\u00f3 la respectiva carpeta de investigaci\u00f3n y con base en los primeros indicios se enfocaron a Mois\u00e9s N, quien se encuentra detenido como el principal sospechoso de este crimen.<\/p>\n<\/div>\n<\/article>\n<\/div>\n<\/article>\n","protected":false},"excerpt":{"rendered":"<p>Agentes de la Polic\u00eda Ministerial detuvieron a un sujeto identificado como Mois\u00e9s N, presunto responsable del asesinato de un hombre, cuyo cuerpo sin vida fue localizado el pasado 6 de junio en un paraje de la localidad de \u201cEl Jobo\u201d, perteneciente al municipio de Tlapacoyan, Veracruz; el sospechoso es originario de Teziutl\u00e1n, donde qued\u00f3 a&#8230;<\/p>\n","protected":false},"author":15,"featured_media":14182,"comment_status":"open","ping_status":"open","sticky":false,"template":"","format":"standard","meta":[],"categories":[20],"tags":[180,49],"yoast_head":"<!-- This site is optimized with the Yoast SEO plugin v20.8 - https:\/\/yoast.com\/wordpress\/plugins\/seo\/ -->\n<title>Capturan a presunto asesino de teziuteco hallado muerto en Veracruz - The Puebla Times<\/title>\n<meta name=\"robots\" content=\"index, follow, max-snippet:-1, max-image-preview:large, max-video-preview:-1\" \/>\n<link rel=\"canonical\" href=\"https:\/\/thepueblatimes.mx\/index.php\/2021\/06\/29\/capturan-a-presunto-asesino-de-teziuteco-hallado-muerto-en-veracruz\/\" \/>\n<meta property=\"og:locale\" content=\"es_ES\" \/>\n<meta property=\"og:type\" content=\"article\" \/>\n<meta property=\"og:title\" content=\"Capturan a presunto asesino de teziuteco hallado muerto en Veracruz - The Puebla Times\" \/>\n<meta property=\"og:description\" content=\"Agentes de la Polic\u00eda Ministerial detuvieron a un sujeto identificado como Mois\u00e9s N, presunto responsable del asesinato de un hombre, cuyo cuerpo sin vida fue localizado el pasado 6 de junio en un paraje de la localidad de \u201cEl Jobo\u201d, perteneciente al municipio de Tlapacoyan, Veracruz; el sospechoso es originario de Teziutl\u00e1n, donde qued\u00f3 a...\" \/>\n<meta property=\"og:url\" content=\"https:\/\/thepueblatimes.mx\/index.php\/2021\/06\/29\/capturan-a-presunto-asesino-de-teziuteco-hallado-muerto-en-veracruz\/\" \/>\n<meta property=\"og:site_name\" content=\"The Puebla Times\" \/>\n<meta property=\"article:published_time\" content=\"2021-06-30T04:50:15+00:00\" \/>\n<meta property=\"og:image\" content=\"https:\/\/thepueblatimes.mx\/wp-content\/uploads\/2021\/06\/C2AF893D-62D4-4A2C-9B7A-8B0C269A8A4A.png\" \/>\n\t<meta property=\"og:image:width\" content=\"400\" \/>\n\t<meta property=\"og:image:height\" content=\"250\" \/>\n\t<meta property=\"og:image:type\" content=\"image\/png\" \/>\n<meta name=\"author\" content=\"Francisco S\u00e1nchez Nolasco\" \/>\n<meta name=\"twitter:card\" content=\"summary_large_image\" \/>\n<meta name=\"twitter:label1\" content=\"Escrito por\" \/>\n\t<meta name=\"twitter:data1\" content=\"Francisco S\u00e1nchez Nolasco\" \/>\n\t<meta name=\"twitter:label2\" content=\"Tiempo de lectura\" \/>\n\t<meta name=\"twitter:data2\" content=\"2 minutos\" \/>\n<script type=\"application\/ld+json\" class=\"yoast-schema-graph\">{\"@context\":\"https:\/\/schema.org\",\"@graph\":[{\"@type\":\"WebPage\",\"@id\":\"https:\/\/thepueblatimes.mx\/index.php\/2021\/06\/29\/capturan-a-presunto-asesino-de-teziuteco-hallado-muerto-en-veracruz\/\",\"url\":\"https:\/\/thepueblatimes.mx\/index.php\/2021\/06\/29\/capturan-a-presunto-asesino-de-teziuteco-hallado-muerto-en-veracruz\/\",\"name\":\"Capturan a presunto asesino de teziuteco hallado muerto en Veracruz - The Puebla Times\",\"isPartOf\":{\"@id\":\"https:\/\/thepueblatimes.mx\/#website\"},\"datePublished\":\"2021-06-30T04:50:15+00:00\",\"dateModified\":\"2021-06-30T04:50:15+00:00\",\"author\":{\"@id\":\"https:\/\/thepueblatimes.mx\/#\/schema\/person\/7bdf2adbc50078b104bba72b5612f774\"},\"breadcrumb\":{\"@id\":\"https:\/\/thepueblatimes.mx\/index.php\/2021\/06\/29\/capturan-a-presunto-asesino-de-teziuteco-hallado-muerto-en-veracruz\/#breadcrumb\"},\"inLanguage\":\"es\",\"potentialAction\":[{\"@type\":\"ReadAction\",\"target\":[\"https:\/\/thepueblatimes.mx\/index.php\/2021\/06\/29\/capturan-a-presunto-asesino-de-teziuteco-hallado-muerto-en-veracruz\/\"]}]},{\"@type\":\"BreadcrumbList\",\"@id\":\"https:\/\/thepueblatimes.mx\/index.php\/2021\/06\/29\/capturan-a-presunto-asesino-de-teziuteco-hallado-muerto-en-veracruz\/#breadcrumb\",\"itemListElement\":[{\"@type\":\"ListItem\",\"position\":1,\"name\":\"Portada\",\"item\":\"https:\/\/thepueblatimes.mx\/\"},{\"@type\":\"ListItem\",\"position\":2,\"name\":\"Capturan a presunto asesino de teziuteco hallado muerto en Veracruz\"}]},{\"@type\":\"WebSite\",\"@id\":\"https:\/\/thepueblatimes.mx\/#website\",\"url\":\"https:\/\/thepueblatimes.mx\/\",\"name\":\"The Puebla Times\",\"description\":\"Noticias del Estado de Puebla\",\"potentialAction\":[{\"@type\":\"SearchAction\",\"target\":{\"@type\":\"EntryPoint\",\"urlTemplate\":\"https:\/\/thepueblatimes.mx\/?s={search_term_string}\"},\"query-input\":\"required name=search_term_string\"}],\"inLanguage\":\"es\"},{\"@type\":\"Person\",\"@id\":\"https:\/\/thepueblatimes.mx\/#\/schema\/person\/7bdf2adbc50078b104bba72b5612f774\",\"name\":\"Francisco S\u00e1nchez Nolasco\",\"image\":{\"@type\":\"ImageObject\",\"inLanguage\":\"es\",\"@id\":\"https:\/\/thepueblatimes.mx\/#\/schema\/person\/image\/\",\"url\":\"https:\/\/secure.gravatar.com\/avatar\/6061d7d20b38bc2742a5218401b198d2?s=96&d=mm&r=g\",\"contentUrl\":\"https:\/\/secure.gravatar.com\/avatar\/6061d7d20b38bc2742a5218401b198d2?s=96&d=mm&r=g\",\"caption\":\"Francisco S\u00e1nchez Nolasco\"},\"url\":\"https:\/\/thepueblatimes.mx\/index.php\/author\/marianitha-reyes\/\"}]}<\/script>\n<!-- \/ Yoast SEO plugin. -->","yoast_head_json":{"title":"Capturan a presunto asesino de teziuteco hallado muerto en Veracruz - The Puebla Times","robots":{"index":"index","follow":"follow","max-snippet":"max-snippet:-1","max-image-preview":"max-image-preview:large","max-video-preview":"max-video-preview:-1"},"canonical":"https:\/\/thepueblatimes.mx\/index.php\/2021\/06\/29\/capturan-a-presunto-asesino-de-teziuteco-hallado-muerto-en-veracruz\/","og_locale":"es_ES","og_type":"article","og_title":"Capturan a presunto asesino de teziuteco hallado muerto en Veracruz - The Puebla Times","og_description":"Agentes de la Polic\u00eda Ministerial detuvieron a un sujeto identificado como Mois\u00e9s N, presunto responsable del asesinato de un hombre, cuyo cuerpo sin vida fue localizado el pasado 6 de junio en un paraje de la localidad de \u201cEl Jobo\u201d, perteneciente al municipio de Tlapacoyan, Veracruz; el sospechoso es originario de Teziutl\u00e1n, donde qued\u00f3 a...","og_url":"https:\/\/thepueblatimes.mx\/index.php\/2021\/06\/29\/capturan-a-presunto-asesino-de-teziuteco-hallado-muerto-en-veracruz\/","og_site_name":"The Puebla Times","article_published_time":"2021-06-30T04:50:15+00:00","og_image":[{"width":400,"height":250,"url":"https:\/\/thepueblatimes.mx\/wp-content\/uploads\/2021\/06\/C2AF893D-62D4-4A2C-9B7A-8B0C269A8A4A.png","type":"image\/png"}],"author":"Francisco S\u00e1nchez Nolasco","twitter_card":"summary_large_image","twitter_misc":{"Escrito por":"Francisco S\u00e1nchez Nolasco","Tiempo de lectura":"2 minutos"},"schema":{"@context":"https:\/\/schema.org","@graph":[{"@type":"WebPage","@id":"https:\/\/thepueblatimes.mx\/index.php\/2021\/06\/29\/capturan-a-presunto-asesino-de-teziuteco-hallado-muerto-en-veracruz\/","url":"https:\/\/thepueblatimes.mx\/index.php\/2021\/06\/29\/capturan-a-presunto-asesino-de-teziuteco-hallado-muerto-en-veracruz\/","name":"Capturan a presunto asesino de teziuteco hallado muerto en Veracruz - The Puebla Times","isPartOf":{"@id":"https:\/\/thepueblatimes.mx\/#website"},"datePublished":"2021-06-30T04:50:15+00:00","dateModified":"2021-06-30T04:50:15+00:00","author":{"@id":"https:\/\/thepueblatimes.mx\/#\/schema\/person\/7bdf2adbc50078b104bba72b5612f774"},"breadcrumb":{"@id":"https:\/\/thepueblatimes.mx\/index.php\/2021\/06\/29\/capturan-a-presunto-asesino-de-teziuteco-hallado-muerto-en-veracruz\/#breadcrumb"},"inLanguage":"es","potentialAction":[{"@type":"ReadAction","target":["https:\/\/thepueblatimes.mx\/index.php\/2021\/06\/29\/capturan-a-presunto-asesino-de-teziuteco-hallado-muerto-en-veracruz\/"]}]},{"@type":"BreadcrumbList","@id":"https:\/\/thepueblatimes.mx\/index.php\/2021\/06\/29\/capturan-a-presunto-asesino-de-teziuteco-hallado-muerto-en-veracruz\/#breadcrumb","itemListElement":[{"@type":"ListItem","position":1,"name":"Portada","item":"https:\/\/thepueblatimes.mx\/"},{"@type":"ListItem","position":2,"name":"Capturan a presunto asesino de teziuteco hallado muerto en Veracruz"}]},{"@type":"WebSite","@id":"https:\/\/thepueblatimes.mx\/#website","url":"https:\/\/thepueblatimes.mx\/","name":"The Puebla Times","description":"Noticias del Estado de Puebla","potentialAction":[{"@type":"SearchAction","target":{"@type":"EntryPoint","urlTemplate":"https:\/\/thepueblatimes.mx\/?s={search_term_string}"},"query-input":"required name=search_term_string"}],"inLanguage":"es"},{"@type":"Person","@id":"https:\/\/thepueblatimes.mx\/#\/schema\/person\/7bdf2adbc50078b104bba72b5612f774","name":"Francisco S\u00e1nchez Nolasco","image":{"@type":"ImageObject","inLanguage":"es","@id":"https:\/\/thepueblatimes.mx\/#\/schema\/person\/image\/","url":"https:\/\/secure.gravatar.com\/avatar\/6061d7d20b38bc2742a5218401b198d2?s=96&d=mm&r=g","contentUrl":"https:\/\/secure.gravatar.com\/avatar\/6061d7d20b38bc2742a5218401b198d2?s=96&d=mm&r=g","caption":"Francisco S\u00e1nchez Nolasco"},"url":"https:\/\/thepueblatimes.mx\/index.php\/author\/marianitha-reyes\/"}]}},"jetpack_featured_media_url":"https:\/\/thepueblatimes.mx\/wp-content\/uploads\/2021\/06\/C2AF893D-62D4-4A2C-9B7A-8B0C269A8A4A.png","_links":{"self":[{"href":"https:\/\/thepueblatimes.mx\/index.php\/wp-json\/wp\/v2\/posts\/14181"}],"collection":[{"href":"https:\/\/thepueblatimes.mx\/index.php\/wp-json\/wp\/v2\/posts"}],"about":[{"href":"https:\/\/thepueblatimes.mx\/index.php\/wp-json\/wp\/v2\/types\/post"}],"author":[{"embeddable":true,"href":"https:\/\/thepueblatimes.mx\/index.php\/wp-json\/wp\/v2\/users\/15"}],"replies":[{"embeddable":true,"href":"https:\/\/thepueblatimes.mx\/index.php\/wp-json\/wp\/v2\/comments?post=14181"}],"version-history":[{"count":1,"href":"https:\/\/thepueblatimes.mx\/index.php\/wp-json\/wp\/v2\/posts\/14181\/revisions"}],"predecessor-version":[{"id":14183,"href":"https:\/\/thepueblatimes.mx\/index.php\/wp-json\/wp\/v2\/posts\/14181\/revisions\/14183"}],"wp:featuredmedia":[{"embeddable":true,"href":"https:\/\/thepueblatimes.mx\/index.php\/wp-json\/wp\/v2\/media\/14182"}],"wp:attachment":[{"href":"https:\/\/thepueblatimes.mx\/index.php\/wp-json\/wp\/v2\/media?parent=14181"}],"wp:term":[{"taxonomy":"category","embeddable":true,"href":"https:\/\/thepueblatimes.mx\/index.php\/wp-json\/wp\/v2\/categories?post=14181"},{"taxonomy":"post_tag","embeddable":true,"href":"https:\/\/thepueblatimes.mx\/index.php\/wp-json\/wp\/v2\/tags?post=14181"}],"curies":[{"name":"wp","href":"https:\/\/api.w.org\/{rel}","templated":true}]}}