{"id":14178,"date":"2021-06-29T23:48:40","date_gmt":"2021-06-30T04:48:40","guid":{"rendered":"https:\/\/thepueblatimes.mx\/?p=14178"},"modified":"2021-06-29T23:48:40","modified_gmt":"2021-06-30T04:48:40","slug":"lo-encuentran-ensangrentado-y-sin-vida-en-bosques-de-manzanilla","status":"publish","type":"post","link":"https:\/\/thepueblatimes.mx\/index.php\/2021\/06\/29\/lo-encuentran-ensangrentado-y-sin-vida-en-bosques-de-manzanilla\/","title":{"rendered":"Lo encuentran ensangrentado y sin vida en Bosques de Manzanilla"},"content":{"rendered":"<p>Con un disparo en el pecho, un hombre acab\u00f3 con su vida, dentro de su vivienda en la colonia Bosques de Manzanilla, esta ma\u00f1ana.<\/p>\n<p>Familiares de la v\u00edctima al escuchar la detonaci\u00f3n del arma de fuego corrieron hasta la habitaci\u00f3n del var\u00f3n de 50 a\u00f1os de edad, encontr\u00e1ndolo ensangrentado.<\/p>\n<p>Aunque llegaron param\u00e9dicos de SUMA para prestar el auxilio necesario, al revisar al hombre, confirmaron que no ten\u00eda signos vitales.<\/p>\n<p>El lugar se encuentra acordonado por elementos de la polic\u00eda Municipal y est\u00e1n a la espera de personal de la Fiscal\u00eda General del Estado para que tome conocimiento de lo ocurrido.<\/p>\n<p>Al momento se desconoce los posibles motivos que tuvo la persona para tomar esta fatal determinaci\u00f3n.<\/p>\n","protected":false},"excerpt":{"rendered":"<p>Con un disparo en el pecho, un hombre acab\u00f3 con su vida, dentro de su vivienda en la colonia Bosques de Manzanilla, esta ma\u00f1ana. Familiares de la v\u00edctima al escuchar la detonaci\u00f3n del arma de fuego corrieron hasta la habitaci\u00f3n del var\u00f3n de 50 a\u00f1os de edad, encontr\u00e1ndolo ensangrentado. Aunque llegaron param\u00e9dicos de SUMA para&#8230;<\/p>\n","protected":false},"author":15,"featured_media":14179,"comment_status":"open","ping_status":"open","sticky":false,"template":"","format":"standard","meta":[],"categories":[20],"tags":[49,175],"yoast_head":"<!-- This site is optimized with the Yoast SEO plugin v20.8 - https:\/\/yoast.com\/wordpress\/plugins\/seo\/ -->\n<title>Lo encuentran ensangrentado y sin vida en Bosques de Manzanilla - The Puebla Times<\/title>\n<meta name=\"robots\" content=\"index, follow, max-snippet:-1, max-image-preview:large, max-video-preview:-1\" \/>\n<link rel=\"canonical\" href=\"https:\/\/thepueblatimes.mx\/index.php\/2021\/06\/29\/lo-encuentran-ensangrentado-y-sin-vida-en-bosques-de-manzanilla\/\" \/>\n<meta property=\"og:locale\" content=\"es_ES\" \/>\n<meta property=\"og:type\" content=\"article\" \/>\n<meta property=\"og:title\" content=\"Lo encuentran ensangrentado y sin vida en Bosques de Manzanilla - The Puebla Times\" \/>\n<meta property=\"og:description\" content=\"Con un disparo en el pecho, un hombre acab\u00f3 con su vida, dentro de su vivienda en la colonia Bosques de Manzanilla, esta ma\u00f1ana. Familiares de la v\u00edctima al escuchar la detonaci\u00f3n del arma de fuego corrieron hasta la habitaci\u00f3n del var\u00f3n de 50 a\u00f1os de edad, encontr\u00e1ndolo ensangrentado. Aunque llegaron param\u00e9dicos de SUMA para...\" \/>\n<meta property=\"og:url\" content=\"https:\/\/thepueblatimes.mx\/index.php\/2021\/06\/29\/lo-encuentran-ensangrentado-y-sin-vida-en-bosques-de-manzanilla\/\" \/>\n<meta property=\"og:site_name\" content=\"The Puebla Times\" \/>\n<meta property=\"article:published_time\" content=\"2021-06-30T04:48:40+00:00\" \/>\n<meta property=\"og:image\" content=\"https:\/\/thepueblatimes.mx\/wp-content\/uploads\/2021\/06\/59B78078-3A51-4212-9377-1CB79656BB7F.png\" \/>\n\t<meta property=\"og:image:width\" content=\"400\" \/>\n\t<meta property=\"og:image:height\" content=\"250\" \/>\n\t<meta property=\"og:image:type\" content=\"image\/png\" \/>\n<meta name=\"author\" content=\"Francisco S\u00e1nchez Nolasco\" \/>\n<meta name=\"twitter:card\" content=\"summary_large_image\" \/>\n<meta name=\"twitter:label1\" content=\"Escrito por\" \/>\n\t<meta name=\"twitter:data1\" content=\"Francisco S\u00e1nchez Nolasco\" \/>\n\t<meta name=\"twitter:label2\" content=\"Tiempo de lectura\" \/>\n\t<meta name=\"twitter:data2\" content=\"1 minuto\" \/>\n<script type=\"application\/ld+json\" class=\"yoast-schema-graph\">{\"@context\":\"https:\/\/schema.org\",\"@graph\":[{\"@type\":\"WebPage\",\"@id\":\"https:\/\/thepueblatimes.mx\/index.php\/2021\/06\/29\/lo-encuentran-ensangrentado-y-sin-vida-en-bosques-de-manzanilla\/\",\"url\":\"https:\/\/thepueblatimes.mx\/index.php\/2021\/06\/29\/lo-encuentran-ensangrentado-y-sin-vida-en-bosques-de-manzanilla\/\",\"name\":\"Lo encuentran ensangrentado y sin vida en Bosques de Manzanilla - The Puebla Times\",\"isPartOf\":{\"@id\":\"https:\/\/thepueblatimes.mx\/#website\"},\"datePublished\":\"2021-06-30T04:48:40+00:00\",\"dateModified\":\"2021-06-30T04:48:40+00:00\",\"author\":{\"@id\":\"https:\/\/thepueblatimes.mx\/#\/schema\/person\/7bdf2adbc50078b104bba72b5612f774\"},\"breadcrumb\":{\"@id\":\"https:\/\/thepueblatimes.mx\/index.php\/2021\/06\/29\/lo-encuentran-ensangrentado-y-sin-vida-en-bosques-de-manzanilla\/#breadcrumb\"},\"inLanguage\":\"es\",\"potentialAction\":[{\"@type\":\"ReadAction\",\"target\":[\"https:\/\/thepueblatimes.mx\/index.php\/2021\/06\/29\/lo-encuentran-ensangrentado-y-sin-vida-en-bosques-de-manzanilla\/\"]}]},{\"@type\":\"BreadcrumbList\",\"@id\":\"https:\/\/thepueblatimes.mx\/index.php\/2021\/06\/29\/lo-encuentran-ensangrentado-y-sin-vida-en-bosques-de-manzanilla\/#breadcrumb\",\"itemListElement\":[{\"@type\":\"ListItem\",\"position\":1,\"name\":\"Portada\",\"item\":\"https:\/\/thepueblatimes.mx\/\"},{\"@type\":\"ListItem\",\"position\":2,\"name\":\"Lo encuentran ensangrentado y sin vida en Bosques de Manzanilla\"}]},{\"@type\":\"WebSite\",\"@id\":\"https:\/\/thepueblatimes.mx\/#website\",\"url\":\"https:\/\/thepueblatimes.mx\/\",\"name\":\"The Puebla Times\",\"description\":\"Noticias del Estado de Puebla\",\"potentialAction\":[{\"@type\":\"SearchAction\",\"target\":{\"@type\":\"EntryPoint\",\"urlTemplate\":\"https:\/\/thepueblatimes.mx\/?s={search_term_string}\"},\"query-input\":\"required name=search_term_string\"}],\"inLanguage\":\"es\"},{\"@type\":\"Person\",\"@id\":\"https:\/\/thepueblatimes.mx\/#\/schema\/person\/7bdf2adbc50078b104bba72b5612f774\",\"name\":\"Francisco S\u00e1nchez Nolasco\",\"image\":{\"@type\":\"ImageObject\",\"inLanguage\":\"es\",\"@id\":\"https:\/\/thepueblatimes.mx\/#\/schema\/person\/image\/\",\"url\":\"https:\/\/secure.gravatar.com\/avatar\/6061d7d20b38bc2742a5218401b198d2?s=96&d=mm&r=g\",\"contentUrl\":\"https:\/\/secure.gravatar.com\/avatar\/6061d7d20b38bc2742a5218401b198d2?s=96&d=mm&r=g\",\"caption\":\"Francisco S\u00e1nchez Nolasco\"},\"url\":\"https:\/\/thepueblatimes.mx\/index.php\/author\/marianitha-reyes\/\"}]}<\/script>\n<!-- \/ Yoast SEO plugin. -->","yoast_head_json":{"title":"Lo encuentran ensangrentado y sin vida en Bosques de Manzanilla - The Puebla Times","robots":{"index":"index","follow":"follow","max-snippet":"max-snippet:-1","max-image-preview":"max-image-preview:large","max-video-preview":"max-video-preview:-1"},"canonical":"https:\/\/thepueblatimes.mx\/index.php\/2021\/06\/29\/lo-encuentran-ensangrentado-y-sin-vida-en-bosques-de-manzanilla\/","og_locale":"es_ES","og_type":"article","og_title":"Lo encuentran ensangrentado y sin vida en Bosques de Manzanilla - The Puebla Times","og_description":"Con un disparo en el pecho, un hombre acab\u00f3 con su vida, dentro de su vivienda en la colonia Bosques de Manzanilla, esta ma\u00f1ana. Familiares de la v\u00edctima al escuchar la detonaci\u00f3n del arma de fuego corrieron hasta la habitaci\u00f3n del var\u00f3n de 50 a\u00f1os de edad, encontr\u00e1ndolo ensangrentado. Aunque llegaron param\u00e9dicos de SUMA para...","og_url":"https:\/\/thepueblatimes.mx\/index.php\/2021\/06\/29\/lo-encuentran-ensangrentado-y-sin-vida-en-bosques-de-manzanilla\/","og_site_name":"The Puebla Times","article_published_time":"2021-06-30T04:48:40+00:00","og_image":[{"width":400,"height":250,"url":"https:\/\/thepueblatimes.mx\/wp-content\/uploads\/2021\/06\/59B78078-3A51-4212-9377-1CB79656BB7F.png","type":"image\/png"}],"author":"Francisco S\u00e1nchez Nolasco","twitter_card":"summary_large_image","twitter_misc":{"Escrito por":"Francisco S\u00e1nchez Nolasco","Tiempo de lectura":"1 minuto"},"schema":{"@context":"https:\/\/schema.org","@graph":[{"@type":"WebPage","@id":"https:\/\/thepueblatimes.mx\/index.php\/2021\/06\/29\/lo-encuentran-ensangrentado-y-sin-vida-en-bosques-de-manzanilla\/","url":"https:\/\/thepueblatimes.mx\/index.php\/2021\/06\/29\/lo-encuentran-ensangrentado-y-sin-vida-en-bosques-de-manzanilla\/","name":"Lo encuentran ensangrentado y sin vida en Bosques de Manzanilla - The Puebla Times","isPartOf":{"@id":"https:\/\/thepueblatimes.mx\/#website"},"datePublished":"2021-06-30T04:48:40+00:00","dateModified":"2021-06-30T04:48:40+00:00","author":{"@id":"https:\/\/thepueblatimes.mx\/#\/schema\/person\/7bdf2adbc50078b104bba72b5612f774"},"breadcrumb":{"@id":"https:\/\/thepueblatimes.mx\/index.php\/2021\/06\/29\/lo-encuentran-ensangrentado-y-sin-vida-en-bosques-de-manzanilla\/#breadcrumb"},"inLanguage":"es","potentialAction":[{"@type":"ReadAction","target":["https:\/\/thepueblatimes.mx\/index.php\/2021\/06\/29\/lo-encuentran-ensangrentado-y-sin-vida-en-bosques-de-manzanilla\/"]}]},{"@type":"BreadcrumbList","@id":"https:\/\/thepueblatimes.mx\/index.php\/2021\/06\/29\/lo-encuentran-ensangrentado-y-sin-vida-en-bosques-de-manzanilla\/#breadcrumb","itemListElement":[{"@type":"ListItem","position":1,"name":"Portada","item":"https:\/\/thepueblatimes.mx\/"},{"@type":"ListItem","position":2,"name":"Lo encuentran ensangrentado y sin vida en Bosques de Manzanilla"}]},{"@type":"WebSite","@id":"https:\/\/thepueblatimes.mx\/#website","url":"https:\/\/thepueblatimes.mx\/","name":"The Puebla Times","description":"Noticias del Estado de Puebla","potentialAction":[{"@type":"SearchAction","target":{"@type":"EntryPoint","urlTemplate":"https:\/\/thepueblatimes.mx\/?s={search_term_string}"},"query-input":"required name=search_term_string"}],"inLanguage":"es"},{"@type":"Person","@id":"https:\/\/thepueblatimes.mx\/#\/schema\/person\/7bdf2adbc50078b104bba72b5612f774","name":"Francisco S\u00e1nchez Nolasco","image":{"@type":"ImageObject","inLanguage":"es","@id":"https:\/\/thepueblatimes.mx\/#\/schema\/person\/image\/","url":"https:\/\/secure.gravatar.com\/avatar\/6061d7d20b38bc2742a5218401b198d2?s=96&d=mm&r=g","contentUrl":"https:\/\/secure.gravatar.com\/avatar\/6061d7d20b38bc2742a5218401b198d2?s=96&d=mm&r=g","caption":"Francisco S\u00e1nchez Nolasco"},"url":"https:\/\/thepueblatimes.mx\/index.php\/author\/marianitha-reyes\/"}]}},"jetpack_featured_media_url":"https:\/\/thepueblatimes.mx\/wp-content\/uploads\/2021\/06\/59B78078-3A51-4212-9377-1CB79656BB7F.png","_links":{"self":[{"href":"https:\/\/thepueblatimes.mx\/index.php\/wp-json\/wp\/v2\/posts\/14178"}],"collection":[{"href":"https:\/\/thepueblatimes.mx\/index.php\/wp-json\/wp\/v2\/posts"}],"about":[{"href":"https:\/\/thepueblatimes.mx\/index.php\/wp-json\/wp\/v2\/types\/post"}],"author":[{"embeddable":true,"href":"https:\/\/thepueblatimes.mx\/index.php\/wp-json\/wp\/v2\/users\/15"}],"replies":[{"embeddable":true,"href":"https:\/\/thepueblatimes.mx\/index.php\/wp-json\/wp\/v2\/comments?post=14178"}],"version-history":[{"count":1,"href":"https:\/\/thepueblatimes.mx\/index.php\/wp-json\/wp\/v2\/posts\/14178\/revisions"}],"predecessor-version":[{"id":14180,"href":"https:\/\/thepueblatimes.mx\/index.php\/wp-json\/wp\/v2\/posts\/14178\/revisions\/14180"}],"wp:featuredmedia":[{"embeddable":true,"href":"https:\/\/thepueblatimes.mx\/index.php\/wp-json\/wp\/v2\/media\/14179"}],"wp:attachment":[{"href":"https:\/\/thepueblatimes.mx\/index.php\/wp-json\/wp\/v2\/media?parent=14178"}],"wp:term":[{"taxonomy":"category","embeddable":true,"href":"https:\/\/thepueblatimes.mx\/index.php\/wp-json\/wp\/v2\/categories?post=14178"},{"taxonomy":"post_tag","embeddable":true,"href":"https:\/\/thepueblatimes.mx\/index.php\/wp-json\/wp\/v2\/tags?post=14178"}],"curies":[{"name":"wp","href":"https:\/\/api.w.org\/{rel}","templated":true}]}}