{"id":14172,"date":"2021-06-29T23:43:37","date_gmt":"2021-06-30T04:43:37","guid":{"rendered":"https:\/\/thepueblatimes.mx\/?p=14172"},"modified":"2021-06-29T23:43:37","modified_gmt":"2021-06-30T04:43:37","slug":"vinculan-a-proceso-a-9-personas-en-puebla-por-posesion-de-droga","status":"publish","type":"post","link":"https:\/\/thepueblatimes.mx\/index.php\/2021\/06\/29\/vinculan-a-proceso-a-9-personas-en-puebla-por-posesion-de-droga\/","title":{"rendered":"Vinculan a proceso a 9 personas en Puebla por posesi\u00f3n de droga"},"content":{"rendered":"<p>La Fiscal\u00eda General del Estado de Puebla obtuvo la <strong>vinculaci\u00f3n a proceso<\/strong> de <strong>siete hombres y dos mujeres<\/strong> por su presunta responsabilidad en delitos contra la salud en las modalidades de <strong>posesi\u00f3n simple<\/strong> de droga y con fines de suministro.<\/p>\n<p>La dependencia indic\u00f3 a trav\u00e9s de un comunicado que el 7 de mayo de 2021 en el municipio de <strong>San Miguel Xoxtla<\/strong> polic\u00edas estatales detuvieron a Teresa N. de 51 a\u00f1os y los hermanos Gerardo N. de 45 a\u00f1os y Pedro N. de 36 a\u00f1os, en posesi\u00f3n de 150 dosis de cristal y 80 envoltorios con hierba verde de caracter\u00edsticas de la marihuana.<\/p>\n<p>Mariana N. de 24 a\u00f1os de edad, fue asegurada por elementos de la Polic\u00eda Estatal Tur\u00edstica el 10 de mayo de 2021 en inmediaciones de la <strong>colonia Centro<\/strong> de la ciudad de Puebla. Se le encontraron dos bolsas con droga conocida como marihuana y piezas de aparente LSD.<\/p>\n<p>Asimismo, agentes estatales capturaron a \u00c1ngel N. de 41 a\u00f1os y Jes\u00fas Alberto N. de 23 a\u00f1os en la colonia <strong>Balcones del Sur<\/strong>, al hallarles 49 dosis con contenido rocoso de caracter\u00edsticas parecidas a la piedra, 18 envoltorios de posible cristal, 12 bolsas con sustancia similar a la hero\u00edna y dos pipas.<\/p>\n<p>El 22 de mayo de 2021 en la colonia <strong>Riego Sur<\/strong>, polic\u00edas municipales de Puebla, lograron la detenci\u00f3n de Alejandro N. de 22 a\u00f1os, a quien le encontraron una bolsa con hierba verde seca de caracter\u00edsticas de la marihuana y una pipa.<\/p>\n<p>Tambi\u00e9n en posesi\u00f3n de posible marihuana, fueron asegurados por elementos de la Secretar\u00eda de Seguridad Ciudadana del Municipio de Puebla, Jos\u00e9 Luis David N. y Roberto Patricio N., ambos de 24 a\u00f1os, el 27 de mayo de 2021 en la colonia <strong>Crist\u00f3bal Col\u00f3n<\/strong>.<\/p>\n<p>Se indic\u00f3 que la Fiscal\u00eda Especializada en Investigaci\u00f3n de Delitos de Alta Incidencia recab\u00f3 y present\u00f3 ante la respectiva autoridad judicial datos probatorios de cada uno de los hechos.<\/p>\n<p>Las nueve personas imputadas quedaron vinculadas a proceso; Teresa N., Gerardo N., Pedro N., Mariana N., \u00c1ngel N., Jes\u00fas Alberto N. y Alejandro N., con la medida cautelar de <strong>prisi\u00f3n preventiva<\/strong> necesaria. A Jos\u00e9 Luis David N. y Roberto Patricio N., se les impuso firma peri\u00f3dica.<\/p>\n","protected":false},"excerpt":{"rendered":"<p>La Fiscal\u00eda General del Estado de Puebla obtuvo la vinculaci\u00f3n a proceso de siete hombres y dos mujeres por su presunta responsabilidad en delitos contra la salud en las modalidades de posesi\u00f3n simple de droga y con fines de suministro. La dependencia indic\u00f3 a trav\u00e9s de un comunicado que el 7 de mayo de 2021&#8230;<\/p>\n","protected":false},"author":15,"featured_media":14173,"comment_status":"open","ping_status":"open","sticky":false,"template":"","format":"standard","meta":[],"categories":[20],"tags":[49],"yoast_head":"<!-- This site is optimized with the Yoast SEO plugin v20.8 - https:\/\/yoast.com\/wordpress\/plugins\/seo\/ -->\n<title>Vinculan a proceso a 9 personas en Puebla por posesi\u00f3n de droga - The Puebla Times<\/title>\n<meta name=\"robots\" content=\"index, follow, max-snippet:-1, max-image-preview:large, max-video-preview:-1\" \/>\n<link rel=\"canonical\" href=\"https:\/\/thepueblatimes.mx\/index.php\/2021\/06\/29\/vinculan-a-proceso-a-9-personas-en-puebla-por-posesion-de-droga\/\" \/>\n<meta property=\"og:locale\" content=\"es_ES\" \/>\n<meta property=\"og:type\" content=\"article\" \/>\n<meta property=\"og:title\" content=\"Vinculan a proceso a 9 personas en Puebla por posesi\u00f3n de droga - The Puebla Times\" \/>\n<meta property=\"og:description\" content=\"La Fiscal\u00eda General del Estado de Puebla obtuvo la vinculaci\u00f3n a proceso de siete hombres y dos mujeres por su presunta responsabilidad en delitos contra la salud en las modalidades de posesi\u00f3n simple de droga y con fines de suministro. La dependencia indic\u00f3 a trav\u00e9s de un comunicado que el 7 de mayo de 2021...\" \/>\n<meta property=\"og:url\" content=\"https:\/\/thepueblatimes.mx\/index.php\/2021\/06\/29\/vinculan-a-proceso-a-9-personas-en-puebla-por-posesion-de-droga\/\" \/>\n<meta property=\"og:site_name\" content=\"The Puebla Times\" \/>\n<meta property=\"article:published_time\" content=\"2021-06-30T04:43:37+00:00\" \/>\n<meta property=\"og:image\" content=\"https:\/\/thepueblatimes.mx\/wp-content\/uploads\/2021\/06\/52307F81-16A3-4F1C-839E-E3924E05865E.jpeg\" \/>\n\t<meta property=\"og:image:width\" content=\"1920\" \/>\n\t<meta property=\"og:image:height\" content=\"1080\" \/>\n\t<meta property=\"og:image:type\" content=\"image\/jpeg\" \/>\n<meta name=\"author\" content=\"Francisco S\u00e1nchez Nolasco\" \/>\n<meta name=\"twitter:card\" content=\"summary_large_image\" \/>\n<meta name=\"twitter:label1\" content=\"Escrito por\" \/>\n\t<meta name=\"twitter:data1\" content=\"Francisco S\u00e1nchez Nolasco\" \/>\n\t<meta name=\"twitter:label2\" content=\"Tiempo de lectura\" \/>\n\t<meta name=\"twitter:data2\" content=\"2 minutos\" \/>\n<script type=\"application\/ld+json\" class=\"yoast-schema-graph\">{\"@context\":\"https:\/\/schema.org\",\"@graph\":[{\"@type\":\"WebPage\",\"@id\":\"https:\/\/thepueblatimes.mx\/index.php\/2021\/06\/29\/vinculan-a-proceso-a-9-personas-en-puebla-por-posesion-de-droga\/\",\"url\":\"https:\/\/thepueblatimes.mx\/index.php\/2021\/06\/29\/vinculan-a-proceso-a-9-personas-en-puebla-por-posesion-de-droga\/\",\"name\":\"Vinculan a proceso a 9 personas en Puebla por posesi\u00f3n de droga - The Puebla Times\",\"isPartOf\":{\"@id\":\"https:\/\/thepueblatimes.mx\/#website\"},\"datePublished\":\"2021-06-30T04:43:37+00:00\",\"dateModified\":\"2021-06-30T04:43:37+00:00\",\"author\":{\"@id\":\"https:\/\/thepueblatimes.mx\/#\/schema\/person\/7bdf2adbc50078b104bba72b5612f774\"},\"breadcrumb\":{\"@id\":\"https:\/\/thepueblatimes.mx\/index.php\/2021\/06\/29\/vinculan-a-proceso-a-9-personas-en-puebla-por-posesion-de-droga\/#breadcrumb\"},\"inLanguage\":\"es\",\"potentialAction\":[{\"@type\":\"ReadAction\",\"target\":[\"https:\/\/thepueblatimes.mx\/index.php\/2021\/06\/29\/vinculan-a-proceso-a-9-personas-en-puebla-por-posesion-de-droga\/\"]}]},{\"@type\":\"BreadcrumbList\",\"@id\":\"https:\/\/thepueblatimes.mx\/index.php\/2021\/06\/29\/vinculan-a-proceso-a-9-personas-en-puebla-por-posesion-de-droga\/#breadcrumb\",\"itemListElement\":[{\"@type\":\"ListItem\",\"position\":1,\"name\":\"Portada\",\"item\":\"https:\/\/thepueblatimes.mx\/\"},{\"@type\":\"ListItem\",\"position\":2,\"name\":\"Vinculan a proceso a 9 personas en Puebla por posesi\u00f3n de droga\"}]},{\"@type\":\"WebSite\",\"@id\":\"https:\/\/thepueblatimes.mx\/#website\",\"url\":\"https:\/\/thepueblatimes.mx\/\",\"name\":\"The Puebla Times\",\"description\":\"Noticias del Estado de Puebla\",\"potentialAction\":[{\"@type\":\"SearchAction\",\"target\":{\"@type\":\"EntryPoint\",\"urlTemplate\":\"https:\/\/thepueblatimes.mx\/?s={search_term_string}\"},\"query-input\":\"required name=search_term_string\"}],\"inLanguage\":\"es\"},{\"@type\":\"Person\",\"@id\":\"https:\/\/thepueblatimes.mx\/#\/schema\/person\/7bdf2adbc50078b104bba72b5612f774\",\"name\":\"Francisco S\u00e1nchez Nolasco\",\"image\":{\"@type\":\"ImageObject\",\"inLanguage\":\"es\",\"@id\":\"https:\/\/thepueblatimes.mx\/#\/schema\/person\/image\/\",\"url\":\"https:\/\/secure.gravatar.com\/avatar\/6061d7d20b38bc2742a5218401b198d2?s=96&d=mm&r=g\",\"contentUrl\":\"https:\/\/secure.gravatar.com\/avatar\/6061d7d20b38bc2742a5218401b198d2?s=96&d=mm&r=g\",\"caption\":\"Francisco S\u00e1nchez Nolasco\"},\"url\":\"https:\/\/thepueblatimes.mx\/index.php\/author\/marianitha-reyes\/\"}]}<\/script>\n<!-- \/ Yoast SEO plugin. -->","yoast_head_json":{"title":"Vinculan a proceso a 9 personas en Puebla por posesi\u00f3n de droga - The Puebla Times","robots":{"index":"index","follow":"follow","max-snippet":"max-snippet:-1","max-image-preview":"max-image-preview:large","max-video-preview":"max-video-preview:-1"},"canonical":"https:\/\/thepueblatimes.mx\/index.php\/2021\/06\/29\/vinculan-a-proceso-a-9-personas-en-puebla-por-posesion-de-droga\/","og_locale":"es_ES","og_type":"article","og_title":"Vinculan a proceso a 9 personas en Puebla por posesi\u00f3n de droga - The Puebla Times","og_description":"La Fiscal\u00eda General del Estado de Puebla obtuvo la vinculaci\u00f3n a proceso de siete hombres y dos mujeres por su presunta responsabilidad en delitos contra la salud en las modalidades de posesi\u00f3n simple de droga y con fines de suministro. La dependencia indic\u00f3 a trav\u00e9s de un comunicado que el 7 de mayo de 2021...","og_url":"https:\/\/thepueblatimes.mx\/index.php\/2021\/06\/29\/vinculan-a-proceso-a-9-personas-en-puebla-por-posesion-de-droga\/","og_site_name":"The Puebla Times","article_published_time":"2021-06-30T04:43:37+00:00","og_image":[{"width":1920,"height":1080,"url":"https:\/\/thepueblatimes.mx\/wp-content\/uploads\/2021\/06\/52307F81-16A3-4F1C-839E-E3924E05865E.jpeg","type":"image\/jpeg"}],"author":"Francisco S\u00e1nchez Nolasco","twitter_card":"summary_large_image","twitter_misc":{"Escrito por":"Francisco S\u00e1nchez Nolasco","Tiempo de lectura":"2 minutos"},"schema":{"@context":"https:\/\/schema.org","@graph":[{"@type":"WebPage","@id":"https:\/\/thepueblatimes.mx\/index.php\/2021\/06\/29\/vinculan-a-proceso-a-9-personas-en-puebla-por-posesion-de-droga\/","url":"https:\/\/thepueblatimes.mx\/index.php\/2021\/06\/29\/vinculan-a-proceso-a-9-personas-en-puebla-por-posesion-de-droga\/","name":"Vinculan a proceso a 9 personas en Puebla por posesi\u00f3n de droga - The Puebla Times","isPartOf":{"@id":"https:\/\/thepueblatimes.mx\/#website"},"datePublished":"2021-06-30T04:43:37+00:00","dateModified":"2021-06-30T04:43:37+00:00","author":{"@id":"https:\/\/thepueblatimes.mx\/#\/schema\/person\/7bdf2adbc50078b104bba72b5612f774"},"breadcrumb":{"@id":"https:\/\/thepueblatimes.mx\/index.php\/2021\/06\/29\/vinculan-a-proceso-a-9-personas-en-puebla-por-posesion-de-droga\/#breadcrumb"},"inLanguage":"es","potentialAction":[{"@type":"ReadAction","target":["https:\/\/thepueblatimes.mx\/index.php\/2021\/06\/29\/vinculan-a-proceso-a-9-personas-en-puebla-por-posesion-de-droga\/"]}]},{"@type":"BreadcrumbList","@id":"https:\/\/thepueblatimes.mx\/index.php\/2021\/06\/29\/vinculan-a-proceso-a-9-personas-en-puebla-por-posesion-de-droga\/#breadcrumb","itemListElement":[{"@type":"ListItem","position":1,"name":"Portada","item":"https:\/\/thepueblatimes.mx\/"},{"@type":"ListItem","position":2,"name":"Vinculan a proceso a 9 personas en Puebla por posesi\u00f3n de droga"}]},{"@type":"WebSite","@id":"https:\/\/thepueblatimes.mx\/#website","url":"https:\/\/thepueblatimes.mx\/","name":"The Puebla Times","description":"Noticias del Estado de Puebla","potentialAction":[{"@type":"SearchAction","target":{"@type":"EntryPoint","urlTemplate":"https:\/\/thepueblatimes.mx\/?s={search_term_string}"},"query-input":"required name=search_term_string"}],"inLanguage":"es"},{"@type":"Person","@id":"https:\/\/thepueblatimes.mx\/#\/schema\/person\/7bdf2adbc50078b104bba72b5612f774","name":"Francisco S\u00e1nchez Nolasco","image":{"@type":"ImageObject","inLanguage":"es","@id":"https:\/\/thepueblatimes.mx\/#\/schema\/person\/image\/","url":"https:\/\/secure.gravatar.com\/avatar\/6061d7d20b38bc2742a5218401b198d2?s=96&d=mm&r=g","contentUrl":"https:\/\/secure.gravatar.com\/avatar\/6061d7d20b38bc2742a5218401b198d2?s=96&d=mm&r=g","caption":"Francisco S\u00e1nchez Nolasco"},"url":"https:\/\/thepueblatimes.mx\/index.php\/author\/marianitha-reyes\/"}]}},"jetpack_featured_media_url":"https:\/\/thepueblatimes.mx\/wp-content\/uploads\/2021\/06\/52307F81-16A3-4F1C-839E-E3924E05865E.jpeg","_links":{"self":[{"href":"https:\/\/thepueblatimes.mx\/index.php\/wp-json\/wp\/v2\/posts\/14172"}],"collection":[{"href":"https:\/\/thepueblatimes.mx\/index.php\/wp-json\/wp\/v2\/posts"}],"about":[{"href":"https:\/\/thepueblatimes.mx\/index.php\/wp-json\/wp\/v2\/types\/post"}],"author":[{"embeddable":true,"href":"https:\/\/thepueblatimes.mx\/index.php\/wp-json\/wp\/v2\/users\/15"}],"replies":[{"embeddable":true,"href":"https:\/\/thepueblatimes.mx\/index.php\/wp-json\/wp\/v2\/comments?post=14172"}],"version-history":[{"count":1,"href":"https:\/\/thepueblatimes.mx\/index.php\/wp-json\/wp\/v2\/posts\/14172\/revisions"}],"predecessor-version":[{"id":14174,"href":"https:\/\/thepueblatimes.mx\/index.php\/wp-json\/wp\/v2\/posts\/14172\/revisions\/14174"}],"wp:featuredmedia":[{"embeddable":true,"href":"https:\/\/thepueblatimes.mx\/index.php\/wp-json\/wp\/v2\/media\/14173"}],"wp:attachment":[{"href":"https:\/\/thepueblatimes.mx\/index.php\/wp-json\/wp\/v2\/media?parent=14172"}],"wp:term":[{"taxonomy":"category","embeddable":true,"href":"https:\/\/thepueblatimes.mx\/index.php\/wp-json\/wp\/v2\/categories?post=14172"},{"taxonomy":"post_tag","embeddable":true,"href":"https:\/\/thepueblatimes.mx\/index.php\/wp-json\/wp\/v2\/tags?post=14172"}],"curies":[{"name":"wp","href":"https:\/\/api.w.org\/{rel}","templated":true}]}}