{"id":1417,"date":"2020-07-17T16:49:20","date_gmt":"2020-07-17T21:49:20","guid":{"rendered":"https:\/\/thepueblatimes.mx\/?p=1417"},"modified":"2020-07-17T16:49:20","modified_gmt":"2020-07-17T21:49:20","slug":"luego-de-vivir-33-anos-en-eu-maximo-regreso-a-mexico-en-cenizas-tras-morir-por-covid-19","status":"publish","type":"post","link":"https:\/\/thepueblatimes.mx\/index.php\/2020\/07\/17\/luego-de-vivir-33-anos-en-eu-maximo-regreso-a-mexico-en-cenizas-tras-morir-por-covid-19\/","title":{"rendered":"Luego de vivir 33 a\u00f1os en EU, M\u00e1ximo regres\u00f3 a M\u00e9xico en cenizas tras morir por Covid-19"},"content":{"rendered":"<p>Lamentablemente, las amargas historias a causa de Covid-19 contin\u00faan, este es el caso de <strong>M\u00e1ximo P\u00e9rez, <\/strong>quien fuera oriundo del barrio de Santa Catarina, perteneciente al municipio de Iz\u00facar de Matamoros, en el estado de Puebla. Muri\u00f3 a consecuencia de Covid-19 en Estados Unidos.<\/p>\n<p>Su hermano Juventino P\u00e9rez coment\u00f3 que M\u00e1ximo migr\u00f3 hacia el pa\u00eds vecino del norte a la edad de 15 a\u00f1os, luego de 33 a\u00f1os viviendo ah\u00ed, muri\u00f3 a causa del mortal virus.<\/p>\n<h3>Solo hab\u00eda venido a su tierra natal dos veces a visitar a su familia.<\/h3>\n<p><img decoding=\"async\" loading=\"lazy\" class=\"alignnone wp-image-1419 size-full\" src=\"https:\/\/thepueblatimes.mx\/wp-content\/uploads\/2020\/07\/maximo.jpg\" alt=\"\" width=\"1632\" height=\"918\" srcset=\"https:\/\/thepueblatimes.mx\/wp-content\/uploads\/2020\/07\/maximo.jpg 1632w, https:\/\/thepueblatimes.mx\/wp-content\/uploads\/2020\/07\/maximo-300x169.jpg 300w, https:\/\/thepueblatimes.mx\/wp-content\/uploads\/2020\/07\/maximo-1024x576.jpg 1024w, https:\/\/thepueblatimes.mx\/wp-content\/uploads\/2020\/07\/maximo-768x432.jpg 768w, https:\/\/thepueblatimes.mx\/wp-content\/uploads\/2020\/07\/maximo-1536x864.jpg 1536w, https:\/\/thepueblatimes.mx\/wp-content\/uploads\/2020\/07\/maximo-696x392.jpg 696w, https:\/\/thepueblatimes.mx\/wp-content\/uploads\/2020\/07\/maximo-1068x601.jpg 1068w\" sizes=\"(max-width: 1632px) 100vw, 1632px\" \/><\/p>\n<p>Detall\u00f3 que M\u00e1ximo perdi\u00f3 la vida a consecuencia del Covid-19 el 27 de abril, desde esa fecha todo hab\u00eda sido tr\u00e1mites y una larga espera para que llegaran sus cenizas.<\/p>\n<p>Radicaba en Brooklyn, Nueva York, era cajero, y no saben c\u00f3mo pudo haberse contagiado de Covid. Una hermana que radica en la misma zona estuvo al pendiente de \u00e9l; la familia que se encuentra en Iz\u00facar de Matamoros se enter\u00f3 de que M\u00e1ximo estaba enfermo de Coronavirus cuando estaba grave, ya que no quer\u00eda que su madre se preocupara.<\/p>\n<p>Fue durante la noche del jueves 16 de julio, tras una larga espera de dos meses y medio, cuando arrib\u00f3 de nueva cuenta a su tierra. Su familia lo esper\u00f3 con un altar con flores, con su foto y unos angelitos, en medio de olor a incienso y l\u00e1grimas de sus hermanos y madre, quienes jam\u00e1s esperaron que M\u00e1ximo regresar\u00eda en cenizas en una peque\u00f1a urna a descansar a su tierra natal.<\/p>\n","protected":false},"excerpt":{"rendered":"<p>Lamentablemente, las amargas historias a causa de Covid-19 contin\u00faan, este es el caso de M\u00e1ximo P\u00e9rez, quien fuera oriundo del barrio de Santa Catarina, perteneciente al municipio de Iz\u00facar de Matamoros, en el estado de Puebla. Muri\u00f3 a consecuencia de Covid-19 en Estados Unidos. Su hermano Juventino P\u00e9rez coment\u00f3 que M\u00e1ximo migr\u00f3 hacia el pa\u00eds&#8230;<\/p>\n","protected":false},"author":4,"featured_media":1418,"comment_status":"open","ping_status":"open","sticky":false,"template":"","format":"standard","meta":[],"categories":[5],"tags":[],"yoast_head":"<!-- This site is optimized with the Yoast SEO plugin v20.8 - https:\/\/yoast.com\/wordpress\/plugins\/seo\/ -->\n<title>Luego de vivir 33 a\u00f1os en EU, M\u00e1ximo regres\u00f3 a M\u00e9xico en cenizas tras morir por Covid-19 - The Puebla Times<\/title>\n<meta name=\"robots\" content=\"index, follow, max-snippet:-1, max-image-preview:large, max-video-preview:-1\" \/>\n<link rel=\"canonical\" href=\"https:\/\/thepueblatimes.mx\/index.php\/2020\/07\/17\/luego-de-vivir-33-anos-en-eu-maximo-regreso-a-mexico-en-cenizas-tras-morir-por-covid-19\/\" \/>\n<meta property=\"og:locale\" content=\"es_ES\" \/>\n<meta property=\"og:type\" content=\"article\" \/>\n<meta property=\"og:title\" content=\"Luego de vivir 33 a\u00f1os en EU, M\u00e1ximo regres\u00f3 a M\u00e9xico en cenizas tras morir por Covid-19 - The Puebla Times\" \/>\n<meta property=\"og:description\" content=\"Lamentablemente, las amargas historias a causa de Covid-19 contin\u00faan, este es el caso de M\u00e1ximo P\u00e9rez, quien fuera oriundo del barrio de Santa Catarina, perteneciente al municipio de Iz\u00facar de Matamoros, en el estado de Puebla. Muri\u00f3 a consecuencia de Covid-19 en Estados Unidos. Su hermano Juventino P\u00e9rez coment\u00f3 que M\u00e1ximo migr\u00f3 hacia el pa\u00eds...\" \/>\n<meta property=\"og:url\" content=\"https:\/\/thepueblatimes.mx\/index.php\/2020\/07\/17\/luego-de-vivir-33-anos-en-eu-maximo-regreso-a-mexico-en-cenizas-tras-morir-por-covid-19\/\" \/>\n<meta property=\"og:site_name\" content=\"The Puebla Times\" \/>\n<meta property=\"article:published_time\" content=\"2020-07-17T21:49:20+00:00\" \/>\n<meta property=\"og:image\" content=\"https:\/\/thepueblatimes.mx\/wp-content\/uploads\/2020\/07\/Screenshot-2020-07-17-at-16.46.42.png\" \/>\n\t<meta property=\"og:image:width\" content=\"795\" \/>\n\t<meta property=\"og:image:height\" content=\"445\" \/>\n\t<meta property=\"og:image:type\" content=\"image\/png\" \/>\n<meta name=\"author\" content=\"Marcos Guevara\" \/>\n<meta name=\"twitter:card\" content=\"summary_large_image\" \/>\n<meta name=\"twitter:label1\" content=\"Escrito por\" \/>\n\t<meta name=\"twitter:data1\" content=\"Marcos Guevara\" \/>\n\t<meta name=\"twitter:label2\" content=\"Tiempo de lectura\" \/>\n\t<meta name=\"twitter:data2\" content=\"1 minuto\" \/>\n<script type=\"application\/ld+json\" class=\"yoast-schema-graph\">{\"@context\":\"https:\/\/schema.org\",\"@graph\":[{\"@type\":\"WebPage\",\"@id\":\"https:\/\/thepueblatimes.mx\/index.php\/2020\/07\/17\/luego-de-vivir-33-anos-en-eu-maximo-regreso-a-mexico-en-cenizas-tras-morir-por-covid-19\/\",\"url\":\"https:\/\/thepueblatimes.mx\/index.php\/2020\/07\/17\/luego-de-vivir-33-anos-en-eu-maximo-regreso-a-mexico-en-cenizas-tras-morir-por-covid-19\/\",\"name\":\"Luego de vivir 33 a\u00f1os en EU, M\u00e1ximo regres\u00f3 a M\u00e9xico en cenizas tras morir por Covid-19 - The Puebla Times\",\"isPartOf\":{\"@id\":\"https:\/\/thepueblatimes.mx\/#website\"},\"datePublished\":\"2020-07-17T21:49:20+00:00\",\"dateModified\":\"2020-07-17T21:49:20+00:00\",\"author\":{\"@id\":\"https:\/\/thepueblatimes.mx\/#\/schema\/person\/adbf065ee889f68194977e3499c4a51e\"},\"breadcrumb\":{\"@id\":\"https:\/\/thepueblatimes.mx\/index.php\/2020\/07\/17\/luego-de-vivir-33-anos-en-eu-maximo-regreso-a-mexico-en-cenizas-tras-morir-por-covid-19\/#breadcrumb\"},\"inLanguage\":\"es\",\"potentialAction\":[{\"@type\":\"ReadAction\",\"target\":[\"https:\/\/thepueblatimes.mx\/index.php\/2020\/07\/17\/luego-de-vivir-33-anos-en-eu-maximo-regreso-a-mexico-en-cenizas-tras-morir-por-covid-19\/\"]}]},{\"@type\":\"BreadcrumbList\",\"@id\":\"https:\/\/thepueblatimes.mx\/index.php\/2020\/07\/17\/luego-de-vivir-33-anos-en-eu-maximo-regreso-a-mexico-en-cenizas-tras-morir-por-covid-19\/#breadcrumb\",\"itemListElement\":[{\"@type\":\"ListItem\",\"position\":1,\"name\":\"Portada\",\"item\":\"https:\/\/thepueblatimes.mx\/\"},{\"@type\":\"ListItem\",\"position\":2,\"name\":\"Luego de vivir 33 a\u00f1os en EU, M\u00e1ximo regres\u00f3 a M\u00e9xico en cenizas tras morir por Covid-19\"}]},{\"@type\":\"WebSite\",\"@id\":\"https:\/\/thepueblatimes.mx\/#website\",\"url\":\"https:\/\/thepueblatimes.mx\/\",\"name\":\"The Puebla Times\",\"description\":\"Noticias del Estado de Puebla\",\"potentialAction\":[{\"@type\":\"SearchAction\",\"target\":{\"@type\":\"EntryPoint\",\"urlTemplate\":\"https:\/\/thepueblatimes.mx\/?s={search_term_string}\"},\"query-input\":\"required name=search_term_string\"}],\"inLanguage\":\"es\"},{\"@type\":\"Person\",\"@id\":\"https:\/\/thepueblatimes.mx\/#\/schema\/person\/adbf065ee889f68194977e3499c4a51e\",\"name\":\"Marcos Guevara\",\"image\":{\"@type\":\"ImageObject\",\"inLanguage\":\"es\",\"@id\":\"https:\/\/thepueblatimes.mx\/#\/schema\/person\/image\/\",\"url\":\"https:\/\/secure.gravatar.com\/avatar\/c5d5853d70a8cf178bdfd28c1b8cdcdd?s=96&d=mm&r=g\",\"contentUrl\":\"https:\/\/secure.gravatar.com\/avatar\/c5d5853d70a8cf178bdfd28c1b8cdcdd?s=96&d=mm&r=g\",\"caption\":\"Marcos Guevara\"},\"url\":\"https:\/\/thepueblatimes.mx\/index.php\/author\/marcos-guevara\/\"}]}<\/script>\n<!-- \/ Yoast SEO plugin. -->","yoast_head_json":{"title":"Luego de vivir 33 a\u00f1os en EU, M\u00e1ximo regres\u00f3 a M\u00e9xico en cenizas tras morir por Covid-19 - The Puebla Times","robots":{"index":"index","follow":"follow","max-snippet":"max-snippet:-1","max-image-preview":"max-image-preview:large","max-video-preview":"max-video-preview:-1"},"canonical":"https:\/\/thepueblatimes.mx\/index.php\/2020\/07\/17\/luego-de-vivir-33-anos-en-eu-maximo-regreso-a-mexico-en-cenizas-tras-morir-por-covid-19\/","og_locale":"es_ES","og_type":"article","og_title":"Luego de vivir 33 a\u00f1os en EU, M\u00e1ximo regres\u00f3 a M\u00e9xico en cenizas tras morir por Covid-19 - The Puebla Times","og_description":"Lamentablemente, las amargas historias a causa de Covid-19 contin\u00faan, este es el caso de M\u00e1ximo P\u00e9rez, quien fuera oriundo del barrio de Santa Catarina, perteneciente al municipio de Iz\u00facar de Matamoros, en el estado de Puebla. Muri\u00f3 a consecuencia de Covid-19 en Estados Unidos. Su hermano Juventino P\u00e9rez coment\u00f3 que M\u00e1ximo migr\u00f3 hacia el pa\u00eds...","og_url":"https:\/\/thepueblatimes.mx\/index.php\/2020\/07\/17\/luego-de-vivir-33-anos-en-eu-maximo-regreso-a-mexico-en-cenizas-tras-morir-por-covid-19\/","og_site_name":"The Puebla Times","article_published_time":"2020-07-17T21:49:20+00:00","og_image":[{"width":795,"height":445,"url":"https:\/\/thepueblatimes.mx\/wp-content\/uploads\/2020\/07\/Screenshot-2020-07-17-at-16.46.42.png","type":"image\/png"}],"author":"Marcos Guevara","twitter_card":"summary_large_image","twitter_misc":{"Escrito por":"Marcos Guevara","Tiempo de lectura":"1 minuto"},"schema":{"@context":"https:\/\/schema.org","@graph":[{"@type":"WebPage","@id":"https:\/\/thepueblatimes.mx\/index.php\/2020\/07\/17\/luego-de-vivir-33-anos-en-eu-maximo-regreso-a-mexico-en-cenizas-tras-morir-por-covid-19\/","url":"https:\/\/thepueblatimes.mx\/index.php\/2020\/07\/17\/luego-de-vivir-33-anos-en-eu-maximo-regreso-a-mexico-en-cenizas-tras-morir-por-covid-19\/","name":"Luego de vivir 33 a\u00f1os en EU, M\u00e1ximo regres\u00f3 a M\u00e9xico en cenizas tras morir por Covid-19 - The Puebla Times","isPartOf":{"@id":"https:\/\/thepueblatimes.mx\/#website"},"datePublished":"2020-07-17T21:49:20+00:00","dateModified":"2020-07-17T21:49:20+00:00","author":{"@id":"https:\/\/thepueblatimes.mx\/#\/schema\/person\/adbf065ee889f68194977e3499c4a51e"},"breadcrumb":{"@id":"https:\/\/thepueblatimes.mx\/index.php\/2020\/07\/17\/luego-de-vivir-33-anos-en-eu-maximo-regreso-a-mexico-en-cenizas-tras-morir-por-covid-19\/#breadcrumb"},"inLanguage":"es","potentialAction":[{"@type":"ReadAction","target":["https:\/\/thepueblatimes.mx\/index.php\/2020\/07\/17\/luego-de-vivir-33-anos-en-eu-maximo-regreso-a-mexico-en-cenizas-tras-morir-por-covid-19\/"]}]},{"@type":"BreadcrumbList","@id":"https:\/\/thepueblatimes.mx\/index.php\/2020\/07\/17\/luego-de-vivir-33-anos-en-eu-maximo-regreso-a-mexico-en-cenizas-tras-morir-por-covid-19\/#breadcrumb","itemListElement":[{"@type":"ListItem","position":1,"name":"Portada","item":"https:\/\/thepueblatimes.mx\/"},{"@type":"ListItem","position":2,"name":"Luego de vivir 33 a\u00f1os en EU, M\u00e1ximo regres\u00f3 a M\u00e9xico en cenizas tras morir por Covid-19"}]},{"@type":"WebSite","@id":"https:\/\/thepueblatimes.mx\/#website","url":"https:\/\/thepueblatimes.mx\/","name":"The Puebla Times","description":"Noticias del Estado de Puebla","potentialAction":[{"@type":"SearchAction","target":{"@type":"EntryPoint","urlTemplate":"https:\/\/thepueblatimes.mx\/?s={search_term_string}"},"query-input":"required name=search_term_string"}],"inLanguage":"es"},{"@type":"Person","@id":"https:\/\/thepueblatimes.mx\/#\/schema\/person\/adbf065ee889f68194977e3499c4a51e","name":"Marcos Guevara","image":{"@type":"ImageObject","inLanguage":"es","@id":"https:\/\/thepueblatimes.mx\/#\/schema\/person\/image\/","url":"https:\/\/secure.gravatar.com\/avatar\/c5d5853d70a8cf178bdfd28c1b8cdcdd?s=96&d=mm&r=g","contentUrl":"https:\/\/secure.gravatar.com\/avatar\/c5d5853d70a8cf178bdfd28c1b8cdcdd?s=96&d=mm&r=g","caption":"Marcos Guevara"},"url":"https:\/\/thepueblatimes.mx\/index.php\/author\/marcos-guevara\/"}]}},"jetpack_featured_media_url":"https:\/\/thepueblatimes.mx\/wp-content\/uploads\/2020\/07\/Screenshot-2020-07-17-at-16.46.42.png","_links":{"self":[{"href":"https:\/\/thepueblatimes.mx\/index.php\/wp-json\/wp\/v2\/posts\/1417"}],"collection":[{"href":"https:\/\/thepueblatimes.mx\/index.php\/wp-json\/wp\/v2\/posts"}],"about":[{"href":"https:\/\/thepueblatimes.mx\/index.php\/wp-json\/wp\/v2\/types\/post"}],"author":[{"embeddable":true,"href":"https:\/\/thepueblatimes.mx\/index.php\/wp-json\/wp\/v2\/users\/4"}],"replies":[{"embeddable":true,"href":"https:\/\/thepueblatimes.mx\/index.php\/wp-json\/wp\/v2\/comments?post=1417"}],"version-history":[{"count":1,"href":"https:\/\/thepueblatimes.mx\/index.php\/wp-json\/wp\/v2\/posts\/1417\/revisions"}],"predecessor-version":[{"id":1420,"href":"https:\/\/thepueblatimes.mx\/index.php\/wp-json\/wp\/v2\/posts\/1417\/revisions\/1420"}],"wp:featuredmedia":[{"embeddable":true,"href":"https:\/\/thepueblatimes.mx\/index.php\/wp-json\/wp\/v2\/media\/1418"}],"wp:attachment":[{"href":"https:\/\/thepueblatimes.mx\/index.php\/wp-json\/wp\/v2\/media?parent=1417"}],"wp:term":[{"taxonomy":"category","embeddable":true,"href":"https:\/\/thepueblatimes.mx\/index.php\/wp-json\/wp\/v2\/categories?post=1417"},{"taxonomy":"post_tag","embeddable":true,"href":"https:\/\/thepueblatimes.mx\/index.php\/wp-json\/wp\/v2\/tags?post=1417"}],"curies":[{"name":"wp","href":"https:\/\/api.w.org\/{rel}","templated":true}]}}