{"id":14168,"date":"2021-06-29T23:21:28","date_gmt":"2021-06-30T04:21:28","guid":{"rendered":"https:\/\/thepueblatimes.mx\/?p=14168"},"modified":"2021-06-29T23:21:28","modified_gmt":"2021-06-30T04:21:28","slug":"guardia-nacional-y-policia-estatal-toman-instalaciones-de-la-udlap","status":"publish","type":"post","link":"https:\/\/thepueblatimes.mx\/index.php\/2021\/06\/29\/guardia-nacional-y-policia-estatal-toman-instalaciones-de-la-udlap\/","title":{"rendered":"Guardia Nacional y polic\u00eda estatal toman instalaciones de la UDLAP"},"content":{"rendered":"<p>Puebla, Pue.- Mediante redes sociales se ha dado a conocer que <strong>elementos de La Guardia Nacional y la polic\u00eda estatal est\u00e1n tomando las instalaciones de la Universidad de Las Am\u00e9ricas en San Andr\u00e9s Cholula.<\/strong><\/p>\n<p>De acuerdo a versiones extraoficiles <strong>el operativo se origin\u00f3 por una trifulca debido al desalojo de maeastros y alumnos.<\/strong><\/p>\n<p>El operativo se habr\u00eda realizado por el<strong>\u00a0intento de imponer un nuevo patronato en la instituci\u00f3n, derivado del proceso de legal en contra de la familia Jenkins.<\/strong><\/p>\n<p>Es importante mencionar que el instituto poblano que regula en Puebla a las fundaciones, propuso a un nuevo patronato y hoy los nuevos patronos, acompa\u00f1ados de fuerza p\u00fablica, habr\u00edan llegado a tomar posesi\u00f3n de la UDLA.<\/p>\n<p>Los accesos a la universidad por la 14 en San Andr\u00e9s Cholula permanecen cerrados.<\/p>\n","protected":false},"excerpt":{"rendered":"<p>Puebla, Pue.- Mediante redes sociales se ha dado a conocer que elementos de La Guardia Nacional y la polic\u00eda estatal est\u00e1n tomando las instalaciones de la Universidad de Las Am\u00e9ricas en San Andr\u00e9s Cholula. De acuerdo a versiones extraoficiles el operativo se origin\u00f3 por una trifulca debido al desalojo de maeastros y alumnos. El operativo&#8230;<\/p>\n","protected":false},"author":15,"featured_media":14169,"comment_status":"open","ping_status":"open","sticky":false,"template":"","format":"standard","meta":[],"categories":[20],"tags":[49],"yoast_head":"<!-- This site is optimized with the Yoast SEO plugin v20.8 - https:\/\/yoast.com\/wordpress\/plugins\/seo\/ -->\n<title>Guardia Nacional y polic\u00eda estatal toman instalaciones de la UDLAP - The Puebla Times<\/title>\n<meta name=\"robots\" content=\"index, follow, max-snippet:-1, max-image-preview:large, max-video-preview:-1\" \/>\n<link rel=\"canonical\" href=\"https:\/\/thepueblatimes.mx\/index.php\/2021\/06\/29\/guardia-nacional-y-policia-estatal-toman-instalaciones-de-la-udlap\/\" \/>\n<meta property=\"og:locale\" content=\"es_ES\" \/>\n<meta property=\"og:type\" content=\"article\" \/>\n<meta property=\"og:title\" content=\"Guardia Nacional y polic\u00eda estatal toman instalaciones de la UDLAP - The Puebla Times\" \/>\n<meta property=\"og:description\" content=\"Puebla, Pue.- Mediante redes sociales se ha dado a conocer que elementos de La Guardia Nacional y la polic\u00eda estatal est\u00e1n tomando las instalaciones de la Universidad de Las Am\u00e9ricas en San Andr\u00e9s Cholula. De acuerdo a versiones extraoficiles el operativo se origin\u00f3 por una trifulca debido al desalojo de maeastros y alumnos. El operativo...\" \/>\n<meta property=\"og:url\" content=\"https:\/\/thepueblatimes.mx\/index.php\/2021\/06\/29\/guardia-nacional-y-policia-estatal-toman-instalaciones-de-la-udlap\/\" \/>\n<meta property=\"og:site_name\" content=\"The Puebla Times\" \/>\n<meta property=\"article:published_time\" content=\"2021-06-30T04:21:28+00:00\" \/>\n<meta property=\"og:image\" content=\"https:\/\/thepueblatimes.mx\/wp-content\/uploads\/2021\/06\/87345420-0595-43E4-87D1-167CE67E9960.jpeg\" \/>\n\t<meta property=\"og:image:width\" content=\"1600\" \/>\n\t<meta property=\"og:image:height\" content=\"900\" \/>\n\t<meta property=\"og:image:type\" content=\"image\/jpeg\" \/>\n<meta name=\"author\" content=\"Francisco S\u00e1nchez Nolasco\" \/>\n<meta name=\"twitter:card\" content=\"summary_large_image\" \/>\n<meta name=\"twitter:label1\" content=\"Escrito por\" \/>\n\t<meta name=\"twitter:data1\" content=\"Francisco S\u00e1nchez Nolasco\" \/>\n\t<meta name=\"twitter:label2\" content=\"Tiempo de lectura\" \/>\n\t<meta name=\"twitter:data2\" content=\"1 minuto\" \/>\n<script type=\"application\/ld+json\" class=\"yoast-schema-graph\">{\"@context\":\"https:\/\/schema.org\",\"@graph\":[{\"@type\":\"WebPage\",\"@id\":\"https:\/\/thepueblatimes.mx\/index.php\/2021\/06\/29\/guardia-nacional-y-policia-estatal-toman-instalaciones-de-la-udlap\/\",\"url\":\"https:\/\/thepueblatimes.mx\/index.php\/2021\/06\/29\/guardia-nacional-y-policia-estatal-toman-instalaciones-de-la-udlap\/\",\"name\":\"Guardia Nacional y polic\u00eda estatal toman instalaciones de la UDLAP - The Puebla Times\",\"isPartOf\":{\"@id\":\"https:\/\/thepueblatimes.mx\/#website\"},\"datePublished\":\"2021-06-30T04:21:28+00:00\",\"dateModified\":\"2021-06-30T04:21:28+00:00\",\"author\":{\"@id\":\"https:\/\/thepueblatimes.mx\/#\/schema\/person\/7bdf2adbc50078b104bba72b5612f774\"},\"breadcrumb\":{\"@id\":\"https:\/\/thepueblatimes.mx\/index.php\/2021\/06\/29\/guardia-nacional-y-policia-estatal-toman-instalaciones-de-la-udlap\/#breadcrumb\"},\"inLanguage\":\"es\",\"potentialAction\":[{\"@type\":\"ReadAction\",\"target\":[\"https:\/\/thepueblatimes.mx\/index.php\/2021\/06\/29\/guardia-nacional-y-policia-estatal-toman-instalaciones-de-la-udlap\/\"]}]},{\"@type\":\"BreadcrumbList\",\"@id\":\"https:\/\/thepueblatimes.mx\/index.php\/2021\/06\/29\/guardia-nacional-y-policia-estatal-toman-instalaciones-de-la-udlap\/#breadcrumb\",\"itemListElement\":[{\"@type\":\"ListItem\",\"position\":1,\"name\":\"Portada\",\"item\":\"https:\/\/thepueblatimes.mx\/\"},{\"@type\":\"ListItem\",\"position\":2,\"name\":\"Guardia Nacional y polic\u00eda estatal toman instalaciones de la UDLAP\"}]},{\"@type\":\"WebSite\",\"@id\":\"https:\/\/thepueblatimes.mx\/#website\",\"url\":\"https:\/\/thepueblatimes.mx\/\",\"name\":\"The Puebla Times\",\"description\":\"Noticias del Estado de Puebla\",\"potentialAction\":[{\"@type\":\"SearchAction\",\"target\":{\"@type\":\"EntryPoint\",\"urlTemplate\":\"https:\/\/thepueblatimes.mx\/?s={search_term_string}\"},\"query-input\":\"required name=search_term_string\"}],\"inLanguage\":\"es\"},{\"@type\":\"Person\",\"@id\":\"https:\/\/thepueblatimes.mx\/#\/schema\/person\/7bdf2adbc50078b104bba72b5612f774\",\"name\":\"Francisco S\u00e1nchez Nolasco\",\"image\":{\"@type\":\"ImageObject\",\"inLanguage\":\"es\",\"@id\":\"https:\/\/thepueblatimes.mx\/#\/schema\/person\/image\/\",\"url\":\"https:\/\/secure.gravatar.com\/avatar\/6061d7d20b38bc2742a5218401b198d2?s=96&d=mm&r=g\",\"contentUrl\":\"https:\/\/secure.gravatar.com\/avatar\/6061d7d20b38bc2742a5218401b198d2?s=96&d=mm&r=g\",\"caption\":\"Francisco S\u00e1nchez Nolasco\"},\"url\":\"https:\/\/thepueblatimes.mx\/index.php\/author\/marianitha-reyes\/\"}]}<\/script>\n<!-- \/ Yoast SEO plugin. -->","yoast_head_json":{"title":"Guardia Nacional y polic\u00eda estatal toman instalaciones de la UDLAP - The Puebla Times","robots":{"index":"index","follow":"follow","max-snippet":"max-snippet:-1","max-image-preview":"max-image-preview:large","max-video-preview":"max-video-preview:-1"},"canonical":"https:\/\/thepueblatimes.mx\/index.php\/2021\/06\/29\/guardia-nacional-y-policia-estatal-toman-instalaciones-de-la-udlap\/","og_locale":"es_ES","og_type":"article","og_title":"Guardia Nacional y polic\u00eda estatal toman instalaciones de la UDLAP - The Puebla Times","og_description":"Puebla, Pue.- Mediante redes sociales se ha dado a conocer que elementos de La Guardia Nacional y la polic\u00eda estatal est\u00e1n tomando las instalaciones de la Universidad de Las Am\u00e9ricas en San Andr\u00e9s Cholula. De acuerdo a versiones extraoficiles el operativo se origin\u00f3 por una trifulca debido al desalojo de maeastros y alumnos. El operativo...","og_url":"https:\/\/thepueblatimes.mx\/index.php\/2021\/06\/29\/guardia-nacional-y-policia-estatal-toman-instalaciones-de-la-udlap\/","og_site_name":"The Puebla Times","article_published_time":"2021-06-30T04:21:28+00:00","og_image":[{"width":1600,"height":900,"url":"https:\/\/thepueblatimes.mx\/wp-content\/uploads\/2021\/06\/87345420-0595-43E4-87D1-167CE67E9960.jpeg","type":"image\/jpeg"}],"author":"Francisco S\u00e1nchez Nolasco","twitter_card":"summary_large_image","twitter_misc":{"Escrito por":"Francisco S\u00e1nchez Nolasco","Tiempo de lectura":"1 minuto"},"schema":{"@context":"https:\/\/schema.org","@graph":[{"@type":"WebPage","@id":"https:\/\/thepueblatimes.mx\/index.php\/2021\/06\/29\/guardia-nacional-y-policia-estatal-toman-instalaciones-de-la-udlap\/","url":"https:\/\/thepueblatimes.mx\/index.php\/2021\/06\/29\/guardia-nacional-y-policia-estatal-toman-instalaciones-de-la-udlap\/","name":"Guardia Nacional y polic\u00eda estatal toman instalaciones de la UDLAP - The Puebla Times","isPartOf":{"@id":"https:\/\/thepueblatimes.mx\/#website"},"datePublished":"2021-06-30T04:21:28+00:00","dateModified":"2021-06-30T04:21:28+00:00","author":{"@id":"https:\/\/thepueblatimes.mx\/#\/schema\/person\/7bdf2adbc50078b104bba72b5612f774"},"breadcrumb":{"@id":"https:\/\/thepueblatimes.mx\/index.php\/2021\/06\/29\/guardia-nacional-y-policia-estatal-toman-instalaciones-de-la-udlap\/#breadcrumb"},"inLanguage":"es","potentialAction":[{"@type":"ReadAction","target":["https:\/\/thepueblatimes.mx\/index.php\/2021\/06\/29\/guardia-nacional-y-policia-estatal-toman-instalaciones-de-la-udlap\/"]}]},{"@type":"BreadcrumbList","@id":"https:\/\/thepueblatimes.mx\/index.php\/2021\/06\/29\/guardia-nacional-y-policia-estatal-toman-instalaciones-de-la-udlap\/#breadcrumb","itemListElement":[{"@type":"ListItem","position":1,"name":"Portada","item":"https:\/\/thepueblatimes.mx\/"},{"@type":"ListItem","position":2,"name":"Guardia Nacional y polic\u00eda estatal toman instalaciones de la UDLAP"}]},{"@type":"WebSite","@id":"https:\/\/thepueblatimes.mx\/#website","url":"https:\/\/thepueblatimes.mx\/","name":"The Puebla Times","description":"Noticias del Estado de Puebla","potentialAction":[{"@type":"SearchAction","target":{"@type":"EntryPoint","urlTemplate":"https:\/\/thepueblatimes.mx\/?s={search_term_string}"},"query-input":"required name=search_term_string"}],"inLanguage":"es"},{"@type":"Person","@id":"https:\/\/thepueblatimes.mx\/#\/schema\/person\/7bdf2adbc50078b104bba72b5612f774","name":"Francisco S\u00e1nchez Nolasco","image":{"@type":"ImageObject","inLanguage":"es","@id":"https:\/\/thepueblatimes.mx\/#\/schema\/person\/image\/","url":"https:\/\/secure.gravatar.com\/avatar\/6061d7d20b38bc2742a5218401b198d2?s=96&d=mm&r=g","contentUrl":"https:\/\/secure.gravatar.com\/avatar\/6061d7d20b38bc2742a5218401b198d2?s=96&d=mm&r=g","caption":"Francisco S\u00e1nchez Nolasco"},"url":"https:\/\/thepueblatimes.mx\/index.php\/author\/marianitha-reyes\/"}]}},"jetpack_featured_media_url":"https:\/\/thepueblatimes.mx\/wp-content\/uploads\/2021\/06\/87345420-0595-43E4-87D1-167CE67E9960.jpeg","_links":{"self":[{"href":"https:\/\/thepueblatimes.mx\/index.php\/wp-json\/wp\/v2\/posts\/14168"}],"collection":[{"href":"https:\/\/thepueblatimes.mx\/index.php\/wp-json\/wp\/v2\/posts"}],"about":[{"href":"https:\/\/thepueblatimes.mx\/index.php\/wp-json\/wp\/v2\/types\/post"}],"author":[{"embeddable":true,"href":"https:\/\/thepueblatimes.mx\/index.php\/wp-json\/wp\/v2\/users\/15"}],"replies":[{"embeddable":true,"href":"https:\/\/thepueblatimes.mx\/index.php\/wp-json\/wp\/v2\/comments?post=14168"}],"version-history":[{"count":1,"href":"https:\/\/thepueblatimes.mx\/index.php\/wp-json\/wp\/v2\/posts\/14168\/revisions"}],"predecessor-version":[{"id":14170,"href":"https:\/\/thepueblatimes.mx\/index.php\/wp-json\/wp\/v2\/posts\/14168\/revisions\/14170"}],"wp:featuredmedia":[{"embeddable":true,"href":"https:\/\/thepueblatimes.mx\/index.php\/wp-json\/wp\/v2\/media\/14169"}],"wp:attachment":[{"href":"https:\/\/thepueblatimes.mx\/index.php\/wp-json\/wp\/v2\/media?parent=14168"}],"wp:term":[{"taxonomy":"category","embeddable":true,"href":"https:\/\/thepueblatimes.mx\/index.php\/wp-json\/wp\/v2\/categories?post=14168"},{"taxonomy":"post_tag","embeddable":true,"href":"https:\/\/thepueblatimes.mx\/index.php\/wp-json\/wp\/v2\/tags?post=14168"}],"curies":[{"name":"wp","href":"https:\/\/api.w.org\/{rel}","templated":true}]}}