{"id":14162,"date":"2021-06-29T23:18:01","date_gmt":"2021-06-30T04:18:01","guid":{"rendered":"https:\/\/thepueblatimes.mx\/?p=14162"},"modified":"2021-06-29T23:18:01","modified_gmt":"2021-06-30T04:18:01","slug":"lo-atrapan-por-robo-y-le-descubren-violacion-en-huejotzingo","status":"publish","type":"post","link":"https:\/\/thepueblatimes.mx\/index.php\/2021\/06\/29\/lo-atrapan-por-robo-y-le-descubren-violacion-en-huejotzingo\/","title":{"rendered":"Lo atrapan por robo y le descubren violaci\u00f3n en Huejotzingo"},"content":{"rendered":"<p>La Fiscal\u00eda General del Estado de Puebla consigui\u00f3 la <strong>vinculaci\u00f3n a proceso<\/strong> de Manuel N. de 31 a\u00f1os, investigado por el delito de <strong>violaci\u00f3n<\/strong>, aunque fue detenido por cometer un <strong>robo.<\/strong><\/p>\n<p>El 4 de septiembre de 2020 la v\u00edctima de 21 a\u00f1os de edad acudi\u00f3 a una empresa ubicada en el <strong>Parque Industrial de Huejotzingo<\/strong> para realizar una entrevista de trabajo, al salir del lugar fue sorprendida por el imputado quien le tap\u00f3 la boca y <strong>la llev\u00f3 a unas milpas<\/strong> donde la atac\u00f3 sexualmente.<\/p>\n<p>Sin embargo polic\u00edas municipales de Huejotzingo detuvieron a <strong>Manuel N.<\/strong> el 23 de enero de 2021 se\u00f1alado de robo agravado.<\/p>\n<p>Al ser puesto a disposici\u00f3n el Agente del Ministerio P\u00fablico inici\u00f3 la carpeta de Investigaci\u00f3n, estableciendo adem\u00e1s su posible responsabilidad en el delito de <strong>violaci\u00f3n<\/strong>registrado meses antes.<\/p>\n<p>En audiencia ante el Juez de Control, la Fiscal\u00eda Especializada en Investigaci\u00f3n de Delitos de Violencia de G\u00e9nero contra las Mujeres formul\u00f3 imputaci\u00f3n y obtuvo su <strong>vinculaci\u00f3n a proceso<\/strong> con la medida cautelar de prisi\u00f3n preventiva oficiosa<\/p>\n","protected":false},"excerpt":{"rendered":"<p>La Fiscal\u00eda General del Estado de Puebla consigui\u00f3 la vinculaci\u00f3n a proceso de Manuel N. de 31 a\u00f1os, investigado por el delito de violaci\u00f3n, aunque fue detenido por cometer un robo. El 4 de septiembre de 2020 la v\u00edctima de 21 a\u00f1os de edad acudi\u00f3 a una empresa ubicada en el Parque Industrial de Huejotzingo&#8230;<\/p>\n","protected":false},"author":15,"featured_media":14163,"comment_status":"open","ping_status":"open","sticky":false,"template":"","format":"standard","meta":[],"categories":[20],"tags":[49],"yoast_head":"<!-- This site is optimized with the Yoast SEO plugin v20.8 - https:\/\/yoast.com\/wordpress\/plugins\/seo\/ -->\n<title>Lo atrapan por robo y le descubren violaci\u00f3n en Huejotzingo - The Puebla Times<\/title>\n<meta name=\"robots\" content=\"index, follow, max-snippet:-1, max-image-preview:large, max-video-preview:-1\" \/>\n<link rel=\"canonical\" href=\"https:\/\/thepueblatimes.mx\/index.php\/2021\/06\/29\/lo-atrapan-por-robo-y-le-descubren-violacion-en-huejotzingo\/\" \/>\n<meta property=\"og:locale\" content=\"es_ES\" \/>\n<meta property=\"og:type\" content=\"article\" \/>\n<meta property=\"og:title\" content=\"Lo atrapan por robo y le descubren violaci\u00f3n en Huejotzingo - The Puebla Times\" \/>\n<meta property=\"og:description\" content=\"La Fiscal\u00eda General del Estado de Puebla consigui\u00f3 la vinculaci\u00f3n a proceso de Manuel N. de 31 a\u00f1os, investigado por el delito de violaci\u00f3n, aunque fue detenido por cometer un robo. El 4 de septiembre de 2020 la v\u00edctima de 21 a\u00f1os de edad acudi\u00f3 a una empresa ubicada en el Parque Industrial de Huejotzingo...\" \/>\n<meta property=\"og:url\" content=\"https:\/\/thepueblatimes.mx\/index.php\/2021\/06\/29\/lo-atrapan-por-robo-y-le-descubren-violacion-en-huejotzingo\/\" \/>\n<meta property=\"og:site_name\" content=\"The Puebla Times\" \/>\n<meta property=\"article:published_time\" content=\"2021-06-30T04:18:01+00:00\" \/>\n<meta property=\"og:image\" content=\"https:\/\/thepueblatimes.mx\/wp-content\/uploads\/2021\/06\/48D6B490-5EA1-4B2B-B451-93EC7B5CA822.jpeg\" \/>\n\t<meta property=\"og:image:width\" content=\"1920\" \/>\n\t<meta property=\"og:image:height\" content=\"1080\" \/>\n\t<meta property=\"og:image:type\" content=\"image\/jpeg\" \/>\n<meta name=\"author\" content=\"Francisco S\u00e1nchez Nolasco\" \/>\n<meta name=\"twitter:card\" content=\"summary_large_image\" \/>\n<meta name=\"twitter:label1\" content=\"Escrito por\" \/>\n\t<meta name=\"twitter:data1\" content=\"Francisco S\u00e1nchez Nolasco\" \/>\n\t<meta name=\"twitter:label2\" content=\"Tiempo de lectura\" \/>\n\t<meta name=\"twitter:data2\" content=\"1 minuto\" \/>\n<script type=\"application\/ld+json\" class=\"yoast-schema-graph\">{\"@context\":\"https:\/\/schema.org\",\"@graph\":[{\"@type\":\"WebPage\",\"@id\":\"https:\/\/thepueblatimes.mx\/index.php\/2021\/06\/29\/lo-atrapan-por-robo-y-le-descubren-violacion-en-huejotzingo\/\",\"url\":\"https:\/\/thepueblatimes.mx\/index.php\/2021\/06\/29\/lo-atrapan-por-robo-y-le-descubren-violacion-en-huejotzingo\/\",\"name\":\"Lo atrapan por robo y le descubren violaci\u00f3n en Huejotzingo - The Puebla Times\",\"isPartOf\":{\"@id\":\"https:\/\/thepueblatimes.mx\/#website\"},\"datePublished\":\"2021-06-30T04:18:01+00:00\",\"dateModified\":\"2021-06-30T04:18:01+00:00\",\"author\":{\"@id\":\"https:\/\/thepueblatimes.mx\/#\/schema\/person\/7bdf2adbc50078b104bba72b5612f774\"},\"breadcrumb\":{\"@id\":\"https:\/\/thepueblatimes.mx\/index.php\/2021\/06\/29\/lo-atrapan-por-robo-y-le-descubren-violacion-en-huejotzingo\/#breadcrumb\"},\"inLanguage\":\"es\",\"potentialAction\":[{\"@type\":\"ReadAction\",\"target\":[\"https:\/\/thepueblatimes.mx\/index.php\/2021\/06\/29\/lo-atrapan-por-robo-y-le-descubren-violacion-en-huejotzingo\/\"]}]},{\"@type\":\"BreadcrumbList\",\"@id\":\"https:\/\/thepueblatimes.mx\/index.php\/2021\/06\/29\/lo-atrapan-por-robo-y-le-descubren-violacion-en-huejotzingo\/#breadcrumb\",\"itemListElement\":[{\"@type\":\"ListItem\",\"position\":1,\"name\":\"Portada\",\"item\":\"https:\/\/thepueblatimes.mx\/\"},{\"@type\":\"ListItem\",\"position\":2,\"name\":\"Lo atrapan por robo y le descubren violaci\u00f3n en Huejotzingo\"}]},{\"@type\":\"WebSite\",\"@id\":\"https:\/\/thepueblatimes.mx\/#website\",\"url\":\"https:\/\/thepueblatimes.mx\/\",\"name\":\"The Puebla Times\",\"description\":\"Noticias del Estado de Puebla\",\"potentialAction\":[{\"@type\":\"SearchAction\",\"target\":{\"@type\":\"EntryPoint\",\"urlTemplate\":\"https:\/\/thepueblatimes.mx\/?s={search_term_string}\"},\"query-input\":\"required name=search_term_string\"}],\"inLanguage\":\"es\"},{\"@type\":\"Person\",\"@id\":\"https:\/\/thepueblatimes.mx\/#\/schema\/person\/7bdf2adbc50078b104bba72b5612f774\",\"name\":\"Francisco S\u00e1nchez Nolasco\",\"image\":{\"@type\":\"ImageObject\",\"inLanguage\":\"es\",\"@id\":\"https:\/\/thepueblatimes.mx\/#\/schema\/person\/image\/\",\"url\":\"https:\/\/secure.gravatar.com\/avatar\/6061d7d20b38bc2742a5218401b198d2?s=96&d=mm&r=g\",\"contentUrl\":\"https:\/\/secure.gravatar.com\/avatar\/6061d7d20b38bc2742a5218401b198d2?s=96&d=mm&r=g\",\"caption\":\"Francisco S\u00e1nchez Nolasco\"},\"url\":\"https:\/\/thepueblatimes.mx\/index.php\/author\/marianitha-reyes\/\"}]}<\/script>\n<!-- \/ Yoast SEO plugin. -->","yoast_head_json":{"title":"Lo atrapan por robo y le descubren violaci\u00f3n en Huejotzingo - The Puebla Times","robots":{"index":"index","follow":"follow","max-snippet":"max-snippet:-1","max-image-preview":"max-image-preview:large","max-video-preview":"max-video-preview:-1"},"canonical":"https:\/\/thepueblatimes.mx\/index.php\/2021\/06\/29\/lo-atrapan-por-robo-y-le-descubren-violacion-en-huejotzingo\/","og_locale":"es_ES","og_type":"article","og_title":"Lo atrapan por robo y le descubren violaci\u00f3n en Huejotzingo - The Puebla Times","og_description":"La Fiscal\u00eda General del Estado de Puebla consigui\u00f3 la vinculaci\u00f3n a proceso de Manuel N. de 31 a\u00f1os, investigado por el delito de violaci\u00f3n, aunque fue detenido por cometer un robo. El 4 de septiembre de 2020 la v\u00edctima de 21 a\u00f1os de edad acudi\u00f3 a una empresa ubicada en el Parque Industrial de Huejotzingo...","og_url":"https:\/\/thepueblatimes.mx\/index.php\/2021\/06\/29\/lo-atrapan-por-robo-y-le-descubren-violacion-en-huejotzingo\/","og_site_name":"The Puebla Times","article_published_time":"2021-06-30T04:18:01+00:00","og_image":[{"width":1920,"height":1080,"url":"https:\/\/thepueblatimes.mx\/wp-content\/uploads\/2021\/06\/48D6B490-5EA1-4B2B-B451-93EC7B5CA822.jpeg","type":"image\/jpeg"}],"author":"Francisco S\u00e1nchez Nolasco","twitter_card":"summary_large_image","twitter_misc":{"Escrito por":"Francisco S\u00e1nchez Nolasco","Tiempo de lectura":"1 minuto"},"schema":{"@context":"https:\/\/schema.org","@graph":[{"@type":"WebPage","@id":"https:\/\/thepueblatimes.mx\/index.php\/2021\/06\/29\/lo-atrapan-por-robo-y-le-descubren-violacion-en-huejotzingo\/","url":"https:\/\/thepueblatimes.mx\/index.php\/2021\/06\/29\/lo-atrapan-por-robo-y-le-descubren-violacion-en-huejotzingo\/","name":"Lo atrapan por robo y le descubren violaci\u00f3n en Huejotzingo - The Puebla Times","isPartOf":{"@id":"https:\/\/thepueblatimes.mx\/#website"},"datePublished":"2021-06-30T04:18:01+00:00","dateModified":"2021-06-30T04:18:01+00:00","author":{"@id":"https:\/\/thepueblatimes.mx\/#\/schema\/person\/7bdf2adbc50078b104bba72b5612f774"},"breadcrumb":{"@id":"https:\/\/thepueblatimes.mx\/index.php\/2021\/06\/29\/lo-atrapan-por-robo-y-le-descubren-violacion-en-huejotzingo\/#breadcrumb"},"inLanguage":"es","potentialAction":[{"@type":"ReadAction","target":["https:\/\/thepueblatimes.mx\/index.php\/2021\/06\/29\/lo-atrapan-por-robo-y-le-descubren-violacion-en-huejotzingo\/"]}]},{"@type":"BreadcrumbList","@id":"https:\/\/thepueblatimes.mx\/index.php\/2021\/06\/29\/lo-atrapan-por-robo-y-le-descubren-violacion-en-huejotzingo\/#breadcrumb","itemListElement":[{"@type":"ListItem","position":1,"name":"Portada","item":"https:\/\/thepueblatimes.mx\/"},{"@type":"ListItem","position":2,"name":"Lo atrapan por robo y le descubren violaci\u00f3n en Huejotzingo"}]},{"@type":"WebSite","@id":"https:\/\/thepueblatimes.mx\/#website","url":"https:\/\/thepueblatimes.mx\/","name":"The Puebla Times","description":"Noticias del Estado de Puebla","potentialAction":[{"@type":"SearchAction","target":{"@type":"EntryPoint","urlTemplate":"https:\/\/thepueblatimes.mx\/?s={search_term_string}"},"query-input":"required name=search_term_string"}],"inLanguage":"es"},{"@type":"Person","@id":"https:\/\/thepueblatimes.mx\/#\/schema\/person\/7bdf2adbc50078b104bba72b5612f774","name":"Francisco S\u00e1nchez Nolasco","image":{"@type":"ImageObject","inLanguage":"es","@id":"https:\/\/thepueblatimes.mx\/#\/schema\/person\/image\/","url":"https:\/\/secure.gravatar.com\/avatar\/6061d7d20b38bc2742a5218401b198d2?s=96&d=mm&r=g","contentUrl":"https:\/\/secure.gravatar.com\/avatar\/6061d7d20b38bc2742a5218401b198d2?s=96&d=mm&r=g","caption":"Francisco S\u00e1nchez Nolasco"},"url":"https:\/\/thepueblatimes.mx\/index.php\/author\/marianitha-reyes\/"}]}},"jetpack_featured_media_url":"https:\/\/thepueblatimes.mx\/wp-content\/uploads\/2021\/06\/48D6B490-5EA1-4B2B-B451-93EC7B5CA822.jpeg","_links":{"self":[{"href":"https:\/\/thepueblatimes.mx\/index.php\/wp-json\/wp\/v2\/posts\/14162"}],"collection":[{"href":"https:\/\/thepueblatimes.mx\/index.php\/wp-json\/wp\/v2\/posts"}],"about":[{"href":"https:\/\/thepueblatimes.mx\/index.php\/wp-json\/wp\/v2\/types\/post"}],"author":[{"embeddable":true,"href":"https:\/\/thepueblatimes.mx\/index.php\/wp-json\/wp\/v2\/users\/15"}],"replies":[{"embeddable":true,"href":"https:\/\/thepueblatimes.mx\/index.php\/wp-json\/wp\/v2\/comments?post=14162"}],"version-history":[{"count":1,"href":"https:\/\/thepueblatimes.mx\/index.php\/wp-json\/wp\/v2\/posts\/14162\/revisions"}],"predecessor-version":[{"id":14164,"href":"https:\/\/thepueblatimes.mx\/index.php\/wp-json\/wp\/v2\/posts\/14162\/revisions\/14164"}],"wp:featuredmedia":[{"embeddable":true,"href":"https:\/\/thepueblatimes.mx\/index.php\/wp-json\/wp\/v2\/media\/14163"}],"wp:attachment":[{"href":"https:\/\/thepueblatimes.mx\/index.php\/wp-json\/wp\/v2\/media?parent=14162"}],"wp:term":[{"taxonomy":"category","embeddable":true,"href":"https:\/\/thepueblatimes.mx\/index.php\/wp-json\/wp\/v2\/categories?post=14162"},{"taxonomy":"post_tag","embeddable":true,"href":"https:\/\/thepueblatimes.mx\/index.php\/wp-json\/wp\/v2\/tags?post=14162"}],"curies":[{"name":"wp","href":"https:\/\/api.w.org\/{rel}","templated":true}]}}