{"id":13678,"date":"2021-05-24T11:28:56","date_gmt":"2021-05-24T16:28:56","guid":{"rendered":"https:\/\/thepueblatimes.mx\/?p=13678"},"modified":"2021-05-24T11:28:56","modified_gmt":"2021-05-24T16:28:56","slug":"cecy-salio-de-su-casa-en-izucar-el-viernes-y-todavia-no-vuelve","status":"publish","type":"post","link":"https:\/\/thepueblatimes.mx\/index.php\/2021\/05\/24\/cecy-salio-de-su-casa-en-izucar-el-viernes-y-todavia-no-vuelve\/","title":{"rendered":"Cecy sali\u00f3 de su casa en Iz\u00facar el viernes y todav\u00eda no vuelve"},"content":{"rendered":"<hr \/>\n<p>Iz\u00facar de Matamoros, Pue.- <strong>Familiares y amigos buscan a Cecy V\u00e1zquez que se encuentra desaparecida desde el d\u00eda viernes en el municipio de Iz\u00facar de Matamoros.\u00a0\u00a0<\/strong><\/p>\n<p>Ante los hechos suscitados hace unas semanas donde<strong> una mujer que estaba desaparecida fue localizada sin vida<\/strong>, hoy en d\u00eda las familias temen por las mujeres que desaparecen en el municipio izucarense.<\/p>\n<p>Cecy V\u00e1zquez <strong>sali\u00f3 de su hogar el viernes a las 11:30 de la ma\u00f1ana<\/strong> y hasta el momento no se sabe del paradero de esta mujer. Vest\u00eda blusa beige, pantal\u00f3n de mezclilla y tenis Vans.<\/p>\n<p>Si se tiene informaci\u00f3n de su paradero comunicarse a los tel\u00e9fonos, 2431260211 o al 2431552281.<\/p>\n<p>La hermana de Cecy V\u00e1zquez pide a trav\u00e9s de redes sociales la colaboraci\u00f3n de la poblaci\u00f3n para dar con el paradero de su hermana.<\/p>\n","protected":false},"excerpt":{"rendered":"<p>Iz\u00facar de Matamoros, Pue.- Familiares y amigos buscan a Cecy V\u00e1zquez que se encuentra desaparecida desde el d\u00eda viernes en el municipio de Iz\u00facar de Matamoros.\u00a0\u00a0 Ante los hechos suscitados hace unas semanas donde una mujer que estaba desaparecida fue localizada sin vida, hoy en d\u00eda las familias temen por las mujeres que desaparecen en&#8230;<\/p>\n","protected":false},"author":15,"featured_media":13679,"comment_status":"open","ping_status":"open","sticky":false,"template":"","format":"standard","meta":[],"categories":[16],"tags":[251,38,214],"yoast_head":"<!-- This site is optimized with the Yoast SEO plugin v20.8 - https:\/\/yoast.com\/wordpress\/plugins\/seo\/ -->\n<title>Cecy sali\u00f3 de su casa en Iz\u00facar el viernes y todav\u00eda no vuelve - The Puebla Times<\/title>\n<meta name=\"robots\" content=\"index, follow, max-snippet:-1, max-image-preview:large, max-video-preview:-1\" \/>\n<link rel=\"canonical\" href=\"https:\/\/thepueblatimes.mx\/index.php\/2021\/05\/24\/cecy-salio-de-su-casa-en-izucar-el-viernes-y-todavia-no-vuelve\/\" \/>\n<meta property=\"og:locale\" content=\"es_ES\" \/>\n<meta property=\"og:type\" content=\"article\" \/>\n<meta property=\"og:title\" content=\"Cecy sali\u00f3 de su casa en Iz\u00facar el viernes y todav\u00eda no vuelve - The Puebla Times\" \/>\n<meta property=\"og:description\" content=\"Iz\u00facar de Matamoros, Pue.- Familiares y amigos buscan a Cecy V\u00e1zquez que se encuentra desaparecida desde el d\u00eda viernes en el municipio de Iz\u00facar de Matamoros.\u00a0\u00a0 Ante los hechos suscitados hace unas semanas donde una mujer que estaba desaparecida fue localizada sin vida, hoy en d\u00eda las familias temen por las mujeres que desaparecen en...\" \/>\n<meta property=\"og:url\" content=\"https:\/\/thepueblatimes.mx\/index.php\/2021\/05\/24\/cecy-salio-de-su-casa-en-izucar-el-viernes-y-todavia-no-vuelve\/\" \/>\n<meta property=\"og:site_name\" content=\"The Puebla Times\" \/>\n<meta property=\"article:published_time\" content=\"2021-05-24T16:28:56+00:00\" \/>\n<meta property=\"og:image\" content=\"https:\/\/thepueblatimes.mx\/wp-content\/uploads\/2021\/05\/6B77A5BA-7C3B-48CC-AAA1-037FB5704393.jpeg\" \/>\n\t<meta property=\"og:image:width\" content=\"650\" \/>\n\t<meta property=\"og:image:height\" content=\"472\" \/>\n\t<meta property=\"og:image:type\" content=\"image\/jpeg\" \/>\n<meta name=\"author\" content=\"Francisco S\u00e1nchez Nolasco\" \/>\n<meta name=\"twitter:card\" content=\"summary_large_image\" \/>\n<meta name=\"twitter:label1\" content=\"Escrito por\" \/>\n\t<meta name=\"twitter:data1\" content=\"Francisco S\u00e1nchez Nolasco\" \/>\n\t<meta name=\"twitter:label2\" content=\"Tiempo de lectura\" \/>\n\t<meta name=\"twitter:data2\" content=\"1 minuto\" \/>\n<script type=\"application\/ld+json\" class=\"yoast-schema-graph\">{\"@context\":\"https:\/\/schema.org\",\"@graph\":[{\"@type\":\"WebPage\",\"@id\":\"https:\/\/thepueblatimes.mx\/index.php\/2021\/05\/24\/cecy-salio-de-su-casa-en-izucar-el-viernes-y-todavia-no-vuelve\/\",\"url\":\"https:\/\/thepueblatimes.mx\/index.php\/2021\/05\/24\/cecy-salio-de-su-casa-en-izucar-el-viernes-y-todavia-no-vuelve\/\",\"name\":\"Cecy sali\u00f3 de su casa en Iz\u00facar el viernes y todav\u00eda no vuelve - The Puebla Times\",\"isPartOf\":{\"@id\":\"https:\/\/thepueblatimes.mx\/#website\"},\"datePublished\":\"2021-05-24T16:28:56+00:00\",\"dateModified\":\"2021-05-24T16:28:56+00:00\",\"author\":{\"@id\":\"https:\/\/thepueblatimes.mx\/#\/schema\/person\/7bdf2adbc50078b104bba72b5612f774\"},\"breadcrumb\":{\"@id\":\"https:\/\/thepueblatimes.mx\/index.php\/2021\/05\/24\/cecy-salio-de-su-casa-en-izucar-el-viernes-y-todavia-no-vuelve\/#breadcrumb\"},\"inLanguage\":\"es\",\"potentialAction\":[{\"@type\":\"ReadAction\",\"target\":[\"https:\/\/thepueblatimes.mx\/index.php\/2021\/05\/24\/cecy-salio-de-su-casa-en-izucar-el-viernes-y-todavia-no-vuelve\/\"]}]},{\"@type\":\"BreadcrumbList\",\"@id\":\"https:\/\/thepueblatimes.mx\/index.php\/2021\/05\/24\/cecy-salio-de-su-casa-en-izucar-el-viernes-y-todavia-no-vuelve\/#breadcrumb\",\"itemListElement\":[{\"@type\":\"ListItem\",\"position\":1,\"name\":\"Portada\",\"item\":\"https:\/\/thepueblatimes.mx\/\"},{\"@type\":\"ListItem\",\"position\":2,\"name\":\"Cecy sali\u00f3 de su casa en Iz\u00facar el viernes y todav\u00eda no vuelve\"}]},{\"@type\":\"WebSite\",\"@id\":\"https:\/\/thepueblatimes.mx\/#website\",\"url\":\"https:\/\/thepueblatimes.mx\/\",\"name\":\"The Puebla Times\",\"description\":\"Noticias del Estado de Puebla\",\"potentialAction\":[{\"@type\":\"SearchAction\",\"target\":{\"@type\":\"EntryPoint\",\"urlTemplate\":\"https:\/\/thepueblatimes.mx\/?s={search_term_string}\"},\"query-input\":\"required name=search_term_string\"}],\"inLanguage\":\"es\"},{\"@type\":\"Person\",\"@id\":\"https:\/\/thepueblatimes.mx\/#\/schema\/person\/7bdf2adbc50078b104bba72b5612f774\",\"name\":\"Francisco S\u00e1nchez Nolasco\",\"image\":{\"@type\":\"ImageObject\",\"inLanguage\":\"es\",\"@id\":\"https:\/\/thepueblatimes.mx\/#\/schema\/person\/image\/\",\"url\":\"https:\/\/secure.gravatar.com\/avatar\/6061d7d20b38bc2742a5218401b198d2?s=96&d=mm&r=g\",\"contentUrl\":\"https:\/\/secure.gravatar.com\/avatar\/6061d7d20b38bc2742a5218401b198d2?s=96&d=mm&r=g\",\"caption\":\"Francisco S\u00e1nchez Nolasco\"},\"url\":\"https:\/\/thepueblatimes.mx\/index.php\/author\/marianitha-reyes\/\"}]}<\/script>\n<!-- \/ Yoast SEO plugin. -->","yoast_head_json":{"title":"Cecy sali\u00f3 de su casa en Iz\u00facar el viernes y todav\u00eda no vuelve - The Puebla Times","robots":{"index":"index","follow":"follow","max-snippet":"max-snippet:-1","max-image-preview":"max-image-preview:large","max-video-preview":"max-video-preview:-1"},"canonical":"https:\/\/thepueblatimes.mx\/index.php\/2021\/05\/24\/cecy-salio-de-su-casa-en-izucar-el-viernes-y-todavia-no-vuelve\/","og_locale":"es_ES","og_type":"article","og_title":"Cecy sali\u00f3 de su casa en Iz\u00facar el viernes y todav\u00eda no vuelve - The Puebla Times","og_description":"Iz\u00facar de Matamoros, Pue.- Familiares y amigos buscan a Cecy V\u00e1zquez que se encuentra desaparecida desde el d\u00eda viernes en el municipio de Iz\u00facar de Matamoros.\u00a0\u00a0 Ante los hechos suscitados hace unas semanas donde una mujer que estaba desaparecida fue localizada sin vida, hoy en d\u00eda las familias temen por las mujeres que desaparecen en...","og_url":"https:\/\/thepueblatimes.mx\/index.php\/2021\/05\/24\/cecy-salio-de-su-casa-en-izucar-el-viernes-y-todavia-no-vuelve\/","og_site_name":"The Puebla Times","article_published_time":"2021-05-24T16:28:56+00:00","og_image":[{"width":650,"height":472,"url":"https:\/\/thepueblatimes.mx\/wp-content\/uploads\/2021\/05\/6B77A5BA-7C3B-48CC-AAA1-037FB5704393.jpeg","type":"image\/jpeg"}],"author":"Francisco S\u00e1nchez Nolasco","twitter_card":"summary_large_image","twitter_misc":{"Escrito por":"Francisco S\u00e1nchez Nolasco","Tiempo de lectura":"1 minuto"},"schema":{"@context":"https:\/\/schema.org","@graph":[{"@type":"WebPage","@id":"https:\/\/thepueblatimes.mx\/index.php\/2021\/05\/24\/cecy-salio-de-su-casa-en-izucar-el-viernes-y-todavia-no-vuelve\/","url":"https:\/\/thepueblatimes.mx\/index.php\/2021\/05\/24\/cecy-salio-de-su-casa-en-izucar-el-viernes-y-todavia-no-vuelve\/","name":"Cecy sali\u00f3 de su casa en Iz\u00facar el viernes y todav\u00eda no vuelve - The Puebla Times","isPartOf":{"@id":"https:\/\/thepueblatimes.mx\/#website"},"datePublished":"2021-05-24T16:28:56+00:00","dateModified":"2021-05-24T16:28:56+00:00","author":{"@id":"https:\/\/thepueblatimes.mx\/#\/schema\/person\/7bdf2adbc50078b104bba72b5612f774"},"breadcrumb":{"@id":"https:\/\/thepueblatimes.mx\/index.php\/2021\/05\/24\/cecy-salio-de-su-casa-en-izucar-el-viernes-y-todavia-no-vuelve\/#breadcrumb"},"inLanguage":"es","potentialAction":[{"@type":"ReadAction","target":["https:\/\/thepueblatimes.mx\/index.php\/2021\/05\/24\/cecy-salio-de-su-casa-en-izucar-el-viernes-y-todavia-no-vuelve\/"]}]},{"@type":"BreadcrumbList","@id":"https:\/\/thepueblatimes.mx\/index.php\/2021\/05\/24\/cecy-salio-de-su-casa-en-izucar-el-viernes-y-todavia-no-vuelve\/#breadcrumb","itemListElement":[{"@type":"ListItem","position":1,"name":"Portada","item":"https:\/\/thepueblatimes.mx\/"},{"@type":"ListItem","position":2,"name":"Cecy sali\u00f3 de su casa en Iz\u00facar el viernes y todav\u00eda no vuelve"}]},{"@type":"WebSite","@id":"https:\/\/thepueblatimes.mx\/#website","url":"https:\/\/thepueblatimes.mx\/","name":"The Puebla Times","description":"Noticias del Estado de Puebla","potentialAction":[{"@type":"SearchAction","target":{"@type":"EntryPoint","urlTemplate":"https:\/\/thepueblatimes.mx\/?s={search_term_string}"},"query-input":"required name=search_term_string"}],"inLanguage":"es"},{"@type":"Person","@id":"https:\/\/thepueblatimes.mx\/#\/schema\/person\/7bdf2adbc50078b104bba72b5612f774","name":"Francisco S\u00e1nchez Nolasco","image":{"@type":"ImageObject","inLanguage":"es","@id":"https:\/\/thepueblatimes.mx\/#\/schema\/person\/image\/","url":"https:\/\/secure.gravatar.com\/avatar\/6061d7d20b38bc2742a5218401b198d2?s=96&d=mm&r=g","contentUrl":"https:\/\/secure.gravatar.com\/avatar\/6061d7d20b38bc2742a5218401b198d2?s=96&d=mm&r=g","caption":"Francisco S\u00e1nchez Nolasco"},"url":"https:\/\/thepueblatimes.mx\/index.php\/author\/marianitha-reyes\/"}]}},"jetpack_featured_media_url":"https:\/\/thepueblatimes.mx\/wp-content\/uploads\/2021\/05\/6B77A5BA-7C3B-48CC-AAA1-037FB5704393.jpeg","_links":{"self":[{"href":"https:\/\/thepueblatimes.mx\/index.php\/wp-json\/wp\/v2\/posts\/13678"}],"collection":[{"href":"https:\/\/thepueblatimes.mx\/index.php\/wp-json\/wp\/v2\/posts"}],"about":[{"href":"https:\/\/thepueblatimes.mx\/index.php\/wp-json\/wp\/v2\/types\/post"}],"author":[{"embeddable":true,"href":"https:\/\/thepueblatimes.mx\/index.php\/wp-json\/wp\/v2\/users\/15"}],"replies":[{"embeddable":true,"href":"https:\/\/thepueblatimes.mx\/index.php\/wp-json\/wp\/v2\/comments?post=13678"}],"version-history":[{"count":2,"href":"https:\/\/thepueblatimes.mx\/index.php\/wp-json\/wp\/v2\/posts\/13678\/revisions"}],"predecessor-version":[{"id":13681,"href":"https:\/\/thepueblatimes.mx\/index.php\/wp-json\/wp\/v2\/posts\/13678\/revisions\/13681"}],"wp:featuredmedia":[{"embeddable":true,"href":"https:\/\/thepueblatimes.mx\/index.php\/wp-json\/wp\/v2\/media\/13679"}],"wp:attachment":[{"href":"https:\/\/thepueblatimes.mx\/index.php\/wp-json\/wp\/v2\/media?parent=13678"}],"wp:term":[{"taxonomy":"category","embeddable":true,"href":"https:\/\/thepueblatimes.mx\/index.php\/wp-json\/wp\/v2\/categories?post=13678"},{"taxonomy":"post_tag","embeddable":true,"href":"https:\/\/thepueblatimes.mx\/index.php\/wp-json\/wp\/v2\/tags?post=13678"}],"curies":[{"name":"wp","href":"https:\/\/api.w.org\/{rel}","templated":true}]}}