{"id":13674,"date":"2021-05-23T22:47:45","date_gmt":"2021-05-24T03:47:45","guid":{"rendered":"https:\/\/thepueblatimes.mx\/?p=13674"},"modified":"2021-05-23T22:47:45","modified_gmt":"2021-05-24T03:47:45","slug":"el-debate-de-los-candidatos","status":"publish","type":"post","link":"https:\/\/thepueblatimes.mx\/index.php\/2021\/05\/23\/el-debate-de-los-candidatos\/","title":{"rendered":"El debate de los candidatos"},"content":{"rendered":"<p>Ser\u00e1 para \u00e9sta semana, cuando se realice el debate entre los candidatos a la presidencia municipal de Puebla capital, teniendo como marco el enfrentamiento que quiere generar Claudia Rivera Vivanco, en contra de Eduardo Rivera P\u00e9rez, mismo que por desgracia, lo desinfl\u00f3 Rivera P\u00e9rez moj\u00e1ndole la p\u00f3lvora a la alcaldesa y hablando claro y sin tapujos.<\/p>\n<p>Durante una cascarita de futbol con los medios de comunicaci\u00f3n el pasado 23 de mayo, Rivera P\u00e9rez declar\u00f3 enf\u00e1tico, respecto de que s\u00ed tiene inter\u00e9s en participar en el debate y que tiene que ser la autoridad electoral, la que determine la fecha, el lugar y las condiciones operativas y sustantivas del debate; en ese contexto, cabe destacar que Rivera P\u00e9rez manifest\u00f3 no tener ning\u00fan inconveniente para con determinaci\u00f3n acudir al debate y encarar a la alcaldesa, quien hizo mofa de que supuestamente, Eduardo Rivera P\u00e9rez ten\u00eda miedo, generando la falsa percepci\u00f3n de que as\u00ed eran las cosas, recibiendo como respuesta una declaraci\u00f3n que le tap\u00f3 la boca, pues el candidato del PRI-PAN-PRD desminti\u00f3 a Claudia Rivera Vivanco de la especie, y la exhibi\u00f3 por decir cosas que no pudo nuevamente comprobar.<\/p>\n<p>Contrario a la actitud de Rivera Vivanco de esconderse de los medios, y de buscar siempre echarle la culpa a todos por su derrota anticipada; a todos a los que falsamente sospecha, conspiran en su contra, Eduardo Rivera P\u00e9rez se mostr\u00f3 relajado con la presencia de la prensa, y no se cans\u00f3 de decir que no le tiene miedo a Claudia, y que por el contrario jam\u00e1s ha evadido dicho escenario.<\/p>\n<p>Ante lo ya comentado, cabe referir que Claudia Rivera Vivanco, \u00faltimamente le ha dado por andar como alma en pena por todo el municipio de la capital poblana, con golpeadores, porristas y todo tipo de asistentes, para tratar de hacer campa\u00f1a, con datos falsos, con figuraciones por dem\u00e1s fantasiosas a tal grado, que es preciso nuevamente enumerarlos, para analizar los errores de campa\u00f1a, de quien vive una derrota anunciada; y que en el desahucio, le ha dado por inventar pretextos, para justificar su muy posible fracaso, pues no quiere asumir su responsabilidad de ser candidata, de haber sido una mala presidenta, de haber planeado con los pies su campa\u00f1a y de pelearse con todos en el camino del transcurso de todos estos hechos, veamos:<\/p>\n<p>1.-La fantasiosa cuenta alegre de que al haber 750 mil ciudadanos inscritos en los distintos programas asistenciales del gobierno federal, con que voten la mitad, ( o sea 375 mil), ya gan\u00f3 pues necesita entre 250 mil y 300 mil votos para ganar.<\/p>\n<p>Respuesta: falso, en primer punto, hay mucha gente que se queja de que no ha recibido nada NUNCA, y de estar inscrita en el padr\u00f3n en contra de su voluntad, adem\u00e1s de que es bien sabido que s\u00f3lo uno de cada cinco beneficiarios de alg\u00fan programa social, agradece el hecho con su voto, por lo que de 750 mil beneficiarios, s\u00f3lo recibir\u00e1 quiz\u00e1s 150 mil votos por ese rubro, adem\u00e1s de que sus programas de apoyo son una farsa vil, pues del fondo de activaci\u00f3n econ\u00f3mica del centro hist\u00f3rico, NUNCA nadie recibi\u00f3 el apoyo, cuando quieran les presento las pruebas, por lo que con esas pifias no puede esperar una respuesta favorable del electorado, pues las simulaciones de las supuestas acciones, sobran, como los ventiladores chafamex, las mini-despensas de arroz con gorgojos y otras linduras, que son tantas que para que seguirle\u2026 en verdad.<\/p>\n<p>2.-sus denuncias en los \u00f3rganos electorales en contra de los medios de comunicaci\u00f3n, para acallarlos, argumentando \u201cviolencia de g\u00e9nero\u201d.<\/p>\n<p>Respuesta: con mentiras no se llega muy lejos, bajo la m\u00e1xima de que: \u201clas mentiras tienen las piernas muy cortas\u201d; por lo que es preciso aclarar, que amenazar a los medios no es muy buena estrategia, y m\u00e1s a los cr\u00edticos, ya que desde el periodo de Mario Mar\u00edn Torres muchos periodistas poblanos conocieron la persecuci\u00f3n en verdad, por lo que muchos tienen\u00a0 correspondencias con periodistas de la ciudad de M\u00e9xico, y este pleito con la prensa se va a tornar may\u00fasculo, pues quiere que un \u00f3rgano electoral nos calle, para evitar decir la verdad, que no supo gobernar y la ciudad es un asco; adem\u00e1s de que ya son cuatro las compa\u00f1eras maltratadas en sus recorridos de campa\u00f1a, y muchas pueden demandarla, en caso de que siga agrediendo a la prensa el esposo de Carmen Mar\u00eda Palma, que se auto-habilita oficiosamente, como gorila de poca monta, poni\u00e9ndole el codo en la cara a las compa\u00f1eras, que tambi\u00e9n merecen respeto, y tambi\u00e9n son v\u00edctimas de la violencia de g\u00e9nero, ejercida por su personal.<\/p>\n<p>3.-la estrategia del avestruz<\/p>\n<p>Comentario: es la m\u00e1s conocida de la alcaldesa con licencia, pues no supo darle una respuesta seria a los habitantes de la guadalupana, luego de que en su spot y mensaje de entrada a la administraci\u00f3n municipal, prometiera como primera obra de gobierno repavimentar la entrada de la unidad habitacional, asunto que no ha sucedido hasta ahora, y que cuando le reclamaron airadamente su falta de palabra, acus\u00f3 a todos (prensa, gobernador y Gabriel Biestro, los culpables preferidos de la mun\u00edcipe), en vez de mandar a una cuadrilla de ingenieros para hacer la obra, y callarle la boca a todos; y lejos de eso, se pone a instalar bolardos hasta en los mingitorios, sin antes pavimentar las calles, o darle mantenimiento al equipamiento urbano.<\/p>\n<p>Con lo anterior, cabe destacar que todos esperan con expectaci\u00f3n el debate, record\u00e1ndole tanto a Claudia Rivera Vivanco, como a Eduardo Rivera P\u00e9rez, que hay otros contendientes que pudieran dar la sorpresa, como Edgar Yitani que trae buen discurso, Lalo rivera Santamar\u00eda que no est\u00e1 manco y como Am\u00e9rica Sotos que es una mujer conocedora de la pol\u00edtica, (al capi Ru\u00edz esparza en este rubro ni tomarlo en cuenta, su discurso es p\u00e9simo y lo que le sigue), por lo que los poblanos debemos de abrir muy bien los ojos y valorar las palabras, as\u00ed como los programas de gobierno de cada uno de los candidatos al gobierno de la capital poblana\u2026<\/p>\n","protected":false},"excerpt":{"rendered":"<p>Ser\u00e1 para \u00e9sta semana, cuando se realice el debate entre los candidatos a la presidencia municipal de Puebla capital<\/p>\n","protected":false},"author":12,"featured_media":13675,"comment_status":"open","ping_status":"open","sticky":false,"template":"","format":"standard","meta":[],"categories":[3,10,8],"tags":[561,152,605,248,49],"yoast_head":"<!-- This site is optimized with the Yoast SEO plugin v20.8 - https:\/\/yoast.com\/wordpress\/plugins\/seo\/ -->\n<title>El debate de los candidatos - The Puebla Times<\/title>\n<meta name=\"robots\" content=\"index, follow, max-snippet:-1, max-image-preview:large, max-video-preview:-1\" \/>\n<link rel=\"canonical\" href=\"https:\/\/thepueblatimes.mx\/index.php\/2021\/05\/23\/el-debate-de-los-candidatos\/\" \/>\n<meta property=\"og:locale\" content=\"es_ES\" \/>\n<meta property=\"og:type\" content=\"article\" \/>\n<meta property=\"og:title\" content=\"El debate de los candidatos - The Puebla Times\" \/>\n<meta property=\"og:description\" content=\"Ser\u00e1 para \u00e9sta semana, cuando se realice el debate entre los candidatos a la presidencia municipal de Puebla capital\" \/>\n<meta property=\"og:url\" content=\"https:\/\/thepueblatimes.mx\/index.php\/2021\/05\/23\/el-debate-de-los-candidatos\/\" \/>\n<meta property=\"og:site_name\" content=\"The Puebla Times\" \/>\n<meta property=\"article:published_time\" content=\"2021-05-24T03:47:45+00:00\" \/>\n<meta property=\"og:image\" content=\"https:\/\/thepueblatimes.mx\/wp-content\/uploads\/2021\/05\/edu.jpg\" \/>\n\t<meta property=\"og:image:width\" content=\"620\" \/>\n\t<meta property=\"og:image:height\" content=\"330\" \/>\n\t<meta property=\"og:image:type\" content=\"image\/jpeg\" \/>\n<meta name=\"author\" content=\"Claudio De la Llata\" \/>\n<meta name=\"twitter:card\" content=\"summary_large_image\" \/>\n<meta name=\"twitter:label1\" content=\"Escrito por\" \/>\n\t<meta name=\"twitter:data1\" content=\"Claudio De la Llata\" \/>\n\t<meta name=\"twitter:label2\" content=\"Tiempo de lectura\" \/>\n\t<meta name=\"twitter:data2\" content=\"5 minutos\" \/>\n<script type=\"application\/ld+json\" class=\"yoast-schema-graph\">{\"@context\":\"https:\/\/schema.org\",\"@graph\":[{\"@type\":\"WebPage\",\"@id\":\"https:\/\/thepueblatimes.mx\/index.php\/2021\/05\/23\/el-debate-de-los-candidatos\/\",\"url\":\"https:\/\/thepueblatimes.mx\/index.php\/2021\/05\/23\/el-debate-de-los-candidatos\/\",\"name\":\"El debate de los candidatos - The Puebla Times\",\"isPartOf\":{\"@id\":\"https:\/\/thepueblatimes.mx\/#website\"},\"datePublished\":\"2021-05-24T03:47:45+00:00\",\"dateModified\":\"2021-05-24T03:47:45+00:00\",\"author\":{\"@id\":\"https:\/\/thepueblatimes.mx\/#\/schema\/person\/bbda7d16f8de72bedcf28a980dfbc8ad\"},\"breadcrumb\":{\"@id\":\"https:\/\/thepueblatimes.mx\/index.php\/2021\/05\/23\/el-debate-de-los-candidatos\/#breadcrumb\"},\"inLanguage\":\"es\",\"potentialAction\":[{\"@type\":\"ReadAction\",\"target\":[\"https:\/\/thepueblatimes.mx\/index.php\/2021\/05\/23\/el-debate-de-los-candidatos\/\"]}]},{\"@type\":\"BreadcrumbList\",\"@id\":\"https:\/\/thepueblatimes.mx\/index.php\/2021\/05\/23\/el-debate-de-los-candidatos\/#breadcrumb\",\"itemListElement\":[{\"@type\":\"ListItem\",\"position\":1,\"name\":\"Portada\",\"item\":\"https:\/\/thepueblatimes.mx\/\"},{\"@type\":\"ListItem\",\"position\":2,\"name\":\"El debate de los candidatos\"}]},{\"@type\":\"WebSite\",\"@id\":\"https:\/\/thepueblatimes.mx\/#website\",\"url\":\"https:\/\/thepueblatimes.mx\/\",\"name\":\"The Puebla Times\",\"description\":\"Noticias del Estado de Puebla\",\"potentialAction\":[{\"@type\":\"SearchAction\",\"target\":{\"@type\":\"EntryPoint\",\"urlTemplate\":\"https:\/\/thepueblatimes.mx\/?s={search_term_string}\"},\"query-input\":\"required name=search_term_string\"}],\"inLanguage\":\"es\"},{\"@type\":\"Person\",\"@id\":\"https:\/\/thepueblatimes.mx\/#\/schema\/person\/bbda7d16f8de72bedcf28a980dfbc8ad\",\"name\":\"Claudio De la Llata\",\"image\":{\"@type\":\"ImageObject\",\"inLanguage\":\"es\",\"@id\":\"https:\/\/thepueblatimes.mx\/#\/schema\/person\/image\/\",\"url\":\"https:\/\/secure.gravatar.com\/avatar\/00548df3da11cad70e6ec0c1e51bd2f9?s=96&d=mm&r=g\",\"contentUrl\":\"https:\/\/secure.gravatar.com\/avatar\/00548df3da11cad70e6ec0c1e51bd2f9?s=96&d=mm&r=g\",\"caption\":\"Claudio De la Llata\"},\"url\":\"https:\/\/thepueblatimes.mx\/index.php\/author\/cluadiodelallata\/\"}]}<\/script>\n<!-- \/ Yoast SEO plugin. -->","yoast_head_json":{"title":"El debate de los candidatos - The Puebla Times","robots":{"index":"index","follow":"follow","max-snippet":"max-snippet:-1","max-image-preview":"max-image-preview:large","max-video-preview":"max-video-preview:-1"},"canonical":"https:\/\/thepueblatimes.mx\/index.php\/2021\/05\/23\/el-debate-de-los-candidatos\/","og_locale":"es_ES","og_type":"article","og_title":"El debate de los candidatos - The Puebla Times","og_description":"Ser\u00e1 para \u00e9sta semana, cuando se realice el debate entre los candidatos a la presidencia municipal de Puebla capital","og_url":"https:\/\/thepueblatimes.mx\/index.php\/2021\/05\/23\/el-debate-de-los-candidatos\/","og_site_name":"The Puebla Times","article_published_time":"2021-05-24T03:47:45+00:00","og_image":[{"width":620,"height":330,"url":"https:\/\/thepueblatimes.mx\/wp-content\/uploads\/2021\/05\/edu.jpg","type":"image\/jpeg"}],"author":"Claudio De la Llata","twitter_card":"summary_large_image","twitter_misc":{"Escrito por":"Claudio De la Llata","Tiempo de lectura":"5 minutos"},"schema":{"@context":"https:\/\/schema.org","@graph":[{"@type":"WebPage","@id":"https:\/\/thepueblatimes.mx\/index.php\/2021\/05\/23\/el-debate-de-los-candidatos\/","url":"https:\/\/thepueblatimes.mx\/index.php\/2021\/05\/23\/el-debate-de-los-candidatos\/","name":"El debate de los candidatos - The Puebla Times","isPartOf":{"@id":"https:\/\/thepueblatimes.mx\/#website"},"datePublished":"2021-05-24T03:47:45+00:00","dateModified":"2021-05-24T03:47:45+00:00","author":{"@id":"https:\/\/thepueblatimes.mx\/#\/schema\/person\/bbda7d16f8de72bedcf28a980dfbc8ad"},"breadcrumb":{"@id":"https:\/\/thepueblatimes.mx\/index.php\/2021\/05\/23\/el-debate-de-los-candidatos\/#breadcrumb"},"inLanguage":"es","potentialAction":[{"@type":"ReadAction","target":["https:\/\/thepueblatimes.mx\/index.php\/2021\/05\/23\/el-debate-de-los-candidatos\/"]}]},{"@type":"BreadcrumbList","@id":"https:\/\/thepueblatimes.mx\/index.php\/2021\/05\/23\/el-debate-de-los-candidatos\/#breadcrumb","itemListElement":[{"@type":"ListItem","position":1,"name":"Portada","item":"https:\/\/thepueblatimes.mx\/"},{"@type":"ListItem","position":2,"name":"El debate de los candidatos"}]},{"@type":"WebSite","@id":"https:\/\/thepueblatimes.mx\/#website","url":"https:\/\/thepueblatimes.mx\/","name":"The Puebla Times","description":"Noticias del Estado de Puebla","potentialAction":[{"@type":"SearchAction","target":{"@type":"EntryPoint","urlTemplate":"https:\/\/thepueblatimes.mx\/?s={search_term_string}"},"query-input":"required name=search_term_string"}],"inLanguage":"es"},{"@type":"Person","@id":"https:\/\/thepueblatimes.mx\/#\/schema\/person\/bbda7d16f8de72bedcf28a980dfbc8ad","name":"Claudio De la Llata","image":{"@type":"ImageObject","inLanguage":"es","@id":"https:\/\/thepueblatimes.mx\/#\/schema\/person\/image\/","url":"https:\/\/secure.gravatar.com\/avatar\/00548df3da11cad70e6ec0c1e51bd2f9?s=96&d=mm&r=g","contentUrl":"https:\/\/secure.gravatar.com\/avatar\/00548df3da11cad70e6ec0c1e51bd2f9?s=96&d=mm&r=g","caption":"Claudio De la Llata"},"url":"https:\/\/thepueblatimes.mx\/index.php\/author\/cluadiodelallata\/"}]}},"jetpack_featured_media_url":"https:\/\/thepueblatimes.mx\/wp-content\/uploads\/2021\/05\/edu.jpg","_links":{"self":[{"href":"https:\/\/thepueblatimes.mx\/index.php\/wp-json\/wp\/v2\/posts\/13674"}],"collection":[{"href":"https:\/\/thepueblatimes.mx\/index.php\/wp-json\/wp\/v2\/posts"}],"about":[{"href":"https:\/\/thepueblatimes.mx\/index.php\/wp-json\/wp\/v2\/types\/post"}],"author":[{"embeddable":true,"href":"https:\/\/thepueblatimes.mx\/index.php\/wp-json\/wp\/v2\/users\/12"}],"replies":[{"embeddable":true,"href":"https:\/\/thepueblatimes.mx\/index.php\/wp-json\/wp\/v2\/comments?post=13674"}],"version-history":[{"count":1,"href":"https:\/\/thepueblatimes.mx\/index.php\/wp-json\/wp\/v2\/posts\/13674\/revisions"}],"predecessor-version":[{"id":13676,"href":"https:\/\/thepueblatimes.mx\/index.php\/wp-json\/wp\/v2\/posts\/13674\/revisions\/13676"}],"wp:featuredmedia":[{"embeddable":true,"href":"https:\/\/thepueblatimes.mx\/index.php\/wp-json\/wp\/v2\/media\/13675"}],"wp:attachment":[{"href":"https:\/\/thepueblatimes.mx\/index.php\/wp-json\/wp\/v2\/media?parent=13674"}],"wp:term":[{"taxonomy":"category","embeddable":true,"href":"https:\/\/thepueblatimes.mx\/index.php\/wp-json\/wp\/v2\/categories?post=13674"},{"taxonomy":"post_tag","embeddable":true,"href":"https:\/\/thepueblatimes.mx\/index.php\/wp-json\/wp\/v2\/tags?post=13674"}],"curies":[{"name":"wp","href":"https:\/\/api.w.org\/{rel}","templated":true}]}}