{"id":13516,"date":"2021-05-10T19:48:15","date_gmt":"2021-05-11T00:48:15","guid":{"rendered":"https:\/\/thepueblatimes.mx\/?p=13516"},"modified":"2021-05-10T19:48:15","modified_gmt":"2021-05-11T00:48:15","slug":"arrojan-cadaver-de-mujer-al-fondo-de-una-barranca-en-tochtepec","status":"publish","type":"post","link":"https:\/\/thepueblatimes.mx\/index.php\/2021\/05\/10\/arrojan-cadaver-de-mujer-al-fondo-de-una-barranca-en-tochtepec\/","title":{"rendered":"Arrojan cad\u00e1ver de mujer al fondo de una barranca en Tochtepec"},"content":{"rendered":"<p>Tochtepec, Pue.- L<strong>a tarde de este domingo fue encontrado el cad\u00e1ver de una mujer en avanzado estado de descomposici\u00f3n<\/strong>. El hecho se registr\u00f3 en el fondo de una barranca ubicada en el cerro conocido como Postollo<\/p>\n<p>El hecho fue informado de manera inmediata a elementos de la Polic\u00eda Municipal, quienes acudieron y confirmaron que<strong> se trataba de una mujer que vest\u00eda playera y mallones oscuros por lo que dieron aviso al personal de la Fiscal\u00eda General del Estado (FGE).<\/strong><\/p>\n<p>Horas m\u00e1s tarde se realizaron las diligencias correspondientes y se trasladaron los restos humanos al anfiteatro de Tecamachalco para efectuarle la necropsia de ley, as\u00ed como qued\u00f3 en calidad de desconocida.<\/p>\n","protected":false},"excerpt":{"rendered":"<p>Tochtepec, Pue.- La tarde de este domingo fue encontrado el cad\u00e1ver de una mujer en avanzado estado de descomposici\u00f3n. El hecho se registr\u00f3 en el fondo de una barranca ubicada en el cerro conocido como Postollo El hecho fue informado de manera inmediata a elementos de la Polic\u00eda Municipal, quienes acudieron y confirmaron que se&#8230;<\/p>\n","protected":false},"author":15,"featured_media":13517,"comment_status":"open","ping_status":"open","sticky":false,"template":"","format":"standard","meta":[],"categories":[20],"tags":[182,49],"yoast_head":"<!-- This site is optimized with the Yoast SEO plugin v20.8 - https:\/\/yoast.com\/wordpress\/plugins\/seo\/ -->\n<title>Arrojan cad\u00e1ver de mujer al fondo de una barranca en Tochtepec - The Puebla Times<\/title>\n<meta name=\"robots\" content=\"index, follow, max-snippet:-1, max-image-preview:large, max-video-preview:-1\" \/>\n<link rel=\"canonical\" href=\"https:\/\/thepueblatimes.mx\/index.php\/2021\/05\/10\/arrojan-cadaver-de-mujer-al-fondo-de-una-barranca-en-tochtepec\/\" \/>\n<meta property=\"og:locale\" content=\"es_ES\" \/>\n<meta property=\"og:type\" content=\"article\" \/>\n<meta property=\"og:title\" content=\"Arrojan cad\u00e1ver de mujer al fondo de una barranca en Tochtepec - The Puebla Times\" \/>\n<meta property=\"og:description\" content=\"Tochtepec, Pue.- La tarde de este domingo fue encontrado el cad\u00e1ver de una mujer en avanzado estado de descomposici\u00f3n. El hecho se registr\u00f3 en el fondo de una barranca ubicada en el cerro conocido como Postollo El hecho fue informado de manera inmediata a elementos de la Polic\u00eda Municipal, quienes acudieron y confirmaron que se...\" \/>\n<meta property=\"og:url\" content=\"https:\/\/thepueblatimes.mx\/index.php\/2021\/05\/10\/arrojan-cadaver-de-mujer-al-fondo-de-una-barranca-en-tochtepec\/\" \/>\n<meta property=\"og:site_name\" content=\"The Puebla Times\" \/>\n<meta property=\"article:published_time\" content=\"2021-05-11T00:48:15+00:00\" \/>\n<meta property=\"og:image\" content=\"https:\/\/thepueblatimes.mx\/wp-content\/uploads\/2021\/05\/B831E9A8-57E1-4DC2-B2B4-93FF193983FF.jpeg\" \/>\n\t<meta property=\"og:image:width\" content=\"750\" \/>\n\t<meta property=\"og:image:height\" content=\"412\" \/>\n\t<meta property=\"og:image:type\" content=\"image\/jpeg\" \/>\n<meta name=\"author\" content=\"Francisco S\u00e1nchez Nolasco\" \/>\n<meta name=\"twitter:card\" content=\"summary_large_image\" \/>\n<meta name=\"twitter:label1\" content=\"Escrito por\" \/>\n\t<meta name=\"twitter:data1\" content=\"Francisco S\u00e1nchez Nolasco\" \/>\n\t<meta name=\"twitter:label2\" content=\"Tiempo de lectura\" \/>\n\t<meta name=\"twitter:data2\" content=\"1 minuto\" \/>\n<script type=\"application\/ld+json\" class=\"yoast-schema-graph\">{\"@context\":\"https:\/\/schema.org\",\"@graph\":[{\"@type\":\"WebPage\",\"@id\":\"https:\/\/thepueblatimes.mx\/index.php\/2021\/05\/10\/arrojan-cadaver-de-mujer-al-fondo-de-una-barranca-en-tochtepec\/\",\"url\":\"https:\/\/thepueblatimes.mx\/index.php\/2021\/05\/10\/arrojan-cadaver-de-mujer-al-fondo-de-una-barranca-en-tochtepec\/\",\"name\":\"Arrojan cad\u00e1ver de mujer al fondo de una barranca en Tochtepec - The Puebla Times\",\"isPartOf\":{\"@id\":\"https:\/\/thepueblatimes.mx\/#website\"},\"datePublished\":\"2021-05-11T00:48:15+00:00\",\"dateModified\":\"2021-05-11T00:48:15+00:00\",\"author\":{\"@id\":\"https:\/\/thepueblatimes.mx\/#\/schema\/person\/7bdf2adbc50078b104bba72b5612f774\"},\"breadcrumb\":{\"@id\":\"https:\/\/thepueblatimes.mx\/index.php\/2021\/05\/10\/arrojan-cadaver-de-mujer-al-fondo-de-una-barranca-en-tochtepec\/#breadcrumb\"},\"inLanguage\":\"es\",\"potentialAction\":[{\"@type\":\"ReadAction\",\"target\":[\"https:\/\/thepueblatimes.mx\/index.php\/2021\/05\/10\/arrojan-cadaver-de-mujer-al-fondo-de-una-barranca-en-tochtepec\/\"]}]},{\"@type\":\"BreadcrumbList\",\"@id\":\"https:\/\/thepueblatimes.mx\/index.php\/2021\/05\/10\/arrojan-cadaver-de-mujer-al-fondo-de-una-barranca-en-tochtepec\/#breadcrumb\",\"itemListElement\":[{\"@type\":\"ListItem\",\"position\":1,\"name\":\"Portada\",\"item\":\"https:\/\/thepueblatimes.mx\/\"},{\"@type\":\"ListItem\",\"position\":2,\"name\":\"Arrojan cad\u00e1ver de mujer al fondo de una barranca en Tochtepec\"}]},{\"@type\":\"WebSite\",\"@id\":\"https:\/\/thepueblatimes.mx\/#website\",\"url\":\"https:\/\/thepueblatimes.mx\/\",\"name\":\"The Puebla Times\",\"description\":\"Noticias del Estado de Puebla\",\"potentialAction\":[{\"@type\":\"SearchAction\",\"target\":{\"@type\":\"EntryPoint\",\"urlTemplate\":\"https:\/\/thepueblatimes.mx\/?s={search_term_string}\"},\"query-input\":\"required name=search_term_string\"}],\"inLanguage\":\"es\"},{\"@type\":\"Person\",\"@id\":\"https:\/\/thepueblatimes.mx\/#\/schema\/person\/7bdf2adbc50078b104bba72b5612f774\",\"name\":\"Francisco S\u00e1nchez Nolasco\",\"image\":{\"@type\":\"ImageObject\",\"inLanguage\":\"es\",\"@id\":\"https:\/\/thepueblatimes.mx\/#\/schema\/person\/image\/\",\"url\":\"https:\/\/secure.gravatar.com\/avatar\/6061d7d20b38bc2742a5218401b198d2?s=96&d=mm&r=g\",\"contentUrl\":\"https:\/\/secure.gravatar.com\/avatar\/6061d7d20b38bc2742a5218401b198d2?s=96&d=mm&r=g\",\"caption\":\"Francisco S\u00e1nchez Nolasco\"},\"url\":\"https:\/\/thepueblatimes.mx\/index.php\/author\/marianitha-reyes\/\"}]}<\/script>\n<!-- \/ Yoast SEO plugin. -->","yoast_head_json":{"title":"Arrojan cad\u00e1ver de mujer al fondo de una barranca en Tochtepec - The Puebla Times","robots":{"index":"index","follow":"follow","max-snippet":"max-snippet:-1","max-image-preview":"max-image-preview:large","max-video-preview":"max-video-preview:-1"},"canonical":"https:\/\/thepueblatimes.mx\/index.php\/2021\/05\/10\/arrojan-cadaver-de-mujer-al-fondo-de-una-barranca-en-tochtepec\/","og_locale":"es_ES","og_type":"article","og_title":"Arrojan cad\u00e1ver de mujer al fondo de una barranca en Tochtepec - The Puebla Times","og_description":"Tochtepec, Pue.- La tarde de este domingo fue encontrado el cad\u00e1ver de una mujer en avanzado estado de descomposici\u00f3n. El hecho se registr\u00f3 en el fondo de una barranca ubicada en el cerro conocido como Postollo El hecho fue informado de manera inmediata a elementos de la Polic\u00eda Municipal, quienes acudieron y confirmaron que se...","og_url":"https:\/\/thepueblatimes.mx\/index.php\/2021\/05\/10\/arrojan-cadaver-de-mujer-al-fondo-de-una-barranca-en-tochtepec\/","og_site_name":"The Puebla Times","article_published_time":"2021-05-11T00:48:15+00:00","og_image":[{"width":750,"height":412,"url":"https:\/\/thepueblatimes.mx\/wp-content\/uploads\/2021\/05\/B831E9A8-57E1-4DC2-B2B4-93FF193983FF.jpeg","type":"image\/jpeg"}],"author":"Francisco S\u00e1nchez Nolasco","twitter_card":"summary_large_image","twitter_misc":{"Escrito por":"Francisco S\u00e1nchez Nolasco","Tiempo de lectura":"1 minuto"},"schema":{"@context":"https:\/\/schema.org","@graph":[{"@type":"WebPage","@id":"https:\/\/thepueblatimes.mx\/index.php\/2021\/05\/10\/arrojan-cadaver-de-mujer-al-fondo-de-una-barranca-en-tochtepec\/","url":"https:\/\/thepueblatimes.mx\/index.php\/2021\/05\/10\/arrojan-cadaver-de-mujer-al-fondo-de-una-barranca-en-tochtepec\/","name":"Arrojan cad\u00e1ver de mujer al fondo de una barranca en Tochtepec - The Puebla Times","isPartOf":{"@id":"https:\/\/thepueblatimes.mx\/#website"},"datePublished":"2021-05-11T00:48:15+00:00","dateModified":"2021-05-11T00:48:15+00:00","author":{"@id":"https:\/\/thepueblatimes.mx\/#\/schema\/person\/7bdf2adbc50078b104bba72b5612f774"},"breadcrumb":{"@id":"https:\/\/thepueblatimes.mx\/index.php\/2021\/05\/10\/arrojan-cadaver-de-mujer-al-fondo-de-una-barranca-en-tochtepec\/#breadcrumb"},"inLanguage":"es","potentialAction":[{"@type":"ReadAction","target":["https:\/\/thepueblatimes.mx\/index.php\/2021\/05\/10\/arrojan-cadaver-de-mujer-al-fondo-de-una-barranca-en-tochtepec\/"]}]},{"@type":"BreadcrumbList","@id":"https:\/\/thepueblatimes.mx\/index.php\/2021\/05\/10\/arrojan-cadaver-de-mujer-al-fondo-de-una-barranca-en-tochtepec\/#breadcrumb","itemListElement":[{"@type":"ListItem","position":1,"name":"Portada","item":"https:\/\/thepueblatimes.mx\/"},{"@type":"ListItem","position":2,"name":"Arrojan cad\u00e1ver de mujer al fondo de una barranca en Tochtepec"}]},{"@type":"WebSite","@id":"https:\/\/thepueblatimes.mx\/#website","url":"https:\/\/thepueblatimes.mx\/","name":"The Puebla Times","description":"Noticias del Estado de Puebla","potentialAction":[{"@type":"SearchAction","target":{"@type":"EntryPoint","urlTemplate":"https:\/\/thepueblatimes.mx\/?s={search_term_string}"},"query-input":"required name=search_term_string"}],"inLanguage":"es"},{"@type":"Person","@id":"https:\/\/thepueblatimes.mx\/#\/schema\/person\/7bdf2adbc50078b104bba72b5612f774","name":"Francisco S\u00e1nchez Nolasco","image":{"@type":"ImageObject","inLanguage":"es","@id":"https:\/\/thepueblatimes.mx\/#\/schema\/person\/image\/","url":"https:\/\/secure.gravatar.com\/avatar\/6061d7d20b38bc2742a5218401b198d2?s=96&d=mm&r=g","contentUrl":"https:\/\/secure.gravatar.com\/avatar\/6061d7d20b38bc2742a5218401b198d2?s=96&d=mm&r=g","caption":"Francisco S\u00e1nchez Nolasco"},"url":"https:\/\/thepueblatimes.mx\/index.php\/author\/marianitha-reyes\/"}]}},"jetpack_featured_media_url":"https:\/\/thepueblatimes.mx\/wp-content\/uploads\/2021\/05\/B831E9A8-57E1-4DC2-B2B4-93FF193983FF.jpeg","_links":{"self":[{"href":"https:\/\/thepueblatimes.mx\/index.php\/wp-json\/wp\/v2\/posts\/13516"}],"collection":[{"href":"https:\/\/thepueblatimes.mx\/index.php\/wp-json\/wp\/v2\/posts"}],"about":[{"href":"https:\/\/thepueblatimes.mx\/index.php\/wp-json\/wp\/v2\/types\/post"}],"author":[{"embeddable":true,"href":"https:\/\/thepueblatimes.mx\/index.php\/wp-json\/wp\/v2\/users\/15"}],"replies":[{"embeddable":true,"href":"https:\/\/thepueblatimes.mx\/index.php\/wp-json\/wp\/v2\/comments?post=13516"}],"version-history":[{"count":1,"href":"https:\/\/thepueblatimes.mx\/index.php\/wp-json\/wp\/v2\/posts\/13516\/revisions"}],"predecessor-version":[{"id":13518,"href":"https:\/\/thepueblatimes.mx\/index.php\/wp-json\/wp\/v2\/posts\/13516\/revisions\/13518"}],"wp:featuredmedia":[{"embeddable":true,"href":"https:\/\/thepueblatimes.mx\/index.php\/wp-json\/wp\/v2\/media\/13517"}],"wp:attachment":[{"href":"https:\/\/thepueblatimes.mx\/index.php\/wp-json\/wp\/v2\/media?parent=13516"}],"wp:term":[{"taxonomy":"category","embeddable":true,"href":"https:\/\/thepueblatimes.mx\/index.php\/wp-json\/wp\/v2\/categories?post=13516"},{"taxonomy":"post_tag","embeddable":true,"href":"https:\/\/thepueblatimes.mx\/index.php\/wp-json\/wp\/v2\/tags?post=13516"}],"curies":[{"name":"wp","href":"https:\/\/api.w.org\/{rel}","templated":true}]}}