{"id":13506,"date":"2021-05-09T20:33:16","date_gmt":"2021-05-10T01:33:16","guid":{"rendered":"https:\/\/thepueblatimes.mx\/?p=13506"},"modified":"2021-05-09T20:33:16","modified_gmt":"2021-05-10T01:33:16","slug":"campanas-de-cabeza","status":"publish","type":"post","link":"https:\/\/thepueblatimes.mx\/index.php\/2021\/05\/09\/campanas-de-cabeza\/","title":{"rendered":"Campa\u00f1as de cabeza"},"content":{"rendered":"<p>Dentro de los partidos pol\u00edticos que emergen para hacer campa\u00f1a, hay una serie de personajes que pareciera no importarles su mala reputaci\u00f3n; y pese a ello hacen campa\u00f1a, sabiendo que cargan a cuestas el desprestigio que puede propiciar la derrota; no obstante lo anterior, al ser por lo mismo una carga para sus institutos pol\u00edticos, no vacilan en se\u00f1alar a personajes externos, como los responsables de su ya anunciado fracaso, en este ejercicio electoral del 2021 en M\u00e9xico.<\/p>\n<p>La primera en hacer lo propio por tales causas es Claudia Rivera Vivanco, quien se\u00f1ala directamente al gobernador Luis Miguel Barbosa Huerta y al diputado Gabriel Biestro Medinilla, de su anunciado fracaso, del que ser\u00eda bueno que tomara en cuenta las circunstancias imperantes del caso:<\/p>\n<p>1.-Se impuso como candidata a presidenta municipal, pese a que la encuesta que supuestamente servir\u00eda para medir y valorar a los aspirantes al cargo NUNCA existi\u00f3, y que goz\u00f3 de la complicidad de obscuros personajes como Edgar Garmendia y Carlos Evangelista Aniceto, para consumar su burda imposici\u00f3n.<\/p>\n<p>2.-que su trabajo es p\u00e9simo por decir lo m\u00e1s amable, y sus yerros dignos de llevar a la c\u00e1rcel a cuando menos tres funcionarios: Ren\u00e9 S\u00e1nchez Galindo, Lourdes Rosales y su hermana (por aquello de las despensas de arroz con gorgojos)<\/p>\n<p>3.-por la infraestructura patito, (bolardos y letreros insensatos, y el latrocinio de la obra zocalera, habiendo tantas colonias sin agua, pavimentaci\u00f3n, drenaje etc, etc, etc\u2026)<\/p>\n<p>4.-que debido al \u201csupuesto\u201d trabajo sucio del gobernador y Gabriel Biestro, se estaba alentando el regreso de pri\u00edstas y panistas, cuando los mismos, regresaron con ella misma, y si no lo cree, que le pregunte a Iv\u00e1n Galindo y a Zatara\u00edn (el gal\u00e1n inc\u00f3modo y el director de infraestructura f\u00e1ctico), quienes ya regresaron, desde el primer d\u00eda de su mandato; adem\u00e1s de quienes se fueron integrando, como el caso de la marinista Magaly Herrera.<\/p>\n<p>5.-adem\u00e1s de ello, la presidenta con licencia ha dicho que las protestas suscitadas en los recorridos de su campa\u00f1a reeleccionista, fueron orquestados por los personajes antes citados; no queriendo ver, que en realidad son el verdadero fruto de sus acciones y sus pol\u00edticas municipales.<\/p>\n<p>El segundo en la lista de los quejosos es V\u00edctor Toledo, quien carga a cuestas la persecuci\u00f3n de la clase pol\u00edtica de la ciudad de M\u00e9xico, y que a trav\u00e9s de una carta escrita a la dirigencia nacional, le echa la culpa a la diputada local Vianey Garc\u00eda, de su desafortunada compa\u00f1a, no tomando en cuenta los negativos que arrastra desde la ciudad de M\u00e9xico, pues no en balde lo quieren linchar personajes como Bertha Luj\u00e1n y compa\u00f1\u00eda.<\/p>\n<p>El problema central no es el gobernador ni es Biestro, el problema central es nacional, es estructural y es simple: secuestraron a MORENA los pri\u00edstas, y ya vi\u00e9ndose perdidos, andan buscando culpables anticipadamente, pues saben que van a perder.<\/p>\n<p>En respuesta a ello, la izquierda hist\u00f3rica (los que militaron en la izquierda desde el PCCM, PRT, PSUM, PFCRN, PRD y MORENA), van a deslindarse de las campa\u00f1as electorales y van a puntualizar su postura frente a las imposiciones, pues hablando en plata, no van a cargar con el muerto junto con los pri\u00edstas Ricardo Monreal y Mario Delgado.<\/p>\n<p>Finalmente basta decir que ahora que la izquierda hist\u00f3rica (la que puso los muertos en el 68, en el 71, en el 73, en el 75, en aguas blancas, en Ayotzinapa, etc, etc, etc\u2026), no va a jalar con el partido MORENA, versi\u00f3n tricolor, por lo que; si pierde Claudia Rivera Vivanco, no va a tenerle a quien echarle la culpa, y a ver que hace ahora que la oposici\u00f3n, tome el control del ayuntamiento de la capital del estado.<\/p>\n<p>&nbsp;<\/p>\n","protected":false},"excerpt":{"rendered":"<p>Dentro de los partidos pol\u00edticos que emergen para hacer campa\u00f1a, hay una serie de personajes que pareciera no importarles su mala reputaci\u00f3n; y pese a ello hacen campa\u00f1a<\/p>\n","protected":false},"author":12,"featured_media":13507,"comment_status":"open","ping_status":"open","sticky":false,"template":"","format":"standard","meta":[],"categories":[3,10,8],"tags":[598,152,66,49],"yoast_head":"<!-- This site is optimized with the Yoast SEO plugin v20.8 - https:\/\/yoast.com\/wordpress\/plugins\/seo\/ -->\n<title>Campa\u00f1as de cabeza - The Puebla Times<\/title>\n<meta name=\"robots\" content=\"index, follow, max-snippet:-1, max-image-preview:large, max-video-preview:-1\" \/>\n<link rel=\"canonical\" href=\"https:\/\/thepueblatimes.mx\/index.php\/2021\/05\/09\/campanas-de-cabeza\/\" \/>\n<meta property=\"og:locale\" content=\"es_ES\" \/>\n<meta property=\"og:type\" content=\"article\" \/>\n<meta property=\"og:title\" content=\"Campa\u00f1as de cabeza - The Puebla Times\" \/>\n<meta property=\"og:description\" content=\"Dentro de los partidos pol\u00edticos que emergen para hacer campa\u00f1a, hay una serie de personajes que pareciera no importarles su mala reputaci\u00f3n; y pese a ello hacen campa\u00f1a\" \/>\n<meta property=\"og:url\" content=\"https:\/\/thepueblatimes.mx\/index.php\/2021\/05\/09\/campanas-de-cabeza\/\" \/>\n<meta property=\"og:site_name\" content=\"The Puebla Times\" \/>\n<meta property=\"article:published_time\" content=\"2021-05-10T01:33:16+00:00\" \/>\n<meta property=\"og:image\" content=\"https:\/\/thepueblatimes.mx\/wp-content\/uploads\/2021\/05\/rivera.jpeg\" \/>\n\t<meta property=\"og:image:width\" content=\"936\" \/>\n\t<meta property=\"og:image:height\" content=\"566\" \/>\n\t<meta property=\"og:image:type\" content=\"image\/jpeg\" \/>\n<meta name=\"author\" content=\"Claudio De la Llata\" \/>\n<meta name=\"twitter:card\" content=\"summary_large_image\" \/>\n<meta name=\"twitter:label1\" content=\"Escrito por\" \/>\n\t<meta name=\"twitter:data1\" content=\"Claudio De la Llata\" \/>\n\t<meta name=\"twitter:label2\" content=\"Tiempo de lectura\" \/>\n\t<meta name=\"twitter:data2\" content=\"3 minutos\" \/>\n<script type=\"application\/ld+json\" class=\"yoast-schema-graph\">{\"@context\":\"https:\/\/schema.org\",\"@graph\":[{\"@type\":\"WebPage\",\"@id\":\"https:\/\/thepueblatimes.mx\/index.php\/2021\/05\/09\/campanas-de-cabeza\/\",\"url\":\"https:\/\/thepueblatimes.mx\/index.php\/2021\/05\/09\/campanas-de-cabeza\/\",\"name\":\"Campa\u00f1as de cabeza - The Puebla Times\",\"isPartOf\":{\"@id\":\"https:\/\/thepueblatimes.mx\/#website\"},\"datePublished\":\"2021-05-10T01:33:16+00:00\",\"dateModified\":\"2021-05-10T01:33:16+00:00\",\"author\":{\"@id\":\"https:\/\/thepueblatimes.mx\/#\/schema\/person\/bbda7d16f8de72bedcf28a980dfbc8ad\"},\"breadcrumb\":{\"@id\":\"https:\/\/thepueblatimes.mx\/index.php\/2021\/05\/09\/campanas-de-cabeza\/#breadcrumb\"},\"inLanguage\":\"es\",\"potentialAction\":[{\"@type\":\"ReadAction\",\"target\":[\"https:\/\/thepueblatimes.mx\/index.php\/2021\/05\/09\/campanas-de-cabeza\/\"]}]},{\"@type\":\"BreadcrumbList\",\"@id\":\"https:\/\/thepueblatimes.mx\/index.php\/2021\/05\/09\/campanas-de-cabeza\/#breadcrumb\",\"itemListElement\":[{\"@type\":\"ListItem\",\"position\":1,\"name\":\"Portada\",\"item\":\"https:\/\/thepueblatimes.mx\/\"},{\"@type\":\"ListItem\",\"position\":2,\"name\":\"Campa\u00f1as de cabeza\"}]},{\"@type\":\"WebSite\",\"@id\":\"https:\/\/thepueblatimes.mx\/#website\",\"url\":\"https:\/\/thepueblatimes.mx\/\",\"name\":\"The Puebla Times\",\"description\":\"Noticias del Estado de Puebla\",\"potentialAction\":[{\"@type\":\"SearchAction\",\"target\":{\"@type\":\"EntryPoint\",\"urlTemplate\":\"https:\/\/thepueblatimes.mx\/?s={search_term_string}\"},\"query-input\":\"required name=search_term_string\"}],\"inLanguage\":\"es\"},{\"@type\":\"Person\",\"@id\":\"https:\/\/thepueblatimes.mx\/#\/schema\/person\/bbda7d16f8de72bedcf28a980dfbc8ad\",\"name\":\"Claudio De la Llata\",\"image\":{\"@type\":\"ImageObject\",\"inLanguage\":\"es\",\"@id\":\"https:\/\/thepueblatimes.mx\/#\/schema\/person\/image\/\",\"url\":\"https:\/\/secure.gravatar.com\/avatar\/00548df3da11cad70e6ec0c1e51bd2f9?s=96&d=mm&r=g\",\"contentUrl\":\"https:\/\/secure.gravatar.com\/avatar\/00548df3da11cad70e6ec0c1e51bd2f9?s=96&d=mm&r=g\",\"caption\":\"Claudio De la Llata\"},\"url\":\"https:\/\/thepueblatimes.mx\/index.php\/author\/cluadiodelallata\/\"}]}<\/script>\n<!-- \/ Yoast SEO plugin. -->","yoast_head_json":{"title":"Campa\u00f1as de cabeza - The Puebla Times","robots":{"index":"index","follow":"follow","max-snippet":"max-snippet:-1","max-image-preview":"max-image-preview:large","max-video-preview":"max-video-preview:-1"},"canonical":"https:\/\/thepueblatimes.mx\/index.php\/2021\/05\/09\/campanas-de-cabeza\/","og_locale":"es_ES","og_type":"article","og_title":"Campa\u00f1as de cabeza - The Puebla Times","og_description":"Dentro de los partidos pol\u00edticos que emergen para hacer campa\u00f1a, hay una serie de personajes que pareciera no importarles su mala reputaci\u00f3n; y pese a ello hacen campa\u00f1a","og_url":"https:\/\/thepueblatimes.mx\/index.php\/2021\/05\/09\/campanas-de-cabeza\/","og_site_name":"The Puebla Times","article_published_time":"2021-05-10T01:33:16+00:00","og_image":[{"width":936,"height":566,"url":"https:\/\/thepueblatimes.mx\/wp-content\/uploads\/2021\/05\/rivera.jpeg","type":"image\/jpeg"}],"author":"Claudio De la Llata","twitter_card":"summary_large_image","twitter_misc":{"Escrito por":"Claudio De la Llata","Tiempo de lectura":"3 minutos"},"schema":{"@context":"https:\/\/schema.org","@graph":[{"@type":"WebPage","@id":"https:\/\/thepueblatimes.mx\/index.php\/2021\/05\/09\/campanas-de-cabeza\/","url":"https:\/\/thepueblatimes.mx\/index.php\/2021\/05\/09\/campanas-de-cabeza\/","name":"Campa\u00f1as de cabeza - The Puebla Times","isPartOf":{"@id":"https:\/\/thepueblatimes.mx\/#website"},"datePublished":"2021-05-10T01:33:16+00:00","dateModified":"2021-05-10T01:33:16+00:00","author":{"@id":"https:\/\/thepueblatimes.mx\/#\/schema\/person\/bbda7d16f8de72bedcf28a980dfbc8ad"},"breadcrumb":{"@id":"https:\/\/thepueblatimes.mx\/index.php\/2021\/05\/09\/campanas-de-cabeza\/#breadcrumb"},"inLanguage":"es","potentialAction":[{"@type":"ReadAction","target":["https:\/\/thepueblatimes.mx\/index.php\/2021\/05\/09\/campanas-de-cabeza\/"]}]},{"@type":"BreadcrumbList","@id":"https:\/\/thepueblatimes.mx\/index.php\/2021\/05\/09\/campanas-de-cabeza\/#breadcrumb","itemListElement":[{"@type":"ListItem","position":1,"name":"Portada","item":"https:\/\/thepueblatimes.mx\/"},{"@type":"ListItem","position":2,"name":"Campa\u00f1as de cabeza"}]},{"@type":"WebSite","@id":"https:\/\/thepueblatimes.mx\/#website","url":"https:\/\/thepueblatimes.mx\/","name":"The Puebla Times","description":"Noticias del Estado de Puebla","potentialAction":[{"@type":"SearchAction","target":{"@type":"EntryPoint","urlTemplate":"https:\/\/thepueblatimes.mx\/?s={search_term_string}"},"query-input":"required name=search_term_string"}],"inLanguage":"es"},{"@type":"Person","@id":"https:\/\/thepueblatimes.mx\/#\/schema\/person\/bbda7d16f8de72bedcf28a980dfbc8ad","name":"Claudio De la Llata","image":{"@type":"ImageObject","inLanguage":"es","@id":"https:\/\/thepueblatimes.mx\/#\/schema\/person\/image\/","url":"https:\/\/secure.gravatar.com\/avatar\/00548df3da11cad70e6ec0c1e51bd2f9?s=96&d=mm&r=g","contentUrl":"https:\/\/secure.gravatar.com\/avatar\/00548df3da11cad70e6ec0c1e51bd2f9?s=96&d=mm&r=g","caption":"Claudio De la Llata"},"url":"https:\/\/thepueblatimes.mx\/index.php\/author\/cluadiodelallata\/"}]}},"jetpack_featured_media_url":"https:\/\/thepueblatimes.mx\/wp-content\/uploads\/2021\/05\/rivera.jpeg","_links":{"self":[{"href":"https:\/\/thepueblatimes.mx\/index.php\/wp-json\/wp\/v2\/posts\/13506"}],"collection":[{"href":"https:\/\/thepueblatimes.mx\/index.php\/wp-json\/wp\/v2\/posts"}],"about":[{"href":"https:\/\/thepueblatimes.mx\/index.php\/wp-json\/wp\/v2\/types\/post"}],"author":[{"embeddable":true,"href":"https:\/\/thepueblatimes.mx\/index.php\/wp-json\/wp\/v2\/users\/12"}],"replies":[{"embeddable":true,"href":"https:\/\/thepueblatimes.mx\/index.php\/wp-json\/wp\/v2\/comments?post=13506"}],"version-history":[{"count":1,"href":"https:\/\/thepueblatimes.mx\/index.php\/wp-json\/wp\/v2\/posts\/13506\/revisions"}],"predecessor-version":[{"id":13508,"href":"https:\/\/thepueblatimes.mx\/index.php\/wp-json\/wp\/v2\/posts\/13506\/revisions\/13508"}],"wp:featuredmedia":[{"embeddable":true,"href":"https:\/\/thepueblatimes.mx\/index.php\/wp-json\/wp\/v2\/media\/13507"}],"wp:attachment":[{"href":"https:\/\/thepueblatimes.mx\/index.php\/wp-json\/wp\/v2\/media?parent=13506"}],"wp:term":[{"taxonomy":"category","embeddable":true,"href":"https:\/\/thepueblatimes.mx\/index.php\/wp-json\/wp\/v2\/categories?post=13506"},{"taxonomy":"post_tag","embeddable":true,"href":"https:\/\/thepueblatimes.mx\/index.php\/wp-json\/wp\/v2\/tags?post=13506"}],"curies":[{"name":"wp","href":"https:\/\/api.w.org\/{rel}","templated":true}]}}